{"id":7478,"date":"2020-07-17T15:44:28","date_gmt":"2020-07-17T15:44:28","guid":{"rendered":"http:\/\/conadi.gob.gt\/web\/?p=7478"},"modified":"2020-07-17T15:44:28","modified_gmt":"2020-07-17T15:44:28","slug":"conadi-promueve-la-implementacion-de-formatos-accesibles-en-plataformas-informativas","status":"publish","type":"post","link":"https:\/\/conadi.gob.gt\/web\/conadi-promueve-la-implementacion-de-formatos-accesibles-en-plataformas-informativas\/","title":{"rendered":"CONADI PROMUEVE LA IMPLEMENTACI\u00d3N DE FORMATOS ACCESIBLES EN PLATAFORMAS INFORMATIVAS"},"content":{"rendered":"<p><span style=\"color: #999999;\"><em>El CONADI brindar\u00e1 capacitaci\u00f3n sobre el abordaje de la discapacidad y la generaci\u00f3n de informaci\u00f3n accesible en plataformas digitales.<\/em><\/span><\/p>\n<p>El webinario \u201cAbordaje y Accesibilidad sobre Discapacidad en las Plataformas Digitales\u201d, ser\u00e1 impartido por el Consejo Nacional para la Atenci\u00f3n de las Personas con Discapacidad (CONADI) a trav\u00e9s de su Direcci\u00f3n de Comunicaci\u00f3n Social. Las orientaciones est\u00e1n dirigidas a Comunicadores Sociales de gobierno.<\/p>\n<p>Este webinario tiene el prop\u00f3sito de dar a conocer los medios y formatos accesibles digitales que deben emplearse para que la informaci\u00f3n llegue a la poblaci\u00f3n con discapacidad, mismos que debe implementar el sector p\u00fablico y privado para garantizar el derecho a la informaci\u00f3n y comunicaci\u00f3n del colectivo en referencia.<\/p>\n<p>La actividad se llevar\u00e1 a cabo el mi\u00e9rcoles 29 de julio del presente a\u00f1o a partir de las 10:00 horas. Las personas interesadas deber\u00e1n registrarse del 17 al 27 del presente mes al correo <a href=\"mailto:conadi@conadi.gob.gt\">conadi@conadi.gob.gt<\/a>, y posteriormente se les enviar\u00e1 el enlace de la reuni\u00f3n.<\/p>\n<p>Los temas que se abordar\u00e1n son: uso correcto de la terminolog\u00eda, la imagen de las personas con discapacidad, recomendaciones de la ONU sobre Toma de Conciencia y mecanismos para la generaci\u00f3n de informaci\u00f3n en formatos accesibles para las diferentes plataformas digitales.<\/p>\n<p>Debe ponerse en relieve, que la tecnolog\u00eda ha sido un elemento clave en esta \u00e9poca de pandemia, es por ello que el Conadi promueve la implementaci\u00f3n de herramientas digitales accesibles y dar cumplimiento de esta manera a los diferentes instrumentos de derechos humanos en beneficio de las personas con discapacidad que ha adoptado el pa\u00eds.<\/p>\n<p><a href=\"https:\/\/conadi.gob.gt\/web\/wp-content\/uploads\/2020\/07\/WhatsApp-Image-2020-07-16-at-10.18.06-PM.jpeg\"><img loading=\"lazy\" decoding=\"async\" class=\"alignnone size-medium wp-image-7479\" src=\"https:\/\/conadi.gob.gt\/web\/wp-content\/uploads\/2020\/07\/WhatsApp-Image-2020-07-16-at-10.18.06-PM-300x188.jpeg\" alt=\"\" width=\"300\" height=\"188\" srcset=\"https:\/\/conadi.gob.gt\/web\/wp-content\/uploads\/2020\/07\/WhatsApp-Image-2020-07-16-at-10.18.06-PM-300x188.jpeg 300w, https:\/\/conadi.gob.gt\/web\/wp-content\/uploads\/2020\/07\/WhatsApp-Image-2020-07-16-at-10.18.06-PM-768x480.jpeg 768w, https:\/\/conadi.gob.gt\/web\/wp-content\/uploads\/2020\/07\/WhatsApp-Image-2020-07-16-at-10.18.06-PM-1024x640.jpeg 1024w, https:\/\/conadi.gob.gt\/web\/wp-content\/uploads\/2020\/07\/WhatsApp-Image-2020-07-16-at-10.18.06-PM-120x76.jpeg 120w, https:\/\/conadi.gob.gt\/web\/wp-content\/uploads\/2020\/07\/WhatsApp-Image-2020-07-16-at-10.18.06-PM-274x173.jpeg 274w, https:\/\/conadi.gob.gt\/web\/wp-content\/uploads\/2020\/07\/WhatsApp-Image-2020-07-16-at-10.18.06-PM-308x192.jpeg 308w, https:\/\/conadi.gob.gt\/web\/wp-content\/uploads\/2020\/07\/WhatsApp-Image-2020-07-16-at-10.18.06-PM-610x380.jpeg 610w, https:\/\/conadi.gob.gt\/web\/wp-content\/uploads\/2020\/07\/WhatsApp-Image-2020-07-16-at-10.18.06-PM-822x512.jpeg 822w, https:\/\/conadi.gob.gt\/web\/wp-content\/uploads\/2020\/07\/WhatsApp-Image-2020-07-16-at-10.18.06-PM.jpeg 1280w\" sizes=\"auto, (max-width: 300px) 100vw, 300px\" \/><\/a><\/p>\n","protected":false},"excerpt":{"rendered":"<p>El CONADI brindar\u00e1 capacitaci\u00f3n sobre el abordaje de la discapacidad y la generaci\u00f3n de informaci\u00f3n accesible en plataformas digitales. El webinario \u201cAbordaje y Accesibilidad sobre Discapacidad en las Plataformas Digitales\u201d, ser\u00e1 impartido por el Consejo Nacional para la Atenci\u00f3n de las Personas con Discapacidad (CONADI) a trav\u00e9s de su Direcci\u00f3n de Comunicaci\u00f3n Social. Las orientaciones &hellip; <\/p>\n<p class=\"link-more\"><a href=\"https:\/\/conadi.gob.gt\/web\/conadi-promueve-la-implementacion-de-formatos-accesibles-en-plataformas-informativas\/\" class=\"more-link\">Leer m\u00e1s<span class=\"screen-reader-text\"> \u00abCONADI PROMUEVE LA IMPLEMENTACI\u00d3N DE FORMATOS ACCESIBLES EN PLATAFORMAS INFORMATIVAS\u00bb<\/span><\/a><\/p>\n","protected":false},"author":12,"featured_media":7479,"comment_status":"open","ping_status":"closed","sticky":false,"template":"","format":"standard","meta":{"footnotes":""},"categories":[3],"tags":[],"class_list":["post-7478","post","type-post","status-publish","format-standard","has-post-thumbnail","hentry","category-noticias"],"_links":{"self":[{"href":"https:\/\/conadi.gob.gt\/web\/wp-json\/wp\/v2\/posts\/7478","targetHints":{"allow":["GET"]}}],"collection":[{"href":"https:\/\/conadi.gob.gt\/web\/wp-json\/wp\/v2\/posts"}],"about":[{"href":"https:\/\/conadi.gob.gt\/web\/wp-json\/wp\/v2\/types\/post"}],"author":[{"embeddable":true,"href":"https:\/\/conadi.gob.gt\/web\/wp-json\/wp\/v2\/users\/12"}],"replies":[{"embeddable":true,"href":"https:\/\/conadi.gob.gt\/web\/wp-json\/wp\/v2\/comments?post=7478"}],"version-history":[{"count":1,"href":"https:\/\/conadi.gob.gt\/web\/wp-json\/wp\/v2\/posts\/7478\/revisions"}],"predecessor-version":[{"id":7480,"href":"https:\/\/conadi.gob.gt\/web\/wp-json\/wp\/v2\/posts\/7478\/revisions\/7480"}],"wp:featuredmedia":[{"embeddable":true,"href":"https:\/\/conadi.gob.gt\/web\/wp-json\/wp\/v2\/media\/7479"}],"wp:attachment":[{"href":"https:\/\/conadi.gob.gt\/web\/wp-json\/wp\/v2\/media?parent=7478"}],"wp:term":[{"taxonomy":"category","embeddable":true,"href":"https:\/\/conadi.gob.gt\/web\/wp-json\/wp\/v2\/categories?post=7478"},{"taxonomy":"post_tag","embeddable":true,"href":"https:\/\/conadi.gob.gt\/web\/wp-json\/wp\/v2\/tags?post=7478"}],"curies":[{"name":"wp","href":"https:\/\/api.w.org\/{rel}","templated":true}]}}