{"id":7485,"date":"2020-07-23T22:36:22","date_gmt":"2020-07-23T22:36:22","guid":{"rendered":"http:\/\/conadi.gob.gt\/web\/?p=7485"},"modified":"2020-08-12T17:22:08","modified_gmt":"2020-08-12T17:22:08","slug":"conadi-promueve-los-derechos-de-las-personas-con-discapacidad-a-traves-de-webinarios","status":"publish","type":"post","link":"https:\/\/conadi.gob.gt\/web\/conadi-promueve-los-derechos-de-las-personas-con-discapacidad-a-traves-de-webinarios\/","title":{"rendered":"CONADI PROMUEVE LOS DERECHOS DE LAS PERSONAS CON DISCAPACIDAD A TRAV\u00c9S DE WEBINARIOS"},"content":{"rendered":"<p>Una serie de webinarios imparte el Consejo Nacional para la Atenci\u00f3n de las Personas con Discapacidad (CONADI) con el prop\u00f3sito\u00a0de abordar los asuntos de discapacidad en diferentes \u00e1mbitos como: trabajo, accesibilidad, toma de conciencia, igualdad e inclusi\u00f3n de las personas con discapacidad ante la crisis sanitaria provocada por el COVID-19.<\/p>\n<p><span style=\"color: #3366ff;\"><strong><em>Toma de conciencia, igualdad e inclusi\u00f3n <\/em><\/strong><\/span><\/p>\n<p>El Conadi con la asesor\u00eda t\u00e9cnica de la Oficina del Alto Comisionado de las Naciones Unidas para los Derechos Humanos en Guatemala (OACNUDH) ha promovido el \u201cModelo para la atenci\u00f3n de las personas con discapacidad\u201d, el cual a la fecha lleva tres seminarios web, donde se han abordado diferentes temas, como: principios para la consulta a personas con discapacidad; buenas pr\u00e1cticas sobre la participaci\u00f3n y consulta a personas con discapacidad y est\u00e1ndares internacionales de derechos humanos. En estos webinarios se ha contado con la participaci\u00f3n de diferentes expertos internacionales y de la presidente del CONADI, Rosa Idalia Aldana.<\/p>\n<p>Este ciclo de webinarios contribuir\u00e1n a la producci\u00f3n de conocimiento y a la generaci\u00f3n de capacidades en cuestiones imprescindibles para profundizar el di\u00e1logo y avanzar en la transformaci\u00f3n de una sociedad inclusiva.<\/p>\n<p>De acuerdo a datos de encuestas sobre discapacidad en Guatemala, el 85% de la poblaci\u00f3n que vive en condici\u00f3n de discapacidad no cuenta con una fuente de ingreso; el 13% se desempe\u00f1aba en la econom\u00eda informal, pero debido a la pandemia no ha podido realizar sus actividades y solo el 2% cuenta con empleo con relaci\u00f3n de dependencia laboral.<\/p>\n<p><span style=\"color: #3366ff;\"><strong><em>Trabajo<\/em><\/strong><\/span><\/p>\n<p>Ante la falta de oportunidades de empleo, el Conadi en coordinaci\u00f3n con el Ministerio de Trabajo y Previsi\u00f3n Social ha organizado la serie de talleres virtuales para la socializaci\u00f3n del proyecto de \u201cPropuesta de iniciativa de Ley para el Fomento al Trabajo, Empleo y Emprendimiento para personas con Discapacidad\u201d, estos talleres ser\u00e1n dirigidos a organizaciones de y para personas con discapacidad, instituciones del sector p\u00fablico, empresas y c\u00e1maras del sector privado.<\/p>\n<p><span style=\"color: #3366ff;\"><strong><em>Accesibilidad y terminolog\u00eda correcta<\/em><\/strong><\/span><\/p>\n<p>En el tema de formaci\u00f3n y orientaci\u00f3n sobre el abordaje de terminolog\u00eda y formatos accesibles en la tem\u00e1tica de discapacidad desde la orientaci\u00f3n de la Convenci\u00f3n Sobre los Derechos de las Personas con Discapacidad, a trav\u00e9s de la Direcci\u00f3n de Comunicaci\u00f3n Social de esta instituci\u00f3n, ha organizado diversos talleres virtuales, entre estos el taller \u201cTerminolog\u00eda sobre discapacidad y principales instrumentos de derechos de las personas en beneficio del sector\u201d dirigido al personal de ASODAWN y organizaciones de Alta Verapaz.<\/p>\n<p>El 29 de julio del presente a\u00f1os, se brindar\u00e1 la capacitaci\u00f3n virtual \u201cAbordaje y accesibilidad sobre las plataformas digitales\u201d dirigida a comunicadores de entidades de gobierno.<\/p>\n<p>Con estas acciones, el Conadi sigue promoviendo la inclusi\u00f3n laboral de 1 mill\u00f3n 600 mil de guatemaltecos que viven en condici\u00f3n de discapacidad, de los cuales un alto porcentaje\u00a0se encuentra en pobreza y pobreza extrema.<\/p>\n<p>&nbsp;<\/p>\n<p>&nbsp;<\/p>\n<figure id=\"attachment_7587\" aria-describedby=\"caption-attachment-7587\" style=\"width: 1024px\" class=\"wp-caption aligncenter\"><a href=\"https:\/\/conadi.gob.gt\/web\/wp-content\/uploads\/2020\/07\/WhatsApp-Image-2020-07-22-at-3.03.47-PM.jpeg\"><img loading=\"lazy\" decoding=\"async\" class=\"size-large wp-image-7587\" src=\"https:\/\/conadi.gob.gt\/web\/wp-content\/uploads\/2020\/07\/WhatsApp-Image-2020-07-22-at-3.03.47-PM-1024x640.jpeg\" alt=\"El CONADI desarrolla webinarios con diversas tem\u00e1ticas\" width=\"1024\" height=\"640\" srcset=\"https:\/\/conadi.gob.gt\/web\/wp-content\/uploads\/2020\/07\/WhatsApp-Image-2020-07-22-at-3.03.47-PM-1024x640.jpeg 1024w, https:\/\/conadi.gob.gt\/web\/wp-content\/uploads\/2020\/07\/WhatsApp-Image-2020-07-22-at-3.03.47-PM-300x188.jpeg 300w, https:\/\/conadi.gob.gt\/web\/wp-content\/uploads\/2020\/07\/WhatsApp-Image-2020-07-22-at-3.03.47-PM-768x480.jpeg 768w, https:\/\/conadi.gob.gt\/web\/wp-content\/uploads\/2020\/07\/WhatsApp-Image-2020-07-22-at-3.03.47-PM-120x76.jpeg 120w, https:\/\/conadi.gob.gt\/web\/wp-content\/uploads\/2020\/07\/WhatsApp-Image-2020-07-22-at-3.03.47-PM-308x192.jpeg 308w, https:\/\/conadi.gob.gt\/web\/wp-content\/uploads\/2020\/07\/WhatsApp-Image-2020-07-22-at-3.03.47-PM-610x380.jpeg 610w, https:\/\/conadi.gob.gt\/web\/wp-content\/uploads\/2020\/07\/WhatsApp-Image-2020-07-22-at-3.03.47-PM.jpeg 1280w\" sizes=\"auto, (max-width: 1024px) 100vw, 1024px\" \/><\/a><figcaption id=\"caption-attachment-7587\" class=\"wp-caption-text\">El CONADI lleva a cabo diversos Webinarios con el prop\u00f3sito de promover los derechos de las personas con discapacidad<\/figcaption><\/figure>\n","protected":false},"excerpt":{"rendered":"<p>Una serie de webinarios imparte el Consejo Nacional para la Atenci\u00f3n de las Personas con Discapacidad (CONADI) con el prop\u00f3sito\u00a0de abordar los asuntos de discapacidad en diferentes \u00e1mbitos como: trabajo, accesibilidad, toma de conciencia, igualdad e inclusi\u00f3n de las personas con discapacidad ante la crisis sanitaria provocada por el COVID-19. Toma de conciencia, igualdad e &hellip; <\/p>\n<p class=\"link-more\"><a href=\"https:\/\/conadi.gob.gt\/web\/conadi-promueve-los-derechos-de-las-personas-con-discapacidad-a-traves-de-webinarios\/\" class=\"more-link\">Leer m\u00e1s<span class=\"screen-reader-text\"> \u00abCONADI PROMUEVE LOS DERECHOS DE LAS PERSONAS CON DISCAPACIDAD A TRAV\u00c9S DE WEBINARIOS\u00bb<\/span><\/a><\/p>\n","protected":false},"author":12,"featured_media":7587,"comment_status":"open","ping_status":"closed","sticky":false,"template":"","format":"standard","meta":{"footnotes":""},"categories":[3],"tags":[],"class_list":["post-7485","post","type-post","status-publish","format-standard","has-post-thumbnail","hentry","category-noticias"],"_links":{"self":[{"href":"https:\/\/conadi.gob.gt\/web\/wp-json\/wp\/v2\/posts\/7485","targetHints":{"allow":["GET"]}}],"collection":[{"href":"https:\/\/conadi.gob.gt\/web\/wp-json\/wp\/v2\/posts"}],"about":[{"href":"https:\/\/conadi.gob.gt\/web\/wp-json\/wp\/v2\/types\/post"}],"author":[{"embeddable":true,"href":"https:\/\/conadi.gob.gt\/web\/wp-json\/wp\/v2\/users\/12"}],"replies":[{"embeddable":true,"href":"https:\/\/conadi.gob.gt\/web\/wp-json\/wp\/v2\/comments?post=7485"}],"version-history":[{"count":4,"href":"https:\/\/conadi.gob.gt\/web\/wp-json\/wp\/v2\/posts\/7485\/revisions"}],"predecessor-version":[{"id":7590,"href":"https:\/\/conadi.gob.gt\/web\/wp-json\/wp\/v2\/posts\/7485\/revisions\/7590"}],"wp:featuredmedia":[{"embeddable":true,"href":"https:\/\/conadi.gob.gt\/web\/wp-json\/wp\/v2\/media\/7587"}],"wp:attachment":[{"href":"https:\/\/conadi.gob.gt\/web\/wp-json\/wp\/v2\/media?parent=7485"}],"wp:term":[{"taxonomy":"category","embeddable":true,"href":"https:\/\/conadi.gob.gt\/web\/wp-json\/wp\/v2\/categories?post=7485"},{"taxonomy":"post_tag","embeddable":true,"href":"https:\/\/conadi.gob.gt\/web\/wp-json\/wp\/v2\/tags?post=7485"}],"curies":[{"name":"wp","href":"https:\/\/api.w.org\/{rel}","templated":true}]}}