{"id":7541,"date":"2020-08-06T15:52:16","date_gmt":"2020-08-06T15:52:16","guid":{"rendered":"http:\/\/conadi.gob.gt\/web\/?p=7541"},"modified":"2020-08-07T17:07:53","modified_gmt":"2020-08-07T17:07:53","slug":"webinarios-en-conmemoracion-al-dia-nacional-de-la-junventud","status":"publish","type":"post","link":"https:\/\/conadi.gob.gt\/web\/webinarios-en-conmemoracion-al-dia-nacional-de-la-junventud\/","title":{"rendered":"WEBINARIOS EN CONMEMORACI\u00d3N AL D\u00cdA NACIONAL  DE LA JUNVENTUD"},"content":{"rendered":"<p>Con el fin de dar seguimiento a las acciones interinstitucionales entre el Consejo Nacional de la Juventud (CONJUVE) y el Consejo Nacional para la Atenci\u00f3n de las Personas con Discapacidad (CONADI), realizar\u00e1n dos webinarios, en el marco del D\u00eda Nacional e Internacional de la Juventud que se conmemora el 12 de agosto.<\/p>\n<p>Estos webinarios se realizar\u00e1n el 11 de agosto del presente a\u00f1o, iniciando con el tema <strong><em>\u201cLa Juventud y los derechos de las personas con discapacidad\u201d<\/em><\/strong>, donde se contar\u00e1 con la participaci\u00f3n de Rosa Idalia Aldana, presidenta del Conadi, Jos\u00e9 Grijalva, director de Conjuve y un presentante de la Oficina del Alto Comisionado de Naciones Unidas de los Derechos Humanos (OACNUDH), en el horario de 10:00 a 11:00 horas.<\/p>\n<p>El segundo webinario est\u00e1 programado de 15:00 a 16 horas, donde se abordar\u00e1 el tema <strong><em>\u201cLa Juventud y los derechos de las personas con discapacidad\u201d<\/em><\/strong>. \u00a0Los webinarios ser\u00e1n transmitidos por Facebook Live de ambas instituciones.<\/p>\n<p>El prop\u00f3sito de los mismos, es facilitar un espacio de di\u00e1logo para conocer a las poblaciones juveniles y sus demandas en la pol\u00edtica p\u00fablica para su desarrollo, acceso a espacios p\u00fablicos y condiciones que le favorezcan a la juventud guatemalteca con y sin discapacidad.<\/p>\n<p><em><strong>Accionar interinstitucional<\/strong><\/em><\/p>\n<p>Como parte de la incidencia que realiza el Conadi en la b\u00fasqueda de espacios para que se promuevan los derechos de las personas con discapacidad, el 21 de marzo de 2017, se firm\u00f3 una Carta de Entendimiento entre el Cojuve y Conadi, la cual tiene una vigencia de cuatro a\u00f1os (2017-2021).<\/p>\n<p>Con la firma del documento ambas instituciones adquirieron compromisos para dar cumplimiento a la Convenci\u00f3n Sobre los Derechos de las Personas con Discapacidad, pol\u00edticas vigentes y la legislaci\u00f3n en beneficio de los j\u00f3venes con y sin discapacidad de Guatemala.<\/p>\n<p>Entre los compromisos asumidos por el CONJUVE est\u00e1 incluir dentro del abordaje integral de la promoci\u00f3n de la salud y la prevenci\u00f3n del embarazo en la ni\u00f1ez, adolescencia y juventud, a trav\u00e9s de la Pol\u00edtica Nacional de la Juventud 2012-2020, a la poblaci\u00f3n de j\u00f3venes con discapacidad. Otro de los compromisos adquiridos, se deriva de las recomendaciones del Comit\u00e9 de Expertos de las Naciones Unidas en materia de discapacidad, el cual refiere que se debe proyectar una imagen positiva de los j\u00f3venes con discapacidad, promoviendo un enfoque de derechos humanos, estableciendo que las actividades p\u00fablicas del CONJUVE permitan informar a la sociedad en general sobre la importancia de la inclusi\u00f3n social de los j\u00f3venes con discapacidad.<\/p>\n<p>El CONADI de acuerdo a su mandato legal, coordinar\u00e1 y apoyar\u00e1 al CONJUVE en temas relacionados con los procesos de inclusi\u00f3n de las personas con discapacidad, respecto a la orientaci\u00f3n de la inclusi\u00f3n de la imagen de j\u00f3venes con discapacidad en materiales audiovisuales. Asimismo, brindar talleres de concientizaci\u00f3n y terminolog\u00eda correcta.<\/p>\n<p>Tambi\u00e9n, el Conadi a trav\u00e9s de los departamentos de Incidencia Pol\u00edtica y Justicia y Seguridad brindar\u00e1n aportes para incluir en la propuesta de cambio de la Pol\u00edtica Nacional de la Juventud.<\/p>\n<p>Adem\u00e1s, se tiene programado en los pr\u00f3ximos d\u00edas realizar un taller regional virtual que ser\u00e1 dirigido a los promotores de Conjuve y promotores del Conadi, con el objetivo de intercambio de experiencias y aplicarlas en el desarrollo de las capacidades y participaci\u00f3n ciudadana de la juventud guatemalteca.<\/p>\n<p><a href=\"https:\/\/conadi.gob.gt\/web\/wp-content\/uploads\/2020\/08\/webinarios.png\"><img loading=\"lazy\" decoding=\"async\" class=\"alignnone  wp-image-7573\" src=\"https:\/\/conadi.gob.gt\/web\/wp-content\/uploads\/2020\/08\/webinarios-300x113.png\" alt=\"\" width=\"419\" height=\"158\" srcset=\"https:\/\/conadi.gob.gt\/web\/wp-content\/uploads\/2020\/08\/webinarios-300x113.png 300w, https:\/\/conadi.gob.gt\/web\/wp-content\/uploads\/2020\/08\/webinarios-768x289.png 768w, https:\/\/conadi.gob.gt\/web\/wp-content\/uploads\/2020\/08\/webinarios-1024x385.png 1024w, https:\/\/conadi.gob.gt\/web\/wp-content\/uploads\/2020\/08\/webinarios.png 1756w\" sizes=\"auto, (max-width: 419px) 100vw, 419px\" \/><\/a><\/p>\n","protected":false},"excerpt":{"rendered":"<p>Con el fin de dar seguimiento a las acciones interinstitucionales entre el Consejo Nacional de la Juventud (CONJUVE) y el Consejo Nacional para la Atenci\u00f3n de las Personas con Discapacidad (CONADI), realizar\u00e1n dos webinarios, en el marco del D\u00eda Nacional e Internacional de la Juventud que se conmemora el 12 de agosto. Estos webinarios se &hellip; <\/p>\n<p class=\"link-more\"><a href=\"https:\/\/conadi.gob.gt\/web\/webinarios-en-conmemoracion-al-dia-nacional-de-la-junventud\/\" class=\"more-link\">Leer m\u00e1s<span class=\"screen-reader-text\"> \u00abWEBINARIOS EN CONMEMORACI\u00d3N AL D\u00cdA NACIONAL  DE LA JUNVENTUD\u00bb<\/span><\/a><\/p>\n","protected":false},"author":12,"featured_media":7573,"comment_status":"open","ping_status":"closed","sticky":false,"template":"","format":"standard","meta":{"footnotes":""},"categories":[3],"tags":[],"class_list":["post-7541","post","type-post","status-publish","format-standard","has-post-thumbnail","hentry","category-noticias"],"_links":{"self":[{"href":"https:\/\/conadi.gob.gt\/web\/wp-json\/wp\/v2\/posts\/7541","targetHints":{"allow":["GET"]}}],"collection":[{"href":"https:\/\/conadi.gob.gt\/web\/wp-json\/wp\/v2\/posts"}],"about":[{"href":"https:\/\/conadi.gob.gt\/web\/wp-json\/wp\/v2\/types\/post"}],"author":[{"embeddable":true,"href":"https:\/\/conadi.gob.gt\/web\/wp-json\/wp\/v2\/users\/12"}],"replies":[{"embeddable":true,"href":"https:\/\/conadi.gob.gt\/web\/wp-json\/wp\/v2\/comments?post=7541"}],"version-history":[{"count":4,"href":"https:\/\/conadi.gob.gt\/web\/wp-json\/wp\/v2\/posts\/7541\/revisions"}],"predecessor-version":[{"id":7575,"href":"https:\/\/conadi.gob.gt\/web\/wp-json\/wp\/v2\/posts\/7541\/revisions\/7575"}],"wp:featuredmedia":[{"embeddable":true,"href":"https:\/\/conadi.gob.gt\/web\/wp-json\/wp\/v2\/media\/7573"}],"wp:attachment":[{"href":"https:\/\/conadi.gob.gt\/web\/wp-json\/wp\/v2\/media?parent=7541"}],"wp:term":[{"taxonomy":"category","embeddable":true,"href":"https:\/\/conadi.gob.gt\/web\/wp-json\/wp\/v2\/categories?post=7541"},{"taxonomy":"post_tag","embeddable":true,"href":"https:\/\/conadi.gob.gt\/web\/wp-json\/wp\/v2\/tags?post=7541"}],"curies":[{"name":"wp","href":"https:\/\/api.w.org\/{rel}","templated":true}]}}