{"id":7563,"date":"2020-08-07T15:34:27","date_gmt":"2020-08-07T15:34:27","guid":{"rendered":"http:\/\/conadi.gob.gt\/web\/?p=7563"},"modified":"2020-08-07T16:11:09","modified_gmt":"2020-08-07T16:11:09","slug":"firman-convenio-para-garantizar-el-acceso-a-programas-de-formacion-a-personas-con-discapacidad","status":"publish","type":"post","link":"https:\/\/conadi.gob.gt\/web\/firman-convenio-para-garantizar-el-acceso-a-programas-de-formacion-a-personas-con-discapacidad\/","title":{"rendered":"FIRMAN CONVENIO PARA GARANTIZAR EL ACCESO A PROGRAMAS DE FORMACI\u00d3N A PERSONAS CON DISCAPACIDAD"},"content":{"rendered":"<p>El Instituto T\u00e9cnico de Capacitaci\u00f3n y Productividad (INTECAP) y el Consejo Nacional para la Atenci\u00f3n de las Personas con Discapacidad (CONADI), suscribieron un convenio de cooperaci\u00f3n institucional, con el objetivo de promover el acceso de las personas con discapacidad a programas de formaci\u00f3n y capacitaci\u00f3n y fortalecer los instrumentos de desarrollo de potencialidades de las personas con discapacidad que promueva la generaci\u00f3n de oportunidad de empleo y conlleven a su inclusi\u00f3n laboral. El convenio tiene una vigencia de un a\u00f1o a partir de julio 2020 a julio-2021.<\/p>\n<p>Entre los compromisos que adquiere el INTECAP son: ser\u00e1 responsable de coordinar con la Comisi\u00f3n de Capacitaci\u00f3n y Empleo del Conadi, programas de capacitaci\u00f3n dirigidos a personas con discapacidad. Asimismo, proporcionar instructoras calificadas para cada una de las \u00e1reas de capacitaci\u00f3n y promover acciones conjuntas de capacitaci\u00f3n para instructores en metodolog\u00edas did\u00e1cticas para el colectivo con discapacidad. Tambi\u00e9n, deber\u00e1 otorgar descuentos al costo de los cursos de capacitaci\u00f3n a las personas con discapacidad que el Conadi designe.<\/p>\n<p>El Conadi deber\u00e1 realizar convocatorias y procesos administrativos para conformar los grupos de acuerdo a las necesidades e intereses de capacitaci\u00f3n, proporcionar materiales de apoyo con fines docentes que coadyuven a la formaci\u00f3n y especializaci\u00f3n del personal designado. As\u00ed como, verificar que los participantes cumplan con los procesos acad\u00e9micos y administrativos.<\/p>\n<p><strong><em>Antecedentes\u00a0<\/em><\/strong><\/p>\n<p>El INTECAP ha sido una de las instituciones aliadas al CONADI. En el a\u00f1o del 2009 se firm\u00f3 una Carta de Entendimiento para la capacitaci\u00f3n e inserci\u00f3n laboral de las personas con discapacidad en Guatemala. En esta ocasi\u00f3n 12 organizaciones adscritas al Conadi mostraron el inter\u00e9s de la capacitaci\u00f3n e inserci\u00f3n laboral de sus afiliados.<\/p>\n<p>En diciembre del 2018, se firma un convenio de cooperaci\u00f3n interinstitucional, con el objetivo de establecer las bases para las acciones de trabajo en conjunto entre el Conadi y el Intecap para promover el acceso de las personas con discapacidad a programas de formaci\u00f3n y capacitaci\u00f3n. Este convenio tuvo un plazo de un a\u00f1o.<\/p>\n<p><a href=\"https:\/\/conadi.gob.gt\/web\/wp-content\/uploads\/2020\/08\/firma.png\"><img loading=\"lazy\" decoding=\"async\" class=\"alignnone size-medium wp-image-7570\" src=\"https:\/\/conadi.gob.gt\/web\/wp-content\/uploads\/2020\/08\/firma-300x223.png\" alt=\"\" width=\"300\" height=\"223\" srcset=\"https:\/\/conadi.gob.gt\/web\/wp-content\/uploads\/2020\/08\/firma-300x223.png 300w, https:\/\/conadi.gob.gt\/web\/wp-content\/uploads\/2020\/08\/firma-768x571.png 768w, https:\/\/conadi.gob.gt\/web\/wp-content\/uploads\/2020\/08\/firma-1024x761.png 1024w, https:\/\/conadi.gob.gt\/web\/wp-content\/uploads\/2020\/08\/firma.png 1386w\" sizes=\"auto, (max-width: 300px) 100vw, 300px\" \/><\/a><\/p>\n<p>&nbsp;<\/p>\n","protected":false},"excerpt":{"rendered":"<p>El Instituto T\u00e9cnico de Capacitaci\u00f3n y Productividad (INTECAP) y el Consejo Nacional para la Atenci\u00f3n de las Personas con Discapacidad (CONADI), suscribieron un convenio de cooperaci\u00f3n institucional, con el objetivo de promover el acceso de las personas con discapacidad a programas de formaci\u00f3n y capacitaci\u00f3n y fortalecer los instrumentos de desarrollo de potencialidades de las &hellip; <\/p>\n<p class=\"link-more\"><a href=\"https:\/\/conadi.gob.gt\/web\/firman-convenio-para-garantizar-el-acceso-a-programas-de-formacion-a-personas-con-discapacidad\/\" class=\"more-link\">Leer m\u00e1s<span class=\"screen-reader-text\"> \u00abFIRMAN CONVENIO PARA GARANTIZAR EL ACCESO A PROGRAMAS DE FORMACI\u00d3N A PERSONAS CON DISCAPACIDAD\u00bb<\/span><\/a><\/p>\n","protected":false},"author":12,"featured_media":7570,"comment_status":"open","ping_status":"closed","sticky":false,"template":"","format":"standard","meta":{"footnotes":""},"categories":[3],"tags":[],"class_list":["post-7563","post","type-post","status-publish","format-standard","has-post-thumbnail","hentry","category-noticias"],"_links":{"self":[{"href":"https:\/\/conadi.gob.gt\/web\/wp-json\/wp\/v2\/posts\/7563","targetHints":{"allow":["GET"]}}],"collection":[{"href":"https:\/\/conadi.gob.gt\/web\/wp-json\/wp\/v2\/posts"}],"about":[{"href":"https:\/\/conadi.gob.gt\/web\/wp-json\/wp\/v2\/types\/post"}],"author":[{"embeddable":true,"href":"https:\/\/conadi.gob.gt\/web\/wp-json\/wp\/v2\/users\/12"}],"replies":[{"embeddable":true,"href":"https:\/\/conadi.gob.gt\/web\/wp-json\/wp\/v2\/comments?post=7563"}],"version-history":[{"count":3,"href":"https:\/\/conadi.gob.gt\/web\/wp-json\/wp\/v2\/posts\/7563\/revisions"}],"predecessor-version":[{"id":7571,"href":"https:\/\/conadi.gob.gt\/web\/wp-json\/wp\/v2\/posts\/7563\/revisions\/7571"}],"wp:featuredmedia":[{"embeddable":true,"href":"https:\/\/conadi.gob.gt\/web\/wp-json\/wp\/v2\/media\/7570"}],"wp:attachment":[{"href":"https:\/\/conadi.gob.gt\/web\/wp-json\/wp\/v2\/media?parent=7563"}],"wp:term":[{"taxonomy":"category","embeddable":true,"href":"https:\/\/conadi.gob.gt\/web\/wp-json\/wp\/v2\/categories?post=7563"},{"taxonomy":"post_tag","embeddable":true,"href":"https:\/\/conadi.gob.gt\/web\/wp-json\/wp\/v2\/tags?post=7563"}],"curies":[{"name":"wp","href":"https:\/\/api.w.org\/{rel}","templated":true}]}}