{"id":7584,"date":"2020-08-12T15:26:27","date_gmt":"2020-08-12T15:26:27","guid":{"rendered":"http:\/\/conadi.gob.gt\/web\/?p=7584"},"modified":"2020-08-12T15:26:27","modified_gmt":"2020-08-12T15:26:27","slug":"los-ninos-nos-cuentan-la-escuela-en-casa","status":"publish","type":"post","link":"https:\/\/conadi.gob.gt\/web\/los-ninos-nos-cuentan-la-escuela-en-casa\/","title":{"rendered":"LOS NI\u00d1OS NOS CUENTAN: \u201cLA ESCUELA EN CASA\u201d"},"content":{"rendered":"<p>Con el objetivo de conocer las experiencias que han vivido ante esta pandemia en el \u00e1mbito de la educaci\u00f3n a distancia, los ni\u00f1os y adolescentes con discapacidad visual, sordoceguera y discapacidad m\u00faltiple, el Consejo Internacional para la Educaci\u00f3n de las Personas con Discapacidad Visual (ICEVI) lanza la convocatoria a participar en el proyecto \u201cLos ni\u00f1os nos cuentan, la escuela en casa\u201d.<\/p>\n<p>Este es un proyecto que busca conocer a trav\u00e9s de historias, las experiencias, problemas y soluciones que encontraron o que tuvieron, para poder optar a una educaci\u00f3n inclusiva a distancia; como parte de esas historias deber\u00e1n indicar los apoyos que les brindaron durante los per\u00edodos de clase, ya sea por su propia familia, maestros, tutores entre otros; as\u00ed como decir si contaron con la accesibilidad y tecnolog\u00eda apropiada para recibir las clases en casa.<\/p>\n<p>ICEVI invita a participar a los ni\u00f1os y adolescentes comprendidos entre las edades de 8 a 17 a\u00f1os con discapacidad visual, personas ciegas, con baja visi\u00f3n, con sordoceguera y discapacidad m\u00faltiple, procedentes de los 19 pa\u00edses de Am\u00e9rica Latina.<\/p>\n<p>Los proyectos se recibir\u00e1n hasta el 31 de octubre del 2020 y las historias ganadoras se\u00a0 dar\u00e1n a conocer por las redes sociales de ICEVI y correo electr\u00f3nico el 4 de enero del 2021 en conmemoraci\u00f3n al \u201cD\u00eda Mundial del Braille\u201d. El proyecto se dividir\u00e1 en tres categor\u00edas: Categor\u00eda I: entre 8 a 10 a\u00f1os de edad; Categor\u00eda II: entre 11 a 13 a\u00f1os de edad y Categor\u00eda III: entre 14 a 17 a\u00f1os de edad.<\/p>\n<p>Los requisitos para participar son:<\/p>\n<ul>\n<li>Los trabajos deben ser redactados por los propios ni\u00f1os y adolescentes.<\/li>\n<li>Los trabajos se pueden redactar en idioma espa\u00f1ol o portugu\u00e9s.<\/li>\n<li>El proyecto debe presentarse en formato DOCUMENTO WORD o DOCX con una extensi\u00f3n m\u00e1xima de 3 p\u00e1ginas, tama\u00f1o A4, en letra Arial, tama\u00f1o 12 y espacio simple.<\/li>\n<li>Cada trabajo debe incluir los datos obligatorios para su evaluaci\u00f3n son: nombre completo, edad, fecha de nacimiento, tipo de discapacidad, nombre de la escuela que asiste.<\/li>\n<li>Se calificar\u00e1 ortograf\u00eda, adecuaci\u00f3n a la extensi\u00f3n y el tema debe ajustarse al tema propuesto en cuanto a la educaci\u00f3n no presencial.<\/li>\n<li>Los proyectos deber\u00e1n enviarlos al correo electr\u00f3nico <a href=\"mailto:difusion.icevilatinoamerica@gmail.com\">icevilatinoamerica@gmail.com<\/a> con copia a: <a href=\"mailto:presidencia.icevilatinoamerica@gmail.com\">presidencia.icevilatinoamerica@gmail.com<\/a>, indicando en el asunto las palabras \u201cLos ni\u00f1os nos cuentan II\u201d.<\/li>\n<\/ul>\n<p><a href=\"https:\/\/conadi.gob.gt\/web\/wp-content\/uploads\/2020\/08\/nota.png\"><img loading=\"lazy\" decoding=\"async\" class=\"alignnone size-medium wp-image-7585\" src=\"https:\/\/conadi.gob.gt\/web\/wp-content\/uploads\/2020\/08\/nota-300x296.png\" alt=\"\" width=\"300\" height=\"296\" srcset=\"https:\/\/conadi.gob.gt\/web\/wp-content\/uploads\/2020\/08\/nota-300x296.png 300w, https:\/\/conadi.gob.gt\/web\/wp-content\/uploads\/2020\/08\/nota.png 706w\" sizes=\"auto, (max-width: 300px) 100vw, 300px\" \/><\/a><\/p>\n","protected":false},"excerpt":{"rendered":"<p>Con el objetivo de conocer las experiencias que han vivido ante esta pandemia en el \u00e1mbito de la educaci\u00f3n a distancia, los ni\u00f1os y adolescentes con discapacidad visual, sordoceguera y discapacidad m\u00faltiple, el Consejo Internacional para la Educaci\u00f3n de las Personas con Discapacidad Visual (ICEVI) lanza la convocatoria a participar en el proyecto \u201cLos ni\u00f1os &hellip; <\/p>\n<p class=\"link-more\"><a href=\"https:\/\/conadi.gob.gt\/web\/los-ninos-nos-cuentan-la-escuela-en-casa\/\" class=\"more-link\">Leer m\u00e1s<span class=\"screen-reader-text\"> \u00abLOS NI\u00d1OS NOS CUENTAN: \u201cLA ESCUELA EN CASA\u201d\u00bb<\/span><\/a><\/p>\n","protected":false},"author":12,"featured_media":7585,"comment_status":"open","ping_status":"closed","sticky":false,"template":"","format":"standard","meta":{"footnotes":""},"categories":[3],"tags":[],"class_list":["post-7584","post","type-post","status-publish","format-standard","has-post-thumbnail","hentry","category-noticias"],"_links":{"self":[{"href":"https:\/\/conadi.gob.gt\/web\/wp-json\/wp\/v2\/posts\/7584","targetHints":{"allow":["GET"]}}],"collection":[{"href":"https:\/\/conadi.gob.gt\/web\/wp-json\/wp\/v2\/posts"}],"about":[{"href":"https:\/\/conadi.gob.gt\/web\/wp-json\/wp\/v2\/types\/post"}],"author":[{"embeddable":true,"href":"https:\/\/conadi.gob.gt\/web\/wp-json\/wp\/v2\/users\/12"}],"replies":[{"embeddable":true,"href":"https:\/\/conadi.gob.gt\/web\/wp-json\/wp\/v2\/comments?post=7584"}],"version-history":[{"count":1,"href":"https:\/\/conadi.gob.gt\/web\/wp-json\/wp\/v2\/posts\/7584\/revisions"}],"predecessor-version":[{"id":7586,"href":"https:\/\/conadi.gob.gt\/web\/wp-json\/wp\/v2\/posts\/7584\/revisions\/7586"}],"wp:featuredmedia":[{"embeddable":true,"href":"https:\/\/conadi.gob.gt\/web\/wp-json\/wp\/v2\/media\/7585"}],"wp:attachment":[{"href":"https:\/\/conadi.gob.gt\/web\/wp-json\/wp\/v2\/media?parent=7584"}],"wp:term":[{"taxonomy":"category","embeddable":true,"href":"https:\/\/conadi.gob.gt\/web\/wp-json\/wp\/v2\/categories?post=7584"},{"taxonomy":"post_tag","embeddable":true,"href":"https:\/\/conadi.gob.gt\/web\/wp-json\/wp\/v2\/tags?post=7584"}],"curies":[{"name":"wp","href":"https:\/\/api.w.org\/{rel}","templated":true}]}}