{"id":7591,"date":"2020-08-12T17:30:46","date_gmt":"2020-08-12T17:30:46","guid":{"rendered":"http:\/\/conadi.gob.gt\/web\/?p=7591"},"modified":"2020-08-12T17:48:04","modified_gmt":"2020-08-12T17:48:04","slug":"7591","status":"publish","type":"post","link":"https:\/\/conadi.gob.gt\/web\/7591\/","title":{"rendered":"DESARROLLAN SEMINARIO VIRTUAL DE EDUCACI\u00d3N F\u00cdSICA PARA PERSONAS CON DISCAPACIDAD"},"content":{"rendered":"<p>En coordinaci\u00f3n interinstitucional con los integrantes de la Mesa T\u00e9cnica de Deporte para personas con discapacidad de Solol\u00e1, realizar\u00e1n el primer seminario virtual de \u201cEducaci\u00f3n f\u00edsica y deporte para personas con discapacidad\u201d, dirigido a estudiantes de la carrera de Educaci\u00f3n F\u00edsica, entrenadores de la Confederaci\u00f3n Deportiva Aut\u00f3noma de Guatemala y maestros de educaci\u00f3n f\u00edsica del departamento de Solol\u00e1, el cual se llevar\u00e1 a cabo del 13 de agosto al 10 de septiembre.<br \/>\nEl seminario busca contribuir al fortalecimiento de formaci\u00f3n, con temas en la inclusi\u00f3n deportiva, sensibilizaci\u00f3n y concientizaci\u00f3n para estudiantes, maestros, entrenadores y promotores deportivos, generando acciones de cambio para lograr una cultura de igualdad e inclusi\u00f3n y no discriminaci\u00f3n hacia las personas con discapacidad.<br \/>\nEste seminario constar\u00e1 de 5 sesiones virtuales, donde abordar\u00e1n temas como: instrucci\u00f3n a la discapacidad y deporte con enfoque de derechos, valores ol\u00edmpicos y la actividad f\u00edsica como estrategia de inclusi\u00f3n. Asimismo, ser\u00e1 avalado por el Ministerio de Educaci\u00f3n.<br \/>\nLa metodolog\u00eda a implementar es de manera virtual, como oportunidad de aprovechamiento ante las medidas de distanciamiento social para mitigar el contagio del COVID-19. Se contar\u00e1 con un moderador, quien presentar\u00e1 a los ponentes en la materia.<br \/>\nSeg\u00fan la Encuesta Nacional de Discapacidad ENDIS 2016, la poblaci\u00f3n con discapacidad representa el 10.2% de la poblaci\u00f3n total en Guatemala, esta poblaci\u00f3n ha sido vulnerada en procesos de desarrollo, inclusi\u00f3n y acceso a los servicios b\u00e1sicos para toda la poblaci\u00f3n. Afrontando una discriminaci\u00f3n multicausal desde lo econ\u00f3mico, pol\u00edtico, social, cultural, deportivo y limitando su desarrollo humano.<br \/>\nEste seminario surge para dar continuidad a la actividad deportiva que se realiz\u00f3 en el 2019 denominada \u201cJuegos Paradepartamentales\u201d organizad con el fin de reclutar atletas que representen a nivel nacional e internacional a las personas con discapacidad del departamento de Solol\u00e1.<\/p>\n<p>&nbsp;<\/p>\n<figure id=\"attachment_7592\" aria-describedby=\"caption-attachment-7592\" style=\"width: 833px\" class=\"wp-caption aligncenter\"><a href=\"https:\/\/conadi.gob.gt\/web\/wp-content\/uploads\/2020\/08\/Seminario-poster.jpg\"><img loading=\"lazy\" decoding=\"async\" class=\"size-large wp-image-7592\" src=\"https:\/\/conadi.gob.gt\/web\/wp-content\/uploads\/2020\/08\/Seminario-poster-833x1024.jpg\" alt=\"SEMINARIO VIRTUAL DE EDUCACI\u00d3N F\u00cdSICA PARA PERSONAS CON DISCAPACIDAD\" width=\"833\" height=\"1024\" srcset=\"https:\/\/conadi.gob.gt\/web\/wp-content\/uploads\/2020\/08\/Seminario-poster-833x1024.jpg 833w, https:\/\/conadi.gob.gt\/web\/wp-content\/uploads\/2020\/08\/Seminario-poster-244x300.jpg 244w, https:\/\/conadi.gob.gt\/web\/wp-content\/uploads\/2020\/08\/Seminario-poster-768x944.jpg 768w, https:\/\/conadi.gob.gt\/web\/wp-content\/uploads\/2020\/08\/Seminario-poster-2000x2459.jpg 2000w\" sizes=\"auto, (max-width: 833px) 100vw, 833px\" \/><\/a><figcaption id=\"caption-attachment-7592\" class=\"wp-caption-text\">SEMINARIO VIRTUAL DE EDUCACI\u00d3N F\u00cdSICA PARA PERSONAS CON DISCAPACIDAD<\/figcaption><\/figure>\n<p>&nbsp;<\/p>\n","protected":false},"excerpt":{"rendered":"<p>En coordinaci\u00f3n interinstitucional con los integrantes de la Mesa T\u00e9cnica de Deporte para personas con discapacidad de Solol\u00e1, realizar\u00e1n el primer seminario virtual de \u201cEducaci\u00f3n f\u00edsica y deporte para personas con discapacidad\u201d, dirigido a estudiantes de la carrera de Educaci\u00f3n F\u00edsica, entrenadores de la Confederaci\u00f3n Deportiva Aut\u00f3noma de Guatemala y maestros de educaci\u00f3n f\u00edsica del &hellip; <\/p>\n<p class=\"link-more\"><a href=\"https:\/\/conadi.gob.gt\/web\/7591\/\" class=\"more-link\">Leer m\u00e1s<span class=\"screen-reader-text\"> \u00abDESARROLLAN SEMINARIO VIRTUAL DE EDUCACI\u00d3N F\u00cdSICA PARA PERSONAS CON DISCAPACIDAD\u00bb<\/span><\/a><\/p>\n","protected":false},"author":12,"featured_media":7592,"comment_status":"open","ping_status":"closed","sticky":false,"template":"","format":"standard","meta":{"footnotes":""},"categories":[3],"tags":[],"class_list":["post-7591","post","type-post","status-publish","format-standard","has-post-thumbnail","hentry","category-noticias"],"_links":{"self":[{"href":"https:\/\/conadi.gob.gt\/web\/wp-json\/wp\/v2\/posts\/7591","targetHints":{"allow":["GET"]}}],"collection":[{"href":"https:\/\/conadi.gob.gt\/web\/wp-json\/wp\/v2\/posts"}],"about":[{"href":"https:\/\/conadi.gob.gt\/web\/wp-json\/wp\/v2\/types\/post"}],"author":[{"embeddable":true,"href":"https:\/\/conadi.gob.gt\/web\/wp-json\/wp\/v2\/users\/12"}],"replies":[{"embeddable":true,"href":"https:\/\/conadi.gob.gt\/web\/wp-json\/wp\/v2\/comments?post=7591"}],"version-history":[{"count":4,"href":"https:\/\/conadi.gob.gt\/web\/wp-json\/wp\/v2\/posts\/7591\/revisions"}],"predecessor-version":[{"id":7596,"href":"https:\/\/conadi.gob.gt\/web\/wp-json\/wp\/v2\/posts\/7591\/revisions\/7596"}],"wp:featuredmedia":[{"embeddable":true,"href":"https:\/\/conadi.gob.gt\/web\/wp-json\/wp\/v2\/media\/7592"}],"wp:attachment":[{"href":"https:\/\/conadi.gob.gt\/web\/wp-json\/wp\/v2\/media?parent=7591"}],"wp:term":[{"taxonomy":"category","embeddable":true,"href":"https:\/\/conadi.gob.gt\/web\/wp-json\/wp\/v2\/categories?post=7591"},{"taxonomy":"post_tag","embeddable":true,"href":"https:\/\/conadi.gob.gt\/web\/wp-json\/wp\/v2\/tags?post=7591"}],"curies":[{"name":"wp","href":"https:\/\/api.w.org\/{rel}","templated":true}]}}