{"id":7705,"date":"2020-09-03T18:14:13","date_gmt":"2020-09-03T18:14:13","guid":{"rendered":"http:\/\/conadi.gob.gt\/web\/?p=7705"},"modified":"2020-09-05T00:50:24","modified_gmt":"2020-09-05T00:50:24","slug":"firman-convenio-para-promover-y-divulgar-temas-de-discapacidad","status":"publish","type":"post","link":"https:\/\/conadi.gob.gt\/web\/firman-convenio-para-promover-y-divulgar-temas-de-discapacidad\/","title":{"rendered":"FIRMAN CONVENIO PARA PROMOVER Y DIVULGAR TEMAS DE DISCAPACIDAD"},"content":{"rendered":"<p>Con el fin de promover y divulgar la tem\u00e1tica de discapacidad desde las orientaciones de la Convenci\u00f3n Sobre los Derechos de las Personas con Discapacidad, el Consejo Nacional para la Atenci\u00f3n de las Personas con Discapacidad (CONADI) y la Federaci\u00f3n Guatemalteca de Escuelas Radiof\u00f3nicas (FGER) suscribieron un convenio de cooperaci\u00f3n interinstitucional.<\/p>\n<p>La suscripci\u00f3n del convenio fue realizada por la doctora Rosa Idalia Aldana, presidenta del Conadi y la licenciada Lourdes Tz\u00f3c Ram\u00edrez, representante legal de FGER. El convenio tiene una vigencia de dos a\u00f1os a partir del 26 de agosto del 2020 al 25 de agosto 2022.<\/p>\n<p>El presente convenio ha generado varios compromisos entre ambas instituciones, entre los compromisos adquiridos por FGER est\u00e1n: promover y difundir los derechos de las personas con discapacidad dentro la programaci\u00f3n de la emisora, incluir en su agenda medi\u00e1tica el tema de discapacidad desde la perspectiva de derechos humanos, trasversalizar el abordaje de los asuntos de discapacidad dentro de los temas coyunturales sociales y pol\u00edticos, trasmitir el programa \u201cGuatemala para Todos\u201d, as\u00ed como difundir los segmentos de CONADI Noticias y el Editorial, entre otros.<\/p>\n<p>Ante ello, el Conadi deber\u00e1 asesorar en la aplicaci\u00f3n y cumplimiento de la inclusi\u00f3n de la tem\u00e1tica de discapacidad, orientar a editores y locutores sobre la terminolog\u00eda correcta para referirse a una persona con discapacidad, validar campa\u00f1as que produzca FGER con enfoque de discapacidad, brindar apoyo t\u00e9cnico en actividades donde se aborde el tema de discapacidad y promover la programaci\u00f3n de FGER a la poblaci\u00f3n con discapacidad.<\/p>\n<p>Parte del accionar del Conadi, es buscar espacios de incidencia para promover los derechos de las personas con discapacidad y FGER se ha caracterizado por ser una organizaci\u00f3n aliada en la promoci\u00f3n de los derechos de este colectivo. Seg\u00fan la Encuesta Nacional den Discapacidad (ENDIS 2016) y el Censo de Poblaci\u00f3n y Vivienda 2018, suman 1 mill\u00f3n 500 mil personas que viven en condici\u00f3n de discapacidad, es decir un 10% de la poblaci\u00f3n guatemalteca son personas con discapacidad.<\/p>\n<p><a href=\"https:\/\/conadi.gob.gt\/web\/wp-content\/uploads\/2020\/09\/WhatsApp-Image-2020-09-02-at-7.48.16-AM.jpeg\"><img loading=\"lazy\" decoding=\"async\" class=\"alignnone size-medium wp-image-7708\" src=\"https:\/\/conadi.gob.gt\/web\/wp-content\/uploads\/2020\/09\/WhatsApp-Image-2020-09-02-at-7.48.16-AM-300x201.jpeg\" alt=\"\" width=\"300\" height=\"201\" srcset=\"https:\/\/conadi.gob.gt\/web\/wp-content\/uploads\/2020\/09\/WhatsApp-Image-2020-09-02-at-7.48.16-AM-300x201.jpeg 300w, https:\/\/conadi.gob.gt\/web\/wp-content\/uploads\/2020\/09\/WhatsApp-Image-2020-09-02-at-7.48.16-AM-768x514.jpeg 768w, https:\/\/conadi.gob.gt\/web\/wp-content\/uploads\/2020\/09\/WhatsApp-Image-2020-09-02-at-7.48.16-AM-90x60.jpeg 90w, https:\/\/conadi.gob.gt\/web\/wp-content\/uploads\/2020\/09\/WhatsApp-Image-2020-09-02-at-7.48.16-AM-180x120.jpeg 180w, https:\/\/conadi.gob.gt\/web\/wp-content\/uploads\/2020\/09\/WhatsApp-Image-2020-09-02-at-7.48.16-AM-95x64.jpeg 95w, https:\/\/conadi.gob.gt\/web\/wp-content\/uploads\/2020\/09\/WhatsApp-Image-2020-09-02-at-7.48.16-AM.jpeg 831w\" sizes=\"auto, (max-width: 300px) 100vw, 300px\" \/><\/a><\/p>\n","protected":false},"excerpt":{"rendered":"<p>Con el fin de promover y divulgar la tem\u00e1tica de discapacidad desde las orientaciones de la Convenci\u00f3n Sobre los Derechos de las Personas con Discapacidad, el Consejo Nacional para la Atenci\u00f3n de las Personas con Discapacidad (CONADI) y la Federaci\u00f3n Guatemalteca de Escuelas Radiof\u00f3nicas (FGER) suscribieron un convenio de cooperaci\u00f3n interinstitucional. La suscripci\u00f3n del convenio &hellip; <\/p>\n<p class=\"link-more\"><a href=\"https:\/\/conadi.gob.gt\/web\/firman-convenio-para-promover-y-divulgar-temas-de-discapacidad\/\" class=\"more-link\">Leer m\u00e1s<span class=\"screen-reader-text\"> \u00abFIRMAN CONVENIO PARA PROMOVER Y DIVULGAR TEMAS DE DISCAPACIDAD\u00bb<\/span><\/a><\/p>\n","protected":false},"author":12,"featured_media":7708,"comment_status":"open","ping_status":"closed","sticky":false,"template":"","format":"standard","meta":{"footnotes":""},"categories":[3],"tags":[],"class_list":["post-7705","post","type-post","status-publish","format-standard","has-post-thumbnail","hentry","category-noticias"],"_links":{"self":[{"href":"https:\/\/conadi.gob.gt\/web\/wp-json\/wp\/v2\/posts\/7705","targetHints":{"allow":["GET"]}}],"collection":[{"href":"https:\/\/conadi.gob.gt\/web\/wp-json\/wp\/v2\/posts"}],"about":[{"href":"https:\/\/conadi.gob.gt\/web\/wp-json\/wp\/v2\/types\/post"}],"author":[{"embeddable":true,"href":"https:\/\/conadi.gob.gt\/web\/wp-json\/wp\/v2\/users\/12"}],"replies":[{"embeddable":true,"href":"https:\/\/conadi.gob.gt\/web\/wp-json\/wp\/v2\/comments?post=7705"}],"version-history":[{"count":3,"href":"https:\/\/conadi.gob.gt\/web\/wp-json\/wp\/v2\/posts\/7705\/revisions"}],"predecessor-version":[{"id":7716,"href":"https:\/\/conadi.gob.gt\/web\/wp-json\/wp\/v2\/posts\/7705\/revisions\/7716"}],"wp:featuredmedia":[{"embeddable":true,"href":"https:\/\/conadi.gob.gt\/web\/wp-json\/wp\/v2\/media\/7708"}],"wp:attachment":[{"href":"https:\/\/conadi.gob.gt\/web\/wp-json\/wp\/v2\/media?parent=7705"}],"wp:term":[{"taxonomy":"category","embeddable":true,"href":"https:\/\/conadi.gob.gt\/web\/wp-json\/wp\/v2\/categories?post=7705"},{"taxonomy":"post_tag","embeddable":true,"href":"https:\/\/conadi.gob.gt\/web\/wp-json\/wp\/v2\/tags?post=7705"}],"curies":[{"name":"wp","href":"https:\/\/api.w.org\/{rel}","templated":true}]}}