{"id":7758,"date":"2020-09-12T02:17:45","date_gmt":"2020-09-12T02:17:45","guid":{"rendered":"http:\/\/conadi.gob.gt\/web\/?p=7758"},"modified":"2020-09-12T20:39:22","modified_gmt":"2020-09-12T20:39:22","slug":"dan-apertura-a-oficina-municipal-de-discapacidad-en-jutiapa","status":"publish","type":"post","link":"https:\/\/conadi.gob.gt\/web\/dan-apertura-a-oficina-municipal-de-discapacidad-en-jutiapa\/","title":{"rendered":"DAN APERTURA A OFICINA MUNICIPAL DE DISCAPACIDAD EN JUTIAPA"},"content":{"rendered":"<p>&nbsp;<\/p>\n<p>La Municipalidad de Jutiapa, dio apertura la Oficina Municipal de Discapacidad &#8211; OMD- convirti\u00e9ndose en la quinta oficina de esta modalidad en el departamento y la \u00a078 a nivel nacional, beneficiando a <strong><em>14,267 personas con discapacidad<\/em><\/strong>\u00a0en la cabecera departamental, seg\u00fan el Censo de poblaci\u00f3n y vivienda 2018.<\/p>\n<p>Seg\u00fan el acuerdo municipal, la OMD deber\u00e1 contar con un espacio f\u00edsico, contar con personal en atenci\u00f3n a las personas con discapacidad y la comuna debe otorgar presupuesto propio a la oficina.<\/p>\n<p>La OMD debe brindar asesor\u00eda personalizada a la poblaci\u00f3n con discapacidad, ser un enlace entre entidades de gobierno, respecto al tema de educaci\u00f3n, inclusi\u00f3n laboral, promover programas de rehabilitaci\u00f3n, terapia del lenguaje, atenci\u00f3n psicol\u00f3gica, implementaci\u00f3n de jornadas recreativas, participaci\u00f3n ciudadana, accesibilidad e informaci\u00f3n, entre otras acciones.<\/p>\n<p>Esta oficina estar\u00e1 a cargo de Mely Sarce\u00f1o, quien es una persona usuaria de silla de ruedas, esto con el objetivo de impulsar el derecho a la inclusi\u00f3n laboral en la municipalidad de Jutiapa. El horario de atenci\u00f3n ser\u00e1 de lunes a viernes de 8:00 a 16:00 horas. La OMD de Jutiapa, es la quinta oficina instaurada en el departamento, los municipios que ya cuentan con oficinas de esta modalidad son\u00a0Moyuta, Pasaco, Asunci\u00f3n Mita y el Progreso.<\/p>\n<p>El Consejo Nacional para la Atenci\u00f3n de Personas con Discapacidad (Conadi) contin\u00faa avanzando en el cumplimiento al Plan de Acci\u00f3n sobre Discapacidad, promoviendo las aperturas de Oficinas Municipales de Discapacidad a nivel nacional, con estas acciones se est\u00e1n atendiendo a las recomendaciones otorgadas al Estado guatemalteco por parte del Comit\u00e9 de Expertos en materia de Discapacidad de las Naciones Unidas, ya que en el primer examen de pa\u00eds, se calific\u00f3 como una acci\u00f3n afirmativa la implementaci\u00f3n de este tipo de oficinas.<\/p>\n<p>El acto protocolario de apertura se realiz\u00f3 el 8 de septiembre, participaron: Esdras Hern\u00e1ndez, gobernador departamental; Luis Rosales, jefe edil; Miguel Anguel Toralla, oficial de relaciones civiles y militares; Jorge Rom\u00e1n, director de Educaci\u00f3n Departamental y Alexander Qui\u00f1ones, representante de la auxiliatura de Derechos Humanos.<\/p>\n<p>Por el CONADI particip\u00f3 Rosa Hern\u00e1ndez, director T\u00e9cnica a.i.; integrantes de la Comisi\u00f3n Departamental de Discapacidad; Silvia Alay, promotora departamental; Carlos Way, mensajero de la paz 2019 y representantes de las organizaciones APENOVIJUT y FUNDABIEN-JUTIAPA.<\/p>\n<p>&nbsp;<\/p>\n<figure id=\"attachment_7759\" aria-describedby=\"caption-attachment-7759\" style=\"width: 1024px\" class=\"wp-caption aligncenter\"><a href=\"https:\/\/conadi.gob.gt\/web\/wp-content\/uploads\/2020\/09\/OMD-JUTIAPA-1.jpg\"><img loading=\"lazy\" decoding=\"async\" id=\"longdesc-return-7759\" class=\"size-large wp-image-7759\" tabindex=\"-1\" src=\"https:\/\/conadi.gob.gt\/web\/wp-content\/uploads\/2020\/09\/OMD-JUTIAPA-1-1024x576.jpg\" alt=\"Jutiapa cuenta con Oficina Municipal de Discapacidad\" width=\"1024\" height=\"576\" longdesc=\"https:\/\/conadi.gob.gt\/web?longdesc=7759&amp;referrer=7758\" srcset=\"https:\/\/conadi.gob.gt\/web\/wp-content\/uploads\/2020\/09\/OMD-JUTIAPA-1-1024x576.jpg 1024w, https:\/\/conadi.gob.gt\/web\/wp-content\/uploads\/2020\/09\/OMD-JUTIAPA-1-300x169.jpg 300w, https:\/\/conadi.gob.gt\/web\/wp-content\/uploads\/2020\/09\/OMD-JUTIAPA-1-768x432.jpg 768w, https:\/\/conadi.gob.gt\/web\/wp-content\/uploads\/2020\/09\/OMD-JUTIAPA-1.jpg 1032w\" sizes=\"auto, (max-width: 1024px) 100vw, 1024px\" \/><\/a><figcaption id=\"caption-attachment-7759\" class=\"wp-caption-text\">Jutiapa ya cuenta con OMD<\/figcaption><\/figure>\n<p>&nbsp;<\/p>\n","protected":false},"excerpt":{"rendered":"<p>&nbsp; La Municipalidad de Jutiapa, dio apertura la Oficina Municipal de Discapacidad &#8211; OMD- convirti\u00e9ndose en la quinta oficina de esta modalidad en el departamento y la \u00a078 a nivel nacional, beneficiando a 14,267 personas con discapacidad\u00a0en la cabecera departamental, seg\u00fan el Censo de poblaci\u00f3n y vivienda 2018. Seg\u00fan el acuerdo municipal, la OMD deber\u00e1 &hellip; <\/p>\n<p class=\"link-more\"><a href=\"https:\/\/conadi.gob.gt\/web\/dan-apertura-a-oficina-municipal-de-discapacidad-en-jutiapa\/\" class=\"more-link\">Leer m\u00e1s<span class=\"screen-reader-text\"> \u00abDAN APERTURA A OFICINA MUNICIPAL DE DISCAPACIDAD EN JUTIAPA\u00bb<\/span><\/a><\/p>\n","protected":false},"author":12,"featured_media":7760,"comment_status":"open","ping_status":"closed","sticky":false,"template":"","format":"standard","meta":{"footnotes":""},"categories":[3],"tags":[],"class_list":["post-7758","post","type-post","status-publish","format-standard","has-post-thumbnail","hentry","category-noticias"],"_links":{"self":[{"href":"https:\/\/conadi.gob.gt\/web\/wp-json\/wp\/v2\/posts\/7758","targetHints":{"allow":["GET"]}}],"collection":[{"href":"https:\/\/conadi.gob.gt\/web\/wp-json\/wp\/v2\/posts"}],"about":[{"href":"https:\/\/conadi.gob.gt\/web\/wp-json\/wp\/v2\/types\/post"}],"author":[{"embeddable":true,"href":"https:\/\/conadi.gob.gt\/web\/wp-json\/wp\/v2\/users\/12"}],"replies":[{"embeddable":true,"href":"https:\/\/conadi.gob.gt\/web\/wp-json\/wp\/v2\/comments?post=7758"}],"version-history":[{"count":3,"href":"https:\/\/conadi.gob.gt\/web\/wp-json\/wp\/v2\/posts\/7758\/revisions"}],"predecessor-version":[{"id":7766,"href":"https:\/\/conadi.gob.gt\/web\/wp-json\/wp\/v2\/posts\/7758\/revisions\/7766"}],"wp:featuredmedia":[{"embeddable":true,"href":"https:\/\/conadi.gob.gt\/web\/wp-json\/wp\/v2\/media\/7760"}],"wp:attachment":[{"href":"https:\/\/conadi.gob.gt\/web\/wp-json\/wp\/v2\/media?parent=7758"}],"wp:term":[{"taxonomy":"category","embeddable":true,"href":"https:\/\/conadi.gob.gt\/web\/wp-json\/wp\/v2\/categories?post=7758"},{"taxonomy":"post_tag","embeddable":true,"href":"https:\/\/conadi.gob.gt\/web\/wp-json\/wp\/v2\/tags?post=7758"}],"curies":[{"name":"wp","href":"https:\/\/api.w.org\/{rel}","templated":true}]}}