{"id":7776,"date":"2020-09-17T00:48:16","date_gmt":"2020-09-17T00:48:16","guid":{"rendered":"http:\/\/conadi.gob.gt\/web\/?p=7776"},"modified":"2020-09-17T00:48:16","modified_gmt":"2020-09-17T00:48:16","slug":"juramentan-comision-electoral-para-eleccion-de-junta-directiva-2021-2023","status":"publish","type":"post","link":"https:\/\/conadi.gob.gt\/web\/juramentan-comision-electoral-para-eleccion-de-junta-directiva-2021-2023\/","title":{"rendered":"JURAMENTAN COMISI\u00d3N ELECTORAL PARA ELECCI\u00d3N DE JUNTA DIRECTIVA 2021-2023"},"content":{"rendered":"<p>El Consejo Nacional para la Atenci\u00f3n de las Personas con Discapacidad, CONADI, a trav\u00e9s de su presidente y representante legal, Rosa Idalia Aldana, jurament\u00f3 el 16 de septiembre del a\u00f1o en curso, a la Comisi\u00f3n Electoral 2020 que tendr\u00e1 bajo su cargo el proceso electoral de representantes de los siete sub sectores de personas con discapacidad y junta directiva para el periodo 2021- 2023.<\/p>\n<p>La comisi\u00f3n electoral est\u00e1 integrada por Gloria Azucena L\u00f3pez, representante del Tribunal Supremo Electoral (TSE); Juan Everardo Chung por la Comisi\u00f3n Presidencial contra la Discriminaci\u00f3n y el Racismo contra los Pueblos Ind\u00edgenas en Guatemala (CODISRA); Juana Estela Cutzal de la Defensor\u00eda de la Mujer; Wilfredo Chang Gir\u00f3n y Juan Carlos G\u00f3mez por parte de la Secretaria General de la Presidencia. Los miembros de esta Comisi\u00f3n tienen el compromiso de velar para que la elecci\u00f3n de nuevas autoridades para el periodo 2021-2023, sean elegidas democr\u00e1ticamente y con transparencia basados en el reglamento electoral.<\/p>\n<p>El CONADI debe facilitar toda la log\u00edstica para que los siete subsectores de la sociedad civil, que son parte de la instituci\u00f3n, puedan elegir a su delegado titular y suplente para el per\u00edodo 2021-2023, tomando en cuenta las disposiciones basadas en el Reglamento para el Funcionamiento de los Subsectores. En tanto las instituciones gubernamentales que tienen representaci\u00f3n en el Consejo, la Comisi\u00f3n Electoral tendr\u00e1 que requerir de manera oficial, el nombramiento de un representante titular y suplente para referido periodo.<\/p>\n<p>La Comisi\u00f3n Electoral present\u00f3 un cronograma de actividades para la realizaci\u00f3n del proceso de elecci\u00f3n:<\/p>\n<ul>\n<li>El 25 de septiembre plazo para la recepci\u00f3n de expedientes, seg\u00fan los requisitos que establecen el reglamento electoral y reglamento de organizaciones de subsectores.<\/li>\n<li>El 8 de octubre la Comisi\u00f3n Electoral deber\u00e1 elaborar y firmar la convocatoria para elecci\u00f3n y acreditaci\u00f3n de Representante Titular y Suplente electos por cada subsector.<\/li>\n<li>Del 4 al 12 de noviembre se realizar\u00e1n las asambleas de subsectores de la sociedad civil para la elecci\u00f3n y acreditaci\u00f3n del representante titular y suplente.<\/li>\n<li>El 20 de noviembre la Comisi\u00f3n Electoral recolecta los documentos de Asambleas de los subsectores y elaboraci\u00f3n de convocatoria para la realizaci\u00f3n de la Asamblea del Consejo de Delegados y ejecutar las elecciones de Junta Directiva.<\/li>\n<li>El 23 de noviembre deber\u00e1 publicarse en dos diarios de mayor circulaci\u00f3n nacional la convocatoria para la celebraci\u00f3n de la Asamblea del Consejo de Delegados.<\/li>\n<li>El 10 de diciembre elecci\u00f3n de la Junta Directiva per\u00edodo 2021-2023.<\/li>\n<li>El 21 de diciembre elaboraci\u00f3n de notificaci\u00f3n de resoluci\u00f3n final del informe del proceso electoral.<\/li>\n<li>El 7 de enero del 2021 toma de posici\u00f3n de la nueva Junta Directiva.<\/li>\n<\/ul>\n<p><a href=\"https:\/\/conadi.gob.gt\/web\/wp-content\/uploads\/2020\/09\/WhatsApp-Image-2020-09-16-at-6.43.12-PM.jpeg\"><img loading=\"lazy\" decoding=\"async\" class=\"alignnone size-medium wp-image-7777\" src=\"https:\/\/conadi.gob.gt\/web\/wp-content\/uploads\/2020\/09\/WhatsApp-Image-2020-09-16-at-6.43.12-PM-300x300.jpeg\" alt=\"\" width=\"300\" height=\"300\" srcset=\"https:\/\/conadi.gob.gt\/web\/wp-content\/uploads\/2020\/09\/WhatsApp-Image-2020-09-16-at-6.43.12-PM-300x300.jpeg 300w, https:\/\/conadi.gob.gt\/web\/wp-content\/uploads\/2020\/09\/WhatsApp-Image-2020-09-16-at-6.43.12-PM-150x150.jpeg 150w, https:\/\/conadi.gob.gt\/web\/wp-content\/uploads\/2020\/09\/WhatsApp-Image-2020-09-16-at-6.43.12-PM-768x768.jpeg 768w, https:\/\/conadi.gob.gt\/web\/wp-content\/uploads\/2020\/09\/WhatsApp-Image-2020-09-16-at-6.43.12-PM-1024x1024.jpeg 1024w, https:\/\/conadi.gob.gt\/web\/wp-content\/uploads\/2020\/09\/WhatsApp-Image-2020-09-16-at-6.43.12-PM.jpeg 1280w\" sizes=\"auto, (max-width: 300px) 100vw, 300px\" \/><\/a><\/p>\n<p>&nbsp;<\/p>\n","protected":false},"excerpt":{"rendered":"<p>El Consejo Nacional para la Atenci\u00f3n de las Personas con Discapacidad, CONADI, a trav\u00e9s de su presidente y representante legal, Rosa Idalia Aldana, jurament\u00f3 el 16 de septiembre del a\u00f1o en curso, a la Comisi\u00f3n Electoral 2020 que tendr\u00e1 bajo su cargo el proceso electoral de representantes de los siete sub sectores de personas con &hellip; <\/p>\n<p class=\"link-more\"><a href=\"https:\/\/conadi.gob.gt\/web\/juramentan-comision-electoral-para-eleccion-de-junta-directiva-2021-2023\/\" class=\"more-link\">Leer m\u00e1s<span class=\"screen-reader-text\"> \u00abJURAMENTAN COMISI\u00d3N ELECTORAL PARA ELECCI\u00d3N DE JUNTA DIRECTIVA 2021-2023\u00bb<\/span><\/a><\/p>\n","protected":false},"author":12,"featured_media":7777,"comment_status":"open","ping_status":"closed","sticky":false,"template":"","format":"standard","meta":{"footnotes":""},"categories":[3],"tags":[],"class_list":["post-7776","post","type-post","status-publish","format-standard","has-post-thumbnail","hentry","category-noticias"],"_links":{"self":[{"href":"https:\/\/conadi.gob.gt\/web\/wp-json\/wp\/v2\/posts\/7776","targetHints":{"allow":["GET"]}}],"collection":[{"href":"https:\/\/conadi.gob.gt\/web\/wp-json\/wp\/v2\/posts"}],"about":[{"href":"https:\/\/conadi.gob.gt\/web\/wp-json\/wp\/v2\/types\/post"}],"author":[{"embeddable":true,"href":"https:\/\/conadi.gob.gt\/web\/wp-json\/wp\/v2\/users\/12"}],"replies":[{"embeddable":true,"href":"https:\/\/conadi.gob.gt\/web\/wp-json\/wp\/v2\/comments?post=7776"}],"version-history":[{"count":1,"href":"https:\/\/conadi.gob.gt\/web\/wp-json\/wp\/v2\/posts\/7776\/revisions"}],"predecessor-version":[{"id":7778,"href":"https:\/\/conadi.gob.gt\/web\/wp-json\/wp\/v2\/posts\/7776\/revisions\/7778"}],"wp:featuredmedia":[{"embeddable":true,"href":"https:\/\/conadi.gob.gt\/web\/wp-json\/wp\/v2\/media\/7777"}],"wp:attachment":[{"href":"https:\/\/conadi.gob.gt\/web\/wp-json\/wp\/v2\/media?parent=7776"}],"wp:term":[{"taxonomy":"category","embeddable":true,"href":"https:\/\/conadi.gob.gt\/web\/wp-json\/wp\/v2\/categories?post=7776"},{"taxonomy":"post_tag","embeddable":true,"href":"https:\/\/conadi.gob.gt\/web\/wp-json\/wp\/v2\/tags?post=7776"}],"curies":[{"name":"wp","href":"https:\/\/api.w.org\/{rel}","templated":true}]}}