{"id":7792,"date":"2020-09-24T02:19:26","date_gmt":"2020-09-24T02:19:26","guid":{"rendered":"http:\/\/conadi.gob.gt\/web\/?p=7792"},"modified":"2020-09-24T02:19:26","modified_gmt":"2020-09-24T02:19:26","slug":"entregan-ley-de-lengua-de-senas-en-formato-accesible","status":"publish","type":"post","link":"https:\/\/conadi.gob.gt\/web\/entregan-ley-de-lengua-de-senas-en-formato-accesible\/","title":{"rendered":"ENTREGAN LEY DE LENGUA DE SE\u00d1AS EN FORMATO ACCESIBLE"},"content":{"rendered":"<p>En el marco de la primera conmemoraci\u00f3n del D\u00eda Nacional de la Lengua de Se\u00f1as de Guatemala, el CONADI present\u00f3 la Ley de Lengua de Se\u00f1as, LENSEGUA Decreto 03-2020 en formato accesible (audible y lengua de se\u00f1as). La grabaci\u00f3n de este audiovisual se \u00a0llevo a cabo en coordinaci\u00f3n con el Subsector de Personas con Discapacidad y la Direcci\u00f3n de Comunicaci\u00f3n Social del CONADI, esta conmemoraci\u00f3n se realizar\u00e1 el 23 de septiembre de cada a\u00f1o.<\/p>\n<p>La actividad se desarroll\u00f3 de manera virtual, cont\u00f3 con la participaci\u00f3n de Francis Maseck, titular de la Secretar\u00eda de Comunicaci\u00f3n Social de la Presidencia de la Rep\u00fablica, quien indic\u00f3 que el Ejecutivo esta con el compromiso de seguir apoyando y promoviendo \u00a0la implementaci\u00f3n de la ley en menci\u00f3n y garantizar el derecho a la comunicaci\u00f3n e informaci\u00f3n de la comunidad sorda del pa\u00eds.<\/p>\n<p>La diputada Vicenta Jer\u00f3nimo, presidenta de la Comisi\u00f3n de Asuntos Sobre Discapacidad del Organismo Legislativo, reconoci\u00f3 el trabajo de las organizaciones de personas con discapacidad que promueven la ense\u00f1anza de la lengua de se\u00f1as y la incidencia para el cumplimiento de los derechos de las personas con discapacidad. Agreg\u00f3 que el Congreso contin\u00faa impulsando proyectos de leyes inclusivos.<\/p>\n<p>En tanto, la magistrada de la Corte Suprema de Justicia, Mar\u00eda Eugenia Morales, manifest\u00f3 que el acceso a la justicia es un derecho a toda la poblaci\u00f3n y la aprobaci\u00f3n de la LENSEGUA es un avance que debe manifestarse en los procesos legales que involucran a personas con discapacidad auditiva.<\/p>\n<p>La doctora Rosa Idalia Aldana, presidenta del CONADI, inst\u00f3 a los medios de comunicaci\u00f3n, a las instituciones de gobierno a que incluyan recuadro con int\u00e9rprete de lengua de se\u00f1as, en los programas que son transmitidos en vivo, pre grabados y en redes sociales. As\u00ed como las campa\u00f1as de comunicaci\u00f3n e informaci\u00f3n, principalmente en estos tiempos de pandemia, donde se debe mantener informada a toda la poblaci\u00f3n de las medidas de prevenci\u00f3n y disposiciones presidenciales.<\/p>\n<p>Es importante resaltar que\u00a0 con la aprobaci\u00f3n de Lensegua, Guatemala avanza en el \u00a0cumplimiento a las recomendaci\u00f3n 56 emitida por el Comit\u00e9 de Expertos de Naciones Unidas Sobre el Cumplimiento de la Convenci\u00f3n Sobre los Derechos de las Personas con Discapacidad.<\/p>\n<p>Lensegua fue aprobada por diputados al Congreso de la Rep\u00fablica el 28 de enero de 2020, dentro de su articulado destaca el reconocimiento de la Lengua de Se\u00f1as de Guatemala, como medio de comunicaci\u00f3n de las personas Sordas, el derecho a la ense\u00f1anza y aprendizaje en lengua de se\u00f1as y la inclusi\u00f3n de int\u00e9rprete de lengua de Se\u00f1as en programas televisivos que transmiten en vivo o diferido.<\/p>\n<p>La aprobaci\u00f3n de esta ley es muestra del trabajo de incidencia del CONADI a trav\u00e9s del Subsector de personas con discapacidad auditiva y el Eje de Justicia y Seguridad Ciudadana. En el 2008 se present\u00f3 una iniciativa de Ley con n\u00famero 3932, luego\u00a0 la segunda iniciativa n\u00famero 5128, ambas sin mayor avance en el Legislativo; finalmente la propuesta de Ley de Lengua de Se\u00f1as, con n\u00famero 5603 hab\u00eda quedado en segunda lectura en el a\u00f1o 2019, y el 28 de enero del 2020 el Congreso de la Rep\u00fablica la conoci\u00f3 en tercer debate y redacci\u00f3n final y aprob\u00f3 el Decreto 3-2020 Ley de Lengua de Se\u00f1as de Guatemala (Lensegua).<\/p>\n<p><a href=\"https:\/\/conadi.gob.gt\/web\/wp-content\/uploads\/2020\/09\/IMG_20200923_194031.jpg\"><img loading=\"lazy\" decoding=\"async\" class=\"alignnone size-medium wp-image-7793\" src=\"https:\/\/conadi.gob.gt\/web\/wp-content\/uploads\/2020\/09\/IMG_20200923_194031-300x300.jpg\" alt=\"\" width=\"300\" height=\"300\" srcset=\"https:\/\/conadi.gob.gt\/web\/wp-content\/uploads\/2020\/09\/IMG_20200923_194031-300x300.jpg 300w, https:\/\/conadi.gob.gt\/web\/wp-content\/uploads\/2020\/09\/IMG_20200923_194031-150x150.jpg 150w, https:\/\/conadi.gob.gt\/web\/wp-content\/uploads\/2020\/09\/IMG_20200923_194031-768x768.jpg 768w, https:\/\/conadi.gob.gt\/web\/wp-content\/uploads\/2020\/09\/IMG_20200923_194031-1024x1024.jpg 1024w, https:\/\/conadi.gob.gt\/web\/wp-content\/uploads\/2020\/09\/IMG_20200923_194031.jpg 1564w\" sizes=\"auto, (max-width: 300px) 100vw, 300px\" \/><\/a><\/p>\n","protected":false},"excerpt":{"rendered":"<p>En el marco de la primera conmemoraci\u00f3n del D\u00eda Nacional de la Lengua de Se\u00f1as de Guatemala, el CONADI present\u00f3 la Ley de Lengua de Se\u00f1as, LENSEGUA Decreto 03-2020 en formato accesible (audible y lengua de se\u00f1as). La grabaci\u00f3n de este audiovisual se \u00a0llevo a cabo en coordinaci\u00f3n con el Subsector de Personas con Discapacidad &hellip; <\/p>\n<p class=\"link-more\"><a href=\"https:\/\/conadi.gob.gt\/web\/entregan-ley-de-lengua-de-senas-en-formato-accesible\/\" class=\"more-link\">Leer m\u00e1s<span class=\"screen-reader-text\"> \u00abENTREGAN LEY DE LENGUA DE SE\u00d1AS EN FORMATO ACCESIBLE\u00bb<\/span><\/a><\/p>\n","protected":false},"author":12,"featured_media":7793,"comment_status":"open","ping_status":"closed","sticky":false,"template":"","format":"standard","meta":{"footnotes":""},"categories":[3],"tags":[],"class_list":["post-7792","post","type-post","status-publish","format-standard","has-post-thumbnail","hentry","category-noticias"],"_links":{"self":[{"href":"https:\/\/conadi.gob.gt\/web\/wp-json\/wp\/v2\/posts\/7792","targetHints":{"allow":["GET"]}}],"collection":[{"href":"https:\/\/conadi.gob.gt\/web\/wp-json\/wp\/v2\/posts"}],"about":[{"href":"https:\/\/conadi.gob.gt\/web\/wp-json\/wp\/v2\/types\/post"}],"author":[{"embeddable":true,"href":"https:\/\/conadi.gob.gt\/web\/wp-json\/wp\/v2\/users\/12"}],"replies":[{"embeddable":true,"href":"https:\/\/conadi.gob.gt\/web\/wp-json\/wp\/v2\/comments?post=7792"}],"version-history":[{"count":1,"href":"https:\/\/conadi.gob.gt\/web\/wp-json\/wp\/v2\/posts\/7792\/revisions"}],"predecessor-version":[{"id":7794,"href":"https:\/\/conadi.gob.gt\/web\/wp-json\/wp\/v2\/posts\/7792\/revisions\/7794"}],"wp:featuredmedia":[{"embeddable":true,"href":"https:\/\/conadi.gob.gt\/web\/wp-json\/wp\/v2\/media\/7793"}],"wp:attachment":[{"href":"https:\/\/conadi.gob.gt\/web\/wp-json\/wp\/v2\/media?parent=7792"}],"wp:term":[{"taxonomy":"category","embeddable":true,"href":"https:\/\/conadi.gob.gt\/web\/wp-json\/wp\/v2\/categories?post=7792"},{"taxonomy":"post_tag","embeddable":true,"href":"https:\/\/conadi.gob.gt\/web\/wp-json\/wp\/v2\/tags?post=7792"}],"curies":[{"name":"wp","href":"https:\/\/api.w.org\/{rel}","templated":true}]}}