{"id":7868,"date":"2020-10-16T14:34:43","date_gmt":"2020-10-16T14:34:43","guid":{"rendered":"http:\/\/conadi.gob.gt\/web\/?p=7868"},"modified":"2020-10-16T14:34:43","modified_gmt":"2020-10-16T14:34:43","slug":"el-conadi-y-conalfa-buscan-contribuir-en-la-alfabetizacion-de-personas-con-discapacidad","status":"publish","type":"post","link":"https:\/\/conadi.gob.gt\/web\/el-conadi-y-conalfa-buscan-contribuir-en-la-alfabetizacion-de-personas-con-discapacidad\/","title":{"rendered":"EL CONADI Y CONALFA BUSCAN CONTRIBUIR EN LA ALFABETIZACI\u00d3N DE PERSONAS CON DISCAPACIDAD"},"content":{"rendered":"<p>Con el objetivo de coadyuvar a la alfabetizaci\u00f3n de las personas con discapacidad en el pa\u00eds, el Consejo Nacional para la Atenci\u00f3n de las Personas con Discapacidad (CONADI) y el Comit\u00e9 Nacional de Alfabetizaci\u00f3n (CONALFA), suscribieron un convenio interinstitucional. La firma estuvo a cargo del secretario ejecutivo de CONALFA, Otto Barrera, y la presidenta del CONADI, Rosa Idalia Aldana. El convenio tiene una vigencia de un a\u00f1o a partir del 14 de octubre del 2020.<\/p>\n<p>La doctora Aldana argument\u00f3 que \u201cel no saber leer y escribir coloca en desigualdad de oportunidades a las personas con discapacidad, es un reto para ambas instituciones, se trabajar\u00e1 de manera conjunta\u201d.<\/p>\n<p>Adem\u00e1s, Barrera indic\u00f3 que dicha alianza estrat\u00e9gica atender\u00e1 a esta poblaci\u00f3n que estuvo marginada de la educaci\u00f3n, y que se realizar\u00e1n an\u00e1lisis metodol\u00f3gicos de los textos dependiendo el tipo de discapacidad.<\/p>\n<p>Seg\u00fan la Encuesta Nacional den Discapacidad (ENDIS 2016) y el Censo de Poblaci\u00f3n y Vivienda 2018, suman 1 mill\u00f3n 500 mil personas que viven en condici\u00f3n de discapacidad, es decir un 10% de la poblaci\u00f3n guatemalteca son personas con discapacidad.<\/p>\n<p>El presente convenio ha generado varios compromisos entre ambas instituciones,\u00a0 CONALFA asume la responsabilidad de otorgar cr\u00e9ditos educativos a los participantes inscritos, se evaluar el proceso de ense\u00f1anza-aprendizaje de alfabetizaci\u00f3n; otorgar materiales educativos; adecuar las metodolog\u00edas de atenci\u00f3n de acuerdo a las condiciones y caracter\u00edsticas de los tipos de discapacidad; promover la inclusi\u00f3n de las personas con discapacidad alfabetizadas en el sistema educativo regular para fortalecer su formaci\u00f3n acad\u00e9mica; certificar a las personas con discapacidad que saben leer y escribir.<\/p>\n<p>En tanto, el CONADI deber\u00e1 identificar y organizar a las personas por tipo de discapacidad en cada departamento, municipio y comunidad que quieran ser alfabetizados;\u00a0 asesorar a los grupos t\u00e9cnicos de CONALFA en la producci\u00f3n y reproducci\u00f3n de los materiales; coordinar y aplicabilidad de los m\u00e9todos y manuales de ense\u00f1anza para los distintos grupos de discapacidad; asesorar en la implementaci\u00f3n de medidas de ajustes razonables f\u00edsicos y social para el proceso de alfabetizaci\u00f3n; identificar y apoyar en la gesti\u00f3n e identificaci\u00f3n de espacios f\u00edsicos para realizar los procesos de alfabetizaci\u00f3n.<\/p>\n<p>Con esta acci\u00f3n se busca dar respuesta a las recomendaciones de pa\u00eds, otorgadas en el 2016 por el Comit\u00e9 Expertos de los Derechos de las Personas con Discapacidad de Naciones Unidas.<\/p>\n<p><a href=\"https:\/\/conadi.gob.gt\/web\/wp-content\/uploads\/2020\/10\/conalfa.jpg\"><img loading=\"lazy\" decoding=\"async\" class=\"alignnone size-medium wp-image-7869\" src=\"https:\/\/conadi.gob.gt\/web\/wp-content\/uploads\/2020\/10\/conalfa-300x237.jpg\" alt=\"\" width=\"300\" height=\"237\" srcset=\"https:\/\/conadi.gob.gt\/web\/wp-content\/uploads\/2020\/10\/conalfa-300x237.jpg 300w, https:\/\/conadi.gob.gt\/web\/wp-content\/uploads\/2020\/10\/conalfa-768x606.jpg 768w, https:\/\/conadi.gob.gt\/web\/wp-content\/uploads\/2020\/10\/conalfa-45x35.jpg 45w, https:\/\/conadi.gob.gt\/web\/wp-content\/uploads\/2020\/10\/conalfa.jpg 960w\" sizes=\"auto, (max-width: 300px) 100vw, 300px\" \/><\/a><\/p>\n","protected":false},"excerpt":{"rendered":"<p>Con el objetivo de coadyuvar a la alfabetizaci\u00f3n de las personas con discapacidad en el pa\u00eds, el Consejo Nacional para la Atenci\u00f3n de las Personas con Discapacidad (CONADI) y el Comit\u00e9 Nacional de Alfabetizaci\u00f3n (CONALFA), suscribieron un convenio interinstitucional. La firma estuvo a cargo del secretario ejecutivo de CONALFA, Otto Barrera, y la presidenta del &hellip; <\/p>\n<p class=\"link-more\"><a href=\"https:\/\/conadi.gob.gt\/web\/el-conadi-y-conalfa-buscan-contribuir-en-la-alfabetizacion-de-personas-con-discapacidad\/\" class=\"more-link\">Leer m\u00e1s<span class=\"screen-reader-text\"> \u00abEL CONADI Y CONALFA BUSCAN CONTRIBUIR EN LA ALFABETIZACI\u00d3N DE PERSONAS CON DISCAPACIDAD\u00bb<\/span><\/a><\/p>\n","protected":false},"author":12,"featured_media":7869,"comment_status":"open","ping_status":"closed","sticky":false,"template":"","format":"standard","meta":{"footnotes":""},"categories":[3],"tags":[],"class_list":["post-7868","post","type-post","status-publish","format-standard","has-post-thumbnail","hentry","category-noticias"],"_links":{"self":[{"href":"https:\/\/conadi.gob.gt\/web\/wp-json\/wp\/v2\/posts\/7868","targetHints":{"allow":["GET"]}}],"collection":[{"href":"https:\/\/conadi.gob.gt\/web\/wp-json\/wp\/v2\/posts"}],"about":[{"href":"https:\/\/conadi.gob.gt\/web\/wp-json\/wp\/v2\/types\/post"}],"author":[{"embeddable":true,"href":"https:\/\/conadi.gob.gt\/web\/wp-json\/wp\/v2\/users\/12"}],"replies":[{"embeddable":true,"href":"https:\/\/conadi.gob.gt\/web\/wp-json\/wp\/v2\/comments?post=7868"}],"version-history":[{"count":1,"href":"https:\/\/conadi.gob.gt\/web\/wp-json\/wp\/v2\/posts\/7868\/revisions"}],"predecessor-version":[{"id":7870,"href":"https:\/\/conadi.gob.gt\/web\/wp-json\/wp\/v2\/posts\/7868\/revisions\/7870"}],"wp:featuredmedia":[{"embeddable":true,"href":"https:\/\/conadi.gob.gt\/web\/wp-json\/wp\/v2\/media\/7869"}],"wp:attachment":[{"href":"https:\/\/conadi.gob.gt\/web\/wp-json\/wp\/v2\/media?parent=7868"}],"wp:term":[{"taxonomy":"category","embeddable":true,"href":"https:\/\/conadi.gob.gt\/web\/wp-json\/wp\/v2\/categories?post=7868"},{"taxonomy":"post_tag","embeddable":true,"href":"https:\/\/conadi.gob.gt\/web\/wp-json\/wp\/v2\/tags?post=7868"}],"curies":[{"name":"wp","href":"https:\/\/api.w.org\/{rel}","templated":true}]}}