{"id":7901,"date":"2020-10-29T16:51:47","date_gmt":"2020-10-29T16:51:47","guid":{"rendered":"http:\/\/conadi.gob.gt\/web\/?p=7901"},"modified":"2020-10-29T16:51:47","modified_gmt":"2020-10-29T16:51:47","slug":"hacen-llamado-a-las-organizaciones-adscritas-al-conadi-para-participar-en-el-proceso-electoral-2020","status":"publish","type":"post","link":"https:\/\/conadi.gob.gt\/web\/hacen-llamado-a-las-organizaciones-adscritas-al-conadi-para-participar-en-el-proceso-electoral-2020\/","title":{"rendered":"HACEN LLAMADO A LAS ORGANIZACIONES ADSCRITAS AL CONADI PARA PARTICIPAR EN EL PROCESO ELECTORAL 2020"},"content":{"rendered":"<p>Con el objetivo de seguir impulsando la participaci\u00f3n de las organizaciones adscritas al Consejo Nacional para la Atenci\u00f3n de las Personas con Discapacidad (CONADI)\u00a0 en la Elecci\u00f3n de Delegados Titulares y Suplentes para el periodo 2021<strong>&#8211;<\/strong>2023, la presidente de la Comisi\u00f3n Electoral del CONADI 2020 y Directora del Tribunal Supremo Electoral, Gloria L\u00f3pez ha realizado un llamado a todas las organizaciones de personas con discapacidad a que participen en este proceso electoral.<\/p>\n<p>De acuerdo al Decreto 135-96 Ley de Atenci\u00f3n a las Personas con Discapacidad, en su art\u00edculo 8 indica, que los delegados titulares tanto como del sector p\u00fablico y de sociedad civil, pueden elegir y ser electos para desempe\u00f1ar cualquier cargo o comisi\u00f3n de la Junta Directiva del CONADI, la cual debe estar conformada por un Presidente, Vicepresidente, Secretario, Tesorero y Vocal. Este proceso electoral se debe realizar a cada dos a\u00f1os.<\/p>\n<p>La participaci\u00f3n en la vida pol\u00edtica y p\u00fablica y toma de decisiones es importante para ser parte de los avances,\u00a0 logros y alcances del CONADI, sea cual sea el espacio de participaci\u00f3n, esto coadyuvar\u00e1 a definir las nuevas formas de trabajo a adoptar en el futuro y dar seguimiento a cada tema en los diferentes \u00e1mbitos como: educaci\u00f3n, trabajo, accesibilidad, acceso a la justicia, participaci\u00f3n ciudadana en beneficio de las personas con discapacidad.<\/p>\n<p>Para realizar este proceso de Elecci\u00f3n de Delegados Titulares y Suplentes para el periodo 2021-2023 de la Comisi\u00f3n Electoral ha realizado un cronograma de asambleas por cada subsector. El lugar donde se llevar\u00e1n a cabo ser\u00e1 Event Center, Sal\u00f3n La P\u00e9rgola, ubicado en la 3ra. avenida 11-36 zona 9. En las siguientes fechas:<\/p>\n<table width=\"580\">\n<tbody>\n<tr>\n<td width=\"263\"><strong>Fecha<\/strong><\/td>\n<td width=\"317\"><strong>Actividades<\/strong><\/td>\n<\/tr>\n<tr>\n<td width=\"263\">4 de noviembre de 2020<\/td>\n<td width=\"317\">Asamblea de Subsector Organizaciones de personas con discapacidad f\u00edsica<\/td>\n<\/tr>\n<tr>\n<td width=\"263\">5 de noviembre de 2020<\/td>\n<td width=\"317\">Asamblea de Subsector Organizaciones de personas con discapacidad visual<\/td>\n<\/tr>\n<tr>\n<td width=\"263\">6 de noviembre de 2020<\/td>\n<td width=\"317\">Asamblea de Subsector Organizaciones de personas con discapacidad por causa del conflicto armado<\/td>\n<\/tr>\n<tr>\n<td width=\"263\">9 de noviembre de 2020<\/td>\n<td width=\"317\">Asamblea de Subsector Organizaciones de padres, madres y familiares de personas con discapacidad<\/td>\n<\/tr>\n<tr>\n<td width=\"263\">10 de noviembre de 2020<\/p>\n<p>&nbsp;<\/td>\n<td width=\"317\">Asamblea de Subsector de Organismos e instituciones que prestan atenci\u00f3n directa a las personas con discapacidad<\/td>\n<\/tr>\n<tr>\n<td width=\"263\">11 de noviembre de 2020<\/p>\n<p>&nbsp;<\/td>\n<td width=\"317\">Asamblea de Subsector Organizaciones de Personas con Discapacidad Auditiva<\/td>\n<\/tr>\n<tr>\n<td width=\"263\">12 de noviembre de 2020<\/p>\n<p>&nbsp;<\/td>\n<td width=\"317\">Asamblea de Subsector de Organismos e instituciones que promueven acciones a favor de las personas con discapacidad<\/td>\n<\/tr>\n<\/tbody>\n<\/table>\n<p>La comisi\u00f3n electoral est\u00e1 integrada por Gloria Azucena L\u00f3pez, representante del Tribunal Supremo Electoral (TSE); Juan Everardo Chung por la Comisi\u00f3n Presidencial contra la Discriminaci\u00f3n y el Racismo (CODISRA); Juana Estela Cutzal de la Defensor\u00eda de la Mujer; Antonio\u00a0 Rafael Campos Olivero, Consejo Nacional de Adopciones y Mar\u00eda Eugenia Morales Ace\u00f1a, magistrada de la Corte Suprema de Justicia. Los miembros de esta Comisi\u00f3n tienen el compromiso de velar para que la elecci\u00f3n de nuevas autoridades para el periodo 2021-2023, sean elegidas democr\u00e1ticamente y con transparencia basados en el reglamento electoral.<\/p>\n<p>El proceso electoral del CONADI 2020 es sumamente importante para dar seguimiento a cada una de las acciones que se realizan en beneficio de la poblaci\u00f3n con discapacidad, que en Guatemala suman alrededor de 1 mill\u00f3n 600 mil personas.<\/p>\n<p>&nbsp;<\/p>\n<p><a href=\"https:\/\/conadi.gob.gt\/web\/wp-content\/uploads\/2020\/10\/fechas.jpg\"><img loading=\"lazy\" decoding=\"async\" class=\"alignnone size-medium wp-image-7902\" src=\"https:\/\/conadi.gob.gt\/web\/wp-content\/uploads\/2020\/10\/fechas-300x212.jpg\" alt=\"\" width=\"300\" height=\"212\" srcset=\"https:\/\/conadi.gob.gt\/web\/wp-content\/uploads\/2020\/10\/fechas-300x212.jpg 300w, https:\/\/conadi.gob.gt\/web\/wp-content\/uploads\/2020\/10\/fechas-768x542.jpg 768w, https:\/\/conadi.gob.gt\/web\/wp-content\/uploads\/2020\/10\/fechas-1024x722.jpg 1024w, https:\/\/conadi.gob.gt\/web\/wp-content\/uploads\/2020\/10\/fechas.jpg 1935w\" sizes=\"auto, (max-width: 300px) 100vw, 300px\" \/><\/a><\/p>\n<p><strong>\u00a0<\/strong><\/p>\n","protected":false},"excerpt":{"rendered":"<p>Con el objetivo de seguir impulsando la participaci\u00f3n de las organizaciones adscritas al Consejo Nacional para la Atenci\u00f3n de las Personas con Discapacidad (CONADI)\u00a0 en la Elecci\u00f3n de Delegados Titulares y Suplentes para el periodo 2021&#8211;2023, la presidente de la Comisi\u00f3n Electoral del CONADI 2020 y Directora del Tribunal Supremo Electoral, Gloria L\u00f3pez ha realizado &hellip; <\/p>\n<p class=\"link-more\"><a href=\"https:\/\/conadi.gob.gt\/web\/hacen-llamado-a-las-organizaciones-adscritas-al-conadi-para-participar-en-el-proceso-electoral-2020\/\" class=\"more-link\">Leer m\u00e1s<span class=\"screen-reader-text\"> \u00abHACEN LLAMADO A LAS ORGANIZACIONES ADSCRITAS AL CONADI PARA PARTICIPAR EN EL PROCESO ELECTORAL 2020\u00bb<\/span><\/a><\/p>\n","protected":false},"author":12,"featured_media":7902,"comment_status":"open","ping_status":"closed","sticky":false,"template":"","format":"standard","meta":{"footnotes":""},"categories":[3],"tags":[],"class_list":["post-7901","post","type-post","status-publish","format-standard","has-post-thumbnail","hentry","category-noticias"],"_links":{"self":[{"href":"https:\/\/conadi.gob.gt\/web\/wp-json\/wp\/v2\/posts\/7901","targetHints":{"allow":["GET"]}}],"collection":[{"href":"https:\/\/conadi.gob.gt\/web\/wp-json\/wp\/v2\/posts"}],"about":[{"href":"https:\/\/conadi.gob.gt\/web\/wp-json\/wp\/v2\/types\/post"}],"author":[{"embeddable":true,"href":"https:\/\/conadi.gob.gt\/web\/wp-json\/wp\/v2\/users\/12"}],"replies":[{"embeddable":true,"href":"https:\/\/conadi.gob.gt\/web\/wp-json\/wp\/v2\/comments?post=7901"}],"version-history":[{"count":1,"href":"https:\/\/conadi.gob.gt\/web\/wp-json\/wp\/v2\/posts\/7901\/revisions"}],"predecessor-version":[{"id":7903,"href":"https:\/\/conadi.gob.gt\/web\/wp-json\/wp\/v2\/posts\/7901\/revisions\/7903"}],"wp:featuredmedia":[{"embeddable":true,"href":"https:\/\/conadi.gob.gt\/web\/wp-json\/wp\/v2\/media\/7902"}],"wp:attachment":[{"href":"https:\/\/conadi.gob.gt\/web\/wp-json\/wp\/v2\/media?parent=7901"}],"wp:term":[{"taxonomy":"category","embeddable":true,"href":"https:\/\/conadi.gob.gt\/web\/wp-json\/wp\/v2\/categories?post=7901"},{"taxonomy":"post_tag","embeddable":true,"href":"https:\/\/conadi.gob.gt\/web\/wp-json\/wp\/v2\/tags?post=7901"}],"curies":[{"name":"wp","href":"https:\/\/api.w.org\/{rel}","templated":true}]}}