{"id":8162,"date":"2020-11-26T16:44:17","date_gmt":"2020-11-26T16:44:17","guid":{"rendered":"http:\/\/conadi.gob.gt\/web\/?p=8162"},"modified":"2020-11-26T16:44:17","modified_gmt":"2020-11-26T16:44:17","slug":"tercera-convocatoria-para-eleccion-y-acreditacion-de-representante-titular-y-suplente-de-subsector","status":"publish","type":"post","link":"https:\/\/conadi.gob.gt\/web\/tercera-convocatoria-para-eleccion-y-acreditacion-de-representante-titular-y-suplente-de-subsector\/","title":{"rendered":"TERCERA CONVOCATORIA PARA ELECCI\u00d3N Y ACREDITACI\u00d3N DE REPRESENTANTE TITULAR Y SUPLENTE DE SUBSECTOR"},"content":{"rendered":"<p>Con el objetivo de seguir impulsando la participaci\u00f3n de las organizaciones adscritas al Consejo Nacional para la Atenci\u00f3n de las Personas con Discapacidad (CONADI), la Comisi\u00f3n Electoral 2020, lanza la TERCERA CONVOCATORIA \u00a0a las Asambleas de los Subsectores de la Sociedad Civil, para los subsectores que no han podido realizar la elecci\u00f3n de su representante Titular y Suplente.<\/p>\n<p>A continuaci\u00f3n se detalla las organizaciones con fecha, hora y lugar para realizar sus asambleas.<\/p>\n<p>&nbsp;<\/p>\n<p><strong>Organizaciones De Personas Con Discapacidad F\u00edsica<\/strong><\/p>\n<p>Fecha: Martes 01 de diciembre 2020<\/p>\n<p>Hora: 09:00 am<\/p>\n<p>Lugar: CONADI 1\u00aa. Avenida 4-18, zona 1, Ciudad Capital<\/p>\n<p>&nbsp;<\/p>\n<p><strong>Organizaciones De Personas Con Discapacidad Visual<\/strong><\/p>\n<p>Fecha: Mi\u00e9rcoles 02 de diciembre 2020<\/p>\n<p>Hora: 09:00 am<\/p>\n<p>Lugar: Event Center, Sal\u00f3n La P\u00e9rgola, 3\u00aa. Avenida 11-36, zona 9, Ciudad Capital<\/p>\n<p>&nbsp;<\/p>\n<p><strong>Organizaciones De Personas Con Discapacidad Por Causa Del Conflicto Armado<\/strong><\/p>\n<p>Fecha: Jueves 03 de diciembre 2020<\/p>\n<p>Hora: 09:00 am<\/p>\n<p>Lugar: CONADI 1\u00aa. Avenida 4-18, zona 1, Ciudad Capital<\/p>\n<p>&nbsp;<\/p>\n<p><strong>Organizaciones De Padres, Madres y Familiares de Personas con Discapacidad<\/strong><\/p>\n<p>Fecha: Viernes 04 de diciembre 2020<\/p>\n<p>Hora: 09:00 am<\/p>\n<p>Lugar: Event Center, Sal\u00f3n La P\u00e9rgola, 3\u00aa. Avenida 11-36, zona 9, Ciudad Capital.<\/p>\n<p>Asimismo, hacen el llamado a las organizaciones civiles que integran los subsectores indicados a completar los documentos necesarios para su participaci\u00f3n.<\/p>\n<p>CONADI \u00abAcci\u00f3n conjunta para una participaci\u00f3n plena\u00bb.<\/p>\n<p>&nbsp;<\/p>\n<p><a href=\"https:\/\/conadi.gob.gt\/web\/wp-content\/uploads\/2020\/11\/WhatsApp-Image-2020-11-25-at-7.22.01-PM.jpeg\"><img loading=\"lazy\" decoding=\"async\" class=\"alignnone size-medium wp-image-8163\" src=\"https:\/\/conadi.gob.gt\/web\/wp-content\/uploads\/2020\/11\/WhatsApp-Image-2020-11-25-at-7.22.01-PM-300x232.jpeg\" alt=\"\" width=\"300\" height=\"232\" srcset=\"https:\/\/conadi.gob.gt\/web\/wp-content\/uploads\/2020\/11\/WhatsApp-Image-2020-11-25-at-7.22.01-PM-300x232.jpeg 300w, https:\/\/conadi.gob.gt\/web\/wp-content\/uploads\/2020\/11\/WhatsApp-Image-2020-11-25-at-7.22.01-PM-768x593.jpeg 768w, https:\/\/conadi.gob.gt\/web\/wp-content\/uploads\/2020\/11\/WhatsApp-Image-2020-11-25-at-7.22.01-PM-1024x791.jpeg 1024w, https:\/\/conadi.gob.gt\/web\/wp-content\/uploads\/2020\/11\/WhatsApp-Image-2020-11-25-at-7.22.01-PM-45x35.jpeg 45w, https:\/\/conadi.gob.gt\/web\/wp-content\/uploads\/2020\/11\/WhatsApp-Image-2020-11-25-at-7.22.01-PM.jpeg 1280w\" sizes=\"auto, (max-width: 300px) 100vw, 300px\" \/><\/a><\/p>\n","protected":false},"excerpt":{"rendered":"<p>Con el objetivo de seguir impulsando la participaci\u00f3n de las organizaciones adscritas al Consejo Nacional para la Atenci\u00f3n de las Personas con Discapacidad (CONADI), la Comisi\u00f3n Electoral 2020, lanza la TERCERA CONVOCATORIA \u00a0a las Asambleas de los Subsectores de la Sociedad Civil, para los subsectores que no han podido realizar la elecci\u00f3n de su representante &hellip; <\/p>\n<p class=\"link-more\"><a href=\"https:\/\/conadi.gob.gt\/web\/tercera-convocatoria-para-eleccion-y-acreditacion-de-representante-titular-y-suplente-de-subsector\/\" class=\"more-link\">Leer m\u00e1s<span class=\"screen-reader-text\"> \u00abTERCERA CONVOCATORIA PARA ELECCI\u00d3N Y ACREDITACI\u00d3N DE REPRESENTANTE TITULAR Y SUPLENTE DE SUBSECTOR\u00bb<\/span><\/a><\/p>\n","protected":false},"author":12,"featured_media":8163,"comment_status":"open","ping_status":"closed","sticky":false,"template":"","format":"standard","meta":{"footnotes":""},"categories":[3],"tags":[],"class_list":["post-8162","post","type-post","status-publish","format-standard","has-post-thumbnail","hentry","category-noticias"],"_links":{"self":[{"href":"https:\/\/conadi.gob.gt\/web\/wp-json\/wp\/v2\/posts\/8162","targetHints":{"allow":["GET"]}}],"collection":[{"href":"https:\/\/conadi.gob.gt\/web\/wp-json\/wp\/v2\/posts"}],"about":[{"href":"https:\/\/conadi.gob.gt\/web\/wp-json\/wp\/v2\/types\/post"}],"author":[{"embeddable":true,"href":"https:\/\/conadi.gob.gt\/web\/wp-json\/wp\/v2\/users\/12"}],"replies":[{"embeddable":true,"href":"https:\/\/conadi.gob.gt\/web\/wp-json\/wp\/v2\/comments?post=8162"}],"version-history":[{"count":1,"href":"https:\/\/conadi.gob.gt\/web\/wp-json\/wp\/v2\/posts\/8162\/revisions"}],"predecessor-version":[{"id":8164,"href":"https:\/\/conadi.gob.gt\/web\/wp-json\/wp\/v2\/posts\/8162\/revisions\/8164"}],"wp:featuredmedia":[{"embeddable":true,"href":"https:\/\/conadi.gob.gt\/web\/wp-json\/wp\/v2\/media\/8163"}],"wp:attachment":[{"href":"https:\/\/conadi.gob.gt\/web\/wp-json\/wp\/v2\/media?parent=8162"}],"wp:term":[{"taxonomy":"category","embeddable":true,"href":"https:\/\/conadi.gob.gt\/web\/wp-json\/wp\/v2\/categories?post=8162"},{"taxonomy":"post_tag","embeddable":true,"href":"https:\/\/conadi.gob.gt\/web\/wp-json\/wp\/v2\/tags?post=8162"}],"curies":[{"name":"wp","href":"https:\/\/api.w.org\/{rel}","templated":true}]}}