{"id":8165,"date":"2020-11-26T17:19:35","date_gmt":"2020-11-26T17:19:35","guid":{"rendered":"http:\/\/conadi.gob.gt\/web\/?p=8165"},"modified":"2020-11-26T17:58:48","modified_gmt":"2020-11-26T17:58:48","slug":"promueven-actividades-conmemorativas-al-dia-internacional-de-las-personas-con-discapacidad","status":"publish","type":"post","link":"https:\/\/conadi.gob.gt\/web\/promueven-actividades-conmemorativas-al-dia-internacional-de-las-personas-con-discapacidad\/","title":{"rendered":"PROMUEVEN ACTIVIDADES CONMEMORATIVAS AL D\u00cdA INTERNACIONAL DE LAS PERSONAS CON DISCAPACIDAD"},"content":{"rendered":"<p>El 3 de diciembre, se conmemora el D\u00eda Internacional de las Personas con Discapacidad, con el objetivo de promover la inclusi\u00f3n de personas con discapacidad a la sociedad y fomentar en el desarrollo del pa\u00eds; y, espec\u00edficamente, hacer respetar sus derechos y el bienestar de este colectivo en todos los \u00e1mbitos de la sociedad y el desarrollo, as\u00ed como concienciar sobre su situaci\u00f3n en todos los aspectos de la vida pol\u00edtica, social, econ\u00f3mica y cultural.<\/p>\n<p>El CONADI para dar recalce a este d\u00eda conmemorativo en este 2020, tiene programado realizar varias actividades con la consigna <strong><em>\u201cIgnorar mis derechos es, discriminaci\u00f3n\u201d<\/em><\/strong> entre las actividades est\u00e1n: deportivas, culturales, informativas, de concienciaci\u00f3n y de reconocimiento.<\/p>\n<p>Por lo que, El CONADI invita a la poblaci\u00f3n en general a participar en las actividades conmemorativas en el marco del 3 de diciembre.<\/p>\n<p><span style=\"color: #3366ff;\"><strong>Domingo 29 Noviembre<\/strong><\/span><\/p>\n<p>Carrera Virtual \u00abA pasos de campeones\u00bb 2020<\/p>\n<p>Hora: 10:00 am<\/p>\n<p>Por: Plataforma ZOOM y Facebook Live CONADI GUATEMALA<\/p>\n<p>Link: <a href=\"https:\/\/us02web.zoom.us\/j\/89439581193?pwd=ZDhFTWMrc254QXo0MCtOSzZBdExKUT09\">https:\/\/us02web.zoom.us\/j\/89439581193?pwd=ZDhFTWMrc254QXo0MCtOSzZBdExKUT09<\/a><\/p>\n<p>Meeting ID: 894 3958 1193, Contrase\u00f1a: 412003<\/p>\n<p>Puede inscribirse en el siguiente link:\u00a0\u00a0<a href=\"https:\/\/forms.gle\/owiw3nokV7z6bj8c7\">https:\/\/forms.gle\/owiw3nokV7z6bj8c7<\/a><\/p>\n<p>&nbsp;<\/p>\n<p><span style=\"color: #3366ff;\"><strong>Del 30 Noviembre al 5 Diciembre<\/strong><\/span><\/p>\n<p>\u00abFestival Nacional Inclusivo de Arte y Cultura \u201cIgnorar mis derechos, es discriminaci\u00f3n\u201d<\/p>\n<p>Hora: 14:00 a 16:00<\/p>\n<p>Por: Facebook CONADI GUATEMALA<\/p>\n<p>Las categor\u00edas son las siguientes:<\/p>\n<ul>\n<li>Lunes: <strong>Canto y M\u00fasica<\/strong><\/li>\n<li>Martes: <strong>Baile y Artesan\u00edas<\/strong><\/li>\n<li>Mi\u00e9rcoles: <strong>Dibujo y Pintura<\/strong><\/li>\n<li>Jueves: <strong>Poes\u00eda<\/strong><\/li>\n<li>Viernes: <strong>Fotograf\u00eda<\/strong><\/li>\n<\/ul>\n<p>&nbsp;<\/p>\n<p><span style=\"color: #3366ff;\"><strong>Lunes 30 de Noviembre <\/strong><\/span><\/p>\n<p>Foro: \u00abLa Lengua de Se\u00f1as en Guatemala; acciones, fortalezas y expectativas\u00bb.<\/p>\n<p>Hora: 9:00 a 11:30 horas.<\/p>\n<p>Por: Plataforma Zoom, en el link<\/p>\n<p><a href=\"https:\/\/us02web.zoom.us\/j\/4104056489?pwd=ZUJVWjFqNUxzMnViUFdyMUxZbVUzQT09\">https:\/\/us02web.zoom.us\/j\/4104056489?pwd=ZUJVWjFqNUxzMnViUFdyMUxZbVUzQT09<\/a><\/p>\n<p>Tambi\u00e9n por Facebook Live CONADI GUATEMALA y @Pactoglobalguatemala<\/p>\n<p>Registr\u00f3 a trav\u00e9s de: <a href=\"https:\/\/bit.ly\/33dITSF\">https:\/\/bit.ly\/33dITSF<\/a><\/p>\n<p><strong>\u00a0<\/strong><\/p>\n<p><span style=\"color: #3366ff;\"><strong>Martes 01 de diciembre<\/strong><\/span><\/p>\n<p>Foro Virtual \u201cInclusi\u00f3n Laboral para Personas con Discapacidad\u201d<\/p>\n<p>Hora: 09:00 a 10:30<\/p>\n<p>Por: Plataforma Zoom y a trav\u00e9s de Facebook Live CONADI GUATEMALA, @Pactoglobalguatemala<\/p>\n<p>Registr\u00f3 a trav\u00e9s de: <a href=\"https:\/\/bit.ly\/33dITSF\">https:\/\/bit.ly\/33dITSF<\/a><\/p>\n<p>&nbsp;<\/p>\n<p><span style=\"color: #3366ff;\"><strong>El 02 y 04 de diciembre<\/strong><\/span><\/p>\n<p>Congreso Nacional Virtual \u00abIgnorar mis Derechos es Discriminaci\u00f3n\u00bb.<\/p>\n<p>Hora: 9:00 a 12:00<\/p>\n<p>Por: Plataforma ZOOM y Facebook Live CONADI GUATEMALA.<\/p>\n<p>&nbsp;<\/p>\n<p><span style=\"color: #3366ff;\"><strong>Jueves 3 de diciembre<\/strong><\/span><\/p>\n<ul>\n<li>Cambio de la Rosa de la Paz y Nombramiento del Mensajero de la Paz 2020-2021.<\/li>\n<\/ul>\n<p>Hora: 10:00 horas<\/p>\n<p>Por: Plataforma de Facebook Live CONADI GUATEMALA<\/p>\n<p>&nbsp;<\/p>\n<ul>\n<li>Presentaci\u00f3n virtual del: \u00bb Diagn\u00f3stico sobre los avances y cumplimientos de la Pol\u00edtica Nacional en Discapacidad\u00bb.<\/li>\n<\/ul>\n<p>Hora: 15:00 a 16:30<\/p>\n<p>Por: Plataforma ZOOM utilizando el enlace:\u00a0\u00a0<a href=\"https:\/\/us02web.zoom.us\/j\/83398000636\">https:\/\/us02web.zoom.us\/j\/83398000636<\/a><\/p>\n<p>ID de reuni\u00f3n: 833 9800 0636 y el C\u00f3digo de acceso: 908092 y por Facebook Live CONADI\u00a0 \u00a0 \u00a0 \u00a0 \u00a0 \u00a0 \u00a0 \u00a0 \u00a0 \u00a0 \u00a0 \u00a0 GUATEMALA<\/p>\n<p>&nbsp;<\/p>\n<p style=\"text-align: center;\">CONADI, Acci\u00f3n conjunta para una participaci\u00f3n plena.<\/p>\n<p><a href=\"https:\/\/conadi.gob.gt\/web\/wp-content\/uploads\/2020\/11\/WhatsApp-Image-2020-11-25-at-7.22.02-PM.jpeg\"><img loading=\"lazy\" decoding=\"async\" class=\"alignnone size-medium wp-image-8166\" src=\"https:\/\/conadi.gob.gt\/web\/wp-content\/uploads\/2020\/11\/WhatsApp-Image-2020-11-25-at-7.22.02-PM-300x240.jpeg\" alt=\"\" width=\"300\" height=\"240\" srcset=\"https:\/\/conadi.gob.gt\/web\/wp-content\/uploads\/2020\/11\/WhatsApp-Image-2020-11-25-at-7.22.02-PM-300x240.jpeg 300w, https:\/\/conadi.gob.gt\/web\/wp-content\/uploads\/2020\/11\/WhatsApp-Image-2020-11-25-at-7.22.02-PM-768x614.jpeg 768w, https:\/\/conadi.gob.gt\/web\/wp-content\/uploads\/2020\/11\/WhatsApp-Image-2020-11-25-at-7.22.02-PM-1024x818.jpeg 1024w, https:\/\/conadi.gob.gt\/web\/wp-content\/uploads\/2020\/11\/WhatsApp-Image-2020-11-25-at-7.22.02-PM-45x35.jpeg 45w, https:\/\/conadi.gob.gt\/web\/wp-content\/uploads\/2020\/11\/WhatsApp-Image-2020-11-25-at-7.22.02-PM.jpeg 1280w\" sizes=\"auto, (max-width: 300px) 100vw, 300px\" \/><\/a><\/p>\n<p><a href=\"https:\/\/conadi.gob.gt\/web\/wp-content\/uploads\/2020\/11\/WhatsApp-Image-2020-11-25-at-7.22.02-PM-1.jpeg\"><img loading=\"lazy\" decoding=\"async\" class=\"alignnone size-medium wp-image-8167\" src=\"https:\/\/conadi.gob.gt\/web\/wp-content\/uploads\/2020\/11\/WhatsApp-Image-2020-11-25-at-7.22.02-PM-1-300x240.jpeg\" alt=\"\" width=\"300\" height=\"240\" srcset=\"https:\/\/conadi.gob.gt\/web\/wp-content\/uploads\/2020\/11\/WhatsApp-Image-2020-11-25-at-7.22.02-PM-1-300x240.jpeg 300w, https:\/\/conadi.gob.gt\/web\/wp-content\/uploads\/2020\/11\/WhatsApp-Image-2020-11-25-at-7.22.02-PM-1-768x614.jpeg 768w, https:\/\/conadi.gob.gt\/web\/wp-content\/uploads\/2020\/11\/WhatsApp-Image-2020-11-25-at-7.22.02-PM-1-1024x818.jpeg 1024w, https:\/\/conadi.gob.gt\/web\/wp-content\/uploads\/2020\/11\/WhatsApp-Image-2020-11-25-at-7.22.02-PM-1-45x35.jpeg 45w, https:\/\/conadi.gob.gt\/web\/wp-content\/uploads\/2020\/11\/WhatsApp-Image-2020-11-25-at-7.22.02-PM-1.jpeg 1280w\" sizes=\"auto, (max-width: 300px) 100vw, 300px\" \/><\/a><\/p>\n<p><a href=\"https:\/\/conadi.gob.gt\/web\/wp-content\/uploads\/2020\/11\/WhatsApp-Image-2020-11-25-at-7.22.02-PM-2.jpeg\"><img loading=\"lazy\" decoding=\"async\" class=\"alignnone size-medium wp-image-8168\" src=\"https:\/\/conadi.gob.gt\/web\/wp-content\/uploads\/2020\/11\/WhatsApp-Image-2020-11-25-at-7.22.02-PM-2-300x240.jpeg\" alt=\"\" width=\"300\" height=\"240\" srcset=\"https:\/\/conadi.gob.gt\/web\/wp-content\/uploads\/2020\/11\/WhatsApp-Image-2020-11-25-at-7.22.02-PM-2-300x240.jpeg 300w, https:\/\/conadi.gob.gt\/web\/wp-content\/uploads\/2020\/11\/WhatsApp-Image-2020-11-25-at-7.22.02-PM-2-768x614.jpeg 768w, https:\/\/conadi.gob.gt\/web\/wp-content\/uploads\/2020\/11\/WhatsApp-Image-2020-11-25-at-7.22.02-PM-2-1024x818.jpeg 1024w, https:\/\/conadi.gob.gt\/web\/wp-content\/uploads\/2020\/11\/WhatsApp-Image-2020-11-25-at-7.22.02-PM-2-45x35.jpeg 45w, https:\/\/conadi.gob.gt\/web\/wp-content\/uploads\/2020\/11\/WhatsApp-Image-2020-11-25-at-7.22.02-PM-2.jpeg 1280w\" sizes=\"auto, (max-width: 300px) 100vw, 300px\" \/><\/a><\/p>\n","protected":false},"excerpt":{"rendered":"<p>El 3 de diciembre, se conmemora el D\u00eda Internacional de las Personas con Discapacidad, con el objetivo de promover la inclusi\u00f3n de personas con discapacidad a la sociedad y fomentar en el desarrollo del pa\u00eds; y, espec\u00edficamente, hacer respetar sus derechos y el bienestar de este colectivo en todos los \u00e1mbitos de la sociedad y &hellip; <\/p>\n<p class=\"link-more\"><a href=\"https:\/\/conadi.gob.gt\/web\/promueven-actividades-conmemorativas-al-dia-internacional-de-las-personas-con-discapacidad\/\" class=\"more-link\">Leer m\u00e1s<span class=\"screen-reader-text\"> \u00abPROMUEVEN ACTIVIDADES CONMEMORATIVAS AL D\u00cdA INTERNACIONAL DE LAS PERSONAS CON DISCAPACIDAD\u00bb<\/span><\/a><\/p>\n","protected":false},"author":12,"featured_media":8166,"comment_status":"open","ping_status":"closed","sticky":false,"template":"","format":"standard","meta":{"footnotes":""},"categories":[3],"tags":[],"class_list":["post-8165","post","type-post","status-publish","format-standard","has-post-thumbnail","hentry","category-noticias"],"_links":{"self":[{"href":"https:\/\/conadi.gob.gt\/web\/wp-json\/wp\/v2\/posts\/8165","targetHints":{"allow":["GET"]}}],"collection":[{"href":"https:\/\/conadi.gob.gt\/web\/wp-json\/wp\/v2\/posts"}],"about":[{"href":"https:\/\/conadi.gob.gt\/web\/wp-json\/wp\/v2\/types\/post"}],"author":[{"embeddable":true,"href":"https:\/\/conadi.gob.gt\/web\/wp-json\/wp\/v2\/users\/12"}],"replies":[{"embeddable":true,"href":"https:\/\/conadi.gob.gt\/web\/wp-json\/wp\/v2\/comments?post=8165"}],"version-history":[{"count":4,"href":"https:\/\/conadi.gob.gt\/web\/wp-json\/wp\/v2\/posts\/8165\/revisions"}],"predecessor-version":[{"id":8172,"href":"https:\/\/conadi.gob.gt\/web\/wp-json\/wp\/v2\/posts\/8165\/revisions\/8172"}],"wp:featuredmedia":[{"embeddable":true,"href":"https:\/\/conadi.gob.gt\/web\/wp-json\/wp\/v2\/media\/8166"}],"wp:attachment":[{"href":"https:\/\/conadi.gob.gt\/web\/wp-json\/wp\/v2\/media?parent=8165"}],"wp:term":[{"taxonomy":"category","embeddable":true,"href":"https:\/\/conadi.gob.gt\/web\/wp-json\/wp\/v2\/categories?post=8165"},{"taxonomy":"post_tag","embeddable":true,"href":"https:\/\/conadi.gob.gt\/web\/wp-json\/wp\/v2\/tags?post=8165"}],"curies":[{"name":"wp","href":"https:\/\/api.w.org\/{rel}","templated":true}]}}