{"id":8197,"date":"2020-12-01T00:11:52","date_gmt":"2020-12-01T00:11:52","guid":{"rendered":"http:\/\/conadi.gob.gt\/web\/?p=8197"},"modified":"2020-12-03T23:28:51","modified_gmt":"2020-12-03T23:28:51","slug":"rosa-idalia-aldana-electa-como-miembro-experto-al-comite-sobre-los-derechos-de-las-personas-con-discapacidad","status":"publish","type":"post","link":"https:\/\/conadi.gob.gt\/web\/rosa-idalia-aldana-electa-como-miembro-experto-al-comite-sobre-los-derechos-de-las-personas-con-discapacidad\/","title":{"rendered":"Dra. Rosa Idalia Aldana es electa como representante del Estado de Guatemala al Comit\u00e9 Sobre los Derechos de las Personas con Discapacidad"},"content":{"rendered":"<p>La Doctora Rosa Idalia Aldana, actual presidenta del Consejo Nacional para la Atenci\u00f3n de las Personas con Discapacidad (CONADI), fue electa como\u00a0como <strong>experta independiente al Comit\u00e9 sobre los Derechos de las Personas con Discapacidad,<\/strong> para el per\u00edodo 2021-2024.<\/p>\n<p>En el proceso llevado a cabo en New York, participaron 27 aspirantes para 9 puestos del Comit\u00e9 en referencia, delegaciones de 100 pa\u00edses votaron a favor de Guatemala. Al t\u00e9rmino de la primera ronda trascendi\u00f3 que Guatemala fue electa, junto a Marruecos, Israel, Nueva Zelanda y Panam\u00e1. Este Comit\u00e9 da seguimiento a la implementaci\u00f3n y cumplimiento de la Convenci\u00f3n Sobre los Derechos de las Personas con Discapacidad(CDPD) por parte de los Estados que han adoptado este instrumento.<\/p>\n<p>Dentro de los planes de la Dra. Aldana, persona de talla peque\u00f1a, se encuentra la promoci\u00f3n, protecci\u00f3n y trabajar en la garant\u00eda del pleno cumplimiento de los derechos de las Personas con Discapacidad, en igualdad de condici\u00f3n con los dem\u00e1s, tal como lo manda la CDPD.<\/p>\n<p>Aldana, es representante de la Universidad de San Carlos de Guatemala ante el CONADI. Dentro de su labor destaca su experiencia por la lucha de los derechos humanos de las personas con discapacidad por m\u00e1s de 30 a\u00f1os, es fundadora de la Asociaci\u00f3n Gente Peque\u00f1a de Guatemala, entidad que trabaja en apoyo a personas con acondroplasia u otros diagn\u00f3sticos similares e incidi\u00f3 en las reformas al Decreto 135-96, Ley de Atenci\u00f3n a las Personas con Discapacidad, para que el trastorno de talla y peso se considerar\u00e1n una condici\u00f3n de discapacidad.<\/p>\n<p>Es importante destacar que el gobierno de Guatemala present\u00f3 la candidatura de Aldana Salguero, el 24 de febrero del a\u00f1o en curso y realiz\u00f3 una fuerte campa\u00f1a de promoci\u00f3n y cabildeo a trav\u00e9s de la Canciller\u00eda, Misiones Permanentes y Embajadas acreditadas en el exterior.<\/p>\n<p>Ante la noticia de la elecci\u00f3n de Aldana a tan alto cargo, instituciones de gobierno, entidades internacionales y organizaciones de y para personas con discapacidad han manifestado su agrado p\u00fablicamente. Asimismo, el Gobierno de la Rep\u00fablica de Guatemala ha manifestado su agradecimiento a la comunidad internacional y los pa\u00edses amigos su respaldo.<\/p>\n<p>Esta ser\u00eda la segunda oportunidad que el Estado de Guatemala tiene una representante en el Comit\u00e9 Sobre los Derechos de las Personas con Discapacidad, debido a que la guatemalteca Silvia Quan Chan fue parte del Comit\u00e9 durante el periodo 2011-2016.<\/p>\n<p>Guatemala a su vez, fue electa para ostentar la Vicepresidencia de la Conferencia de los Estados Parte de la Convenci\u00f3n sobre los Derechos de las Personas con Discapacidad (CRPD) para el per\u00edodo 2021-2022.\u00a0 Esta representaci\u00f3n ha sido de manera consecutiva desde el 72\u00ba Per\u00edodo de Sesiones de la Asamblea General de la Organizaci\u00f3n de las Naciones Unidas; reafirmando as\u00ed, uno de los objetivos principales de la pol\u00edtica exterior de nuestro pa\u00eds.<\/p>\n<p><a href=\"https:\/\/conadi.gob.gt\/web\/wp-content\/uploads\/2020\/12\/WhatsApp-Image-2020-11-30-at-5.54.25-PM.jpeg\"><img loading=\"lazy\" decoding=\"async\" class=\"alignnone size-medium wp-image-8198\" src=\"https:\/\/conadi.gob.gt\/web\/wp-content\/uploads\/2020\/12\/WhatsApp-Image-2020-11-30-at-5.54.25-PM-300x223.jpeg\" alt=\"\" width=\"300\" height=\"223\" srcset=\"https:\/\/conadi.gob.gt\/web\/wp-content\/uploads\/2020\/12\/WhatsApp-Image-2020-11-30-at-5.54.25-PM-300x223.jpeg 300w, https:\/\/conadi.gob.gt\/web\/wp-content\/uploads\/2020\/12\/WhatsApp-Image-2020-11-30-at-5.54.25-PM-768x572.jpeg 768w, https:\/\/conadi.gob.gt\/web\/wp-content\/uploads\/2020\/12\/WhatsApp-Image-2020-11-30-at-5.54.25-PM-1024x762.jpeg 1024w, https:\/\/conadi.gob.gt\/web\/wp-content\/uploads\/2020\/12\/WhatsApp-Image-2020-11-30-at-5.54.25-PM.jpeg 1280w\" sizes=\"auto, (max-width: 300px) 100vw, 300px\" \/><\/a><\/p>\n","protected":false},"excerpt":{"rendered":"<p>La Doctora Rosa Idalia Aldana, actual presidenta del Consejo Nacional para la Atenci\u00f3n de las Personas con Discapacidad (CONADI), fue electa como\u00a0como experta independiente al Comit\u00e9 sobre los Derechos de las Personas con Discapacidad, para el per\u00edodo 2021-2024. En el proceso llevado a cabo en New York, participaron 27 aspirantes para 9 puestos del Comit\u00e9 &hellip; <\/p>\n<p class=\"link-more\"><a href=\"https:\/\/conadi.gob.gt\/web\/rosa-idalia-aldana-electa-como-miembro-experto-al-comite-sobre-los-derechos-de-las-personas-con-discapacidad\/\" class=\"more-link\">Leer m\u00e1s<span class=\"screen-reader-text\"> \u00abDra. Rosa Idalia Aldana es electa como representante del Estado de Guatemala al Comit\u00e9 Sobre los Derechos de las Personas con Discapacidad\u00bb<\/span><\/a><\/p>\n","protected":false},"author":12,"featured_media":8198,"comment_status":"open","ping_status":"closed","sticky":false,"template":"","format":"standard","meta":{"footnotes":""},"categories":[3],"tags":[],"class_list":["post-8197","post","type-post","status-publish","format-standard","has-post-thumbnail","hentry","category-noticias"],"_links":{"self":[{"href":"https:\/\/conadi.gob.gt\/web\/wp-json\/wp\/v2\/posts\/8197","targetHints":{"allow":["GET"]}}],"collection":[{"href":"https:\/\/conadi.gob.gt\/web\/wp-json\/wp\/v2\/posts"}],"about":[{"href":"https:\/\/conadi.gob.gt\/web\/wp-json\/wp\/v2\/types\/post"}],"author":[{"embeddable":true,"href":"https:\/\/conadi.gob.gt\/web\/wp-json\/wp\/v2\/users\/12"}],"replies":[{"embeddable":true,"href":"https:\/\/conadi.gob.gt\/web\/wp-json\/wp\/v2\/comments?post=8197"}],"version-history":[{"count":6,"href":"https:\/\/conadi.gob.gt\/web\/wp-json\/wp\/v2\/posts\/8197\/revisions"}],"predecessor-version":[{"id":8220,"href":"https:\/\/conadi.gob.gt\/web\/wp-json\/wp\/v2\/posts\/8197\/revisions\/8220"}],"wp:featuredmedia":[{"embeddable":true,"href":"https:\/\/conadi.gob.gt\/web\/wp-json\/wp\/v2\/media\/8198"}],"wp:attachment":[{"href":"https:\/\/conadi.gob.gt\/web\/wp-json\/wp\/v2\/media?parent=8197"}],"wp:term":[{"taxonomy":"category","embeddable":true,"href":"https:\/\/conadi.gob.gt\/web\/wp-json\/wp\/v2\/categories?post=8197"},{"taxonomy":"post_tag","embeddable":true,"href":"https:\/\/conadi.gob.gt\/web\/wp-json\/wp\/v2\/tags?post=8197"}],"curies":[{"name":"wp","href":"https:\/\/api.w.org\/{rel}","templated":true}]}}