{"id":8229,"date":"2020-12-05T14:35:37","date_gmt":"2020-12-05T14:35:37","guid":{"rendered":"http:\/\/conadi.gob.gt\/web\/?p=8229"},"modified":"2020-12-05T14:35:37","modified_gmt":"2020-12-05T14:35:37","slug":"actividades-conmemorativas-al-dia-internacional-de-las-personas-con-discapacidad","status":"publish","type":"post","link":"https:\/\/conadi.gob.gt\/web\/actividades-conmemorativas-al-dia-internacional-de-las-personas-con-discapacidad\/","title":{"rendered":"ACTIVIDADES CONMEMORATIVAS AL  D\u00cdA INTERNACIONAL DE LAS PERSONAS CON DISCAPACIDAD"},"content":{"rendered":"<p><a href=\"https:\/\/conadi.gob.gt\/web\/wp-content\/uploads\/2020\/12\/WhatsApp-Image-2020-12-05-at-8.26.16-AM.jpeg\"><img loading=\"lazy\" decoding=\"async\" class=\"alignnone size-medium wp-image-8230\" src=\"https:\/\/conadi.gob.gt\/web\/wp-content\/uploads\/2020\/12\/WhatsApp-Image-2020-12-05-at-8.26.16-AM-300x300.jpeg\" alt=\"\" width=\"300\" height=\"300\" srcset=\"https:\/\/conadi.gob.gt\/web\/wp-content\/uploads\/2020\/12\/WhatsApp-Image-2020-12-05-at-8.26.16-AM-300x300.jpeg 300w, https:\/\/conadi.gob.gt\/web\/wp-content\/uploads\/2020\/12\/WhatsApp-Image-2020-12-05-at-8.26.16-AM-150x150.jpeg 150w, https:\/\/conadi.gob.gt\/web\/wp-content\/uploads\/2020\/12\/WhatsApp-Image-2020-12-05-at-8.26.16-AM-768x768.jpeg 768w, https:\/\/conadi.gob.gt\/web\/wp-content\/uploads\/2020\/12\/WhatsApp-Image-2020-12-05-at-8.26.16-AM-1024x1024.jpeg 1024w, https:\/\/conadi.gob.gt\/web\/wp-content\/uploads\/2020\/12\/WhatsApp-Image-2020-12-05-at-8.26.16-AM.jpeg 1280w\" sizes=\"auto, (max-width: 300px) 100vw, 300px\" \/><\/a><\/p>\n<p>Como parte de las actividades alusivas al D\u00eda Internacional de las Personas con Discapacidad el Consejo Nacional para la Atenci\u00f3n de las Personas con Discapacidad (CONADI), realiz\u00f3 una semana con varias actividades en el marco del 3 de diciembre \u201cD\u00eda Internacional de las Personas con Discapacidad\u201d, para continuar promoviendo el cumplimiento de los derechos de las personas con discapacidad. En este contexto, se promovi\u00f3 la consigna fue: \u201cIgnorar mis derechos, es discriminaci\u00f3n\u201d.<\/p>\n<p><span style=\"color: #3366ff;\"><strong>Carrera virtual \u201cA pasos de Campeones<\/strong><\/span><\/p>\n<p>Alrededor de 134 personas con y sin discapacidad participaron en la primera carrera virtual \u201cA pasos de Campeones\u201d evento deportivo organizado por el Eje de Participaci\u00f3n Ciudadana del CONADI.<\/p>\n<p>En esta oportunidad se cont\u00f3 con la participaci\u00f3n de Vivian God\u00ednez, instructora de Zumba del Viceministerio del Deporte del Ministerio de Cultura y Deportes,\u00a0 quien inici\u00f3 con la actividad con un calentamiento de diversos ejercicios.<\/p>\n<p>Previo al evento, los participantes \u00a0de diferentes departamentos recibieron una playera deportiva y una medalla. A la vez, los participantes hicieron llegar sus fotograf\u00edas y videos realizando alguna actividad f\u00edsica, entre ellas: bicicleta, caminadoras, el\u00edptica, o realizando alguna actividad deportiva.<\/p>\n<p><span style=\"color: #3366ff;\"><strong>Foro virtual \u201cLa Lengua de Se\u00f1as en Guatemala: acciones, fortalezas y expectativas\u00bb<\/strong><\/span><\/p>\n<p>Con el objetivo de seguir promoviendo el Decreto 03-202 Ley de Lengua de Se\u00f1as, el Eje de Justicia y Seguridad Ciudadana del CONADI, llev\u00f3 a cabo el foro \u201cLa lengua de se\u00f1as en Guatemala: acciones, fortalezas y expectativas, con el apoyo del subsector de personas con discapacidad auditiva.<\/p>\n<p>En la actividad se dio a\u00a0 conocer la Ley, tambi\u00e9n se presentaron avances y las expectativas de los actores.<\/p>\n<p><span style=\"color: #3366ff;\"><strong>Foro virtual \u201cInclusi\u00f3n laboral para personas con discapacidad\u201d<\/strong><\/span><\/p>\n<p>El CONADI a trav\u00e9s del Eje de Incidencia Pol\u00edtica llev\u00f3 a cabo el foro \u201cInclusi\u00f3n laboral para personas con discapacidad\u201d, con el objetivo de promover los derechos y bienestar de la poblaci\u00f3n con discapacidad en todos los \u00e1mbitos de la sociedad y su inclusi\u00f3n para el desarrollo del pa\u00eds.<\/p>\n<p>La importancia de este foro fue crear un espacio de di\u00e1logo y concienciaci\u00f3n sobre la importancia\u00a0 de la inclusi\u00f3n laboral de las personas con discapacidad. De acuerdo a estudios en Guatemala, el 85% de las personas con discapacidad no cuentan con un empleo, cerca del 12% se desenvuelve en la econom\u00eda informal y solo el 2% cuenta con un empleo remunerado.<\/p>\n<p>La actividad cont\u00f3 con la participaci\u00f3n de Rafael Rodr\u00edguez, ministro de Trabajo y Previsi\u00f3n Social; Adela Torrebiarte, diputada de la Comisi\u00f3n de Trabajo del Congreso de la Rep\u00fablica de Guatemala; Rosa Mar\u00eda de Frade, presidenta de Pacto Global Red de Guatemala; Jorge Montoya Guzm\u00e1n, gerente de Talento Humano de Tigo Guatemala; Jennifer Higueros, persona con discapacidad, laboralmente activa (PNUD) y\u00a0 Rosa Idalia Aldana, presidenta del CONADI.<\/p>\n<p><span style=\"color: #3366ff;\"><strong>Primer Congreso Nacional \u201cIgnorar mis derechos, es Discriminaci\u00f3n\u201d<\/strong><\/span><\/p>\n<p>En el marco del 3 de diciembre \u201cD\u00eda Internacional de las Personas con Discapacidad\u201d, el CONADI llev\u00f3 a cabo el primer Congreso Nacional Virtual \u201cIgnorar mis derechos, es discriminaci\u00f3n\u201d, con el objetivo de revindicar los derechos humanos y la inclusi\u00f3n de las personas con discapacidad para el desarrollo del pa\u00eds.<\/p>\n<p>Como parte de las conclusiones que llegaron los participantes en este congreso fue que una de las prioridades en la inclusi\u00f3n de las personas con discapacidad, es dar seguimiento al fomento de la educaci\u00f3n en los niveles de primaria y b\u00e1sicos; se deben fortalecer las instituciones para velar por el apoyo en becas para los ni\u00f1os y ni\u00f1as en los diferentes niveles educativos; abrir espacios en las instituciones p\u00fablicas y privadas para restructurar sus inmuebles para que sean accesibles para todas las personas con discapacidad; dar seguimiento a los talleres\u00a0 de inclusi\u00f3n, infraestructura, empleo, salud y educaci\u00f3n, y a trav\u00e9s de la base de datos de los participantes en los talleres poder crear nuevas plataformas de capacitaci\u00f3n y formaci\u00f3n con ponentes nacionales e internacionales para la participaci\u00f3n de las personas con discapacidad.<\/p>\n<p><span style=\"color: #3366ff;\"><strong>Cambio de la Rosa<\/strong><\/span><\/p>\n<p>El acto de \u00abCambio de la Rosa de la Paz\u00bb se realiz\u00f3 en el marco del D\u00eda Internacional de las Personas con Discapacidad, en el\u00a0 Patio de la Paz, Palacio Nacional de la Cultura. Para este a\u00f1o fue elegida la licenciada Ana Ruth como Mensajera de la Paz. El Ministro\u00a0 de Cultura y Deportes, Felipe Aguilar y la presidenta del CONADI, Rosa Idalia Aldana, hicieron entrega de un reconocimiento a la Mensajera de la Paz, Ana Ruth M\u00e9rida.<\/p>\n<p>Rosa Idalia Aldana, presidenta del CONADI, manifest\u00f3 en su alocuci\u00f3n, la importancia de todos los actores para que se involucren en generar espacios de participaci\u00f3n accesibles, derecho a la movilizaci\u00f3n, educaci\u00f3n, empleo y salud para las personas con discapacidad.<\/p>\n<p><span style=\"color: #3366ff;\"><strong>Foro Virtual Presentaci\u00f3n de Diagn\u00f3stico sobre los avances y cumplimiento de la Pol\u00edtica Nacional de Discapacidad<\/strong><\/span><\/p>\n<p>El CONADI a trav\u00e9s de su Departamento de Desarrollo de Investigaci\u00f3n y An\u00e1lisis de la Informaci\u00f3n, llev\u00f3 a cabo el foro \u201cPresentaci\u00f3n de Diagn\u00f3stico sobre los avances y cumplimiento de la Pol\u00edtica Nacional de Discapacidad\u201d, donde se cont\u00f3 con la participaci\u00f3n expertos en el tema.<\/p>\n<p>Durante el desarrollo del foro se\u00a0 recomend\u00f3 la importancia de vincular la pol\u00edtica de discapacidad con la planificaci\u00f3n anual, multianual y estrat\u00e9gica, con el fin de crear programas presupuestarios que respondan a las necesidades de las personas con discapacidad en las instituciones p\u00fablicas. Asimismo, se evidenci\u00f3 el avance, los retos y desaf\u00edos en la aplicaci\u00f3n de la Pol\u00edtica Nacional en Discapacidad.<\/p>\n<p><span style=\"color: #3366ff;\"><strong>Mural sobre juventud y discapacidad<\/strong><\/span><\/p>\n<p>El Consejo Nacional para la Juventud, a trav\u00e9s de la red de J\u00f3venes Artistas por la Justicia Social que apoyan a referida instituci\u00f3n, elaboraron un mural en las instalaciones del CONADI, con motivo de la conmemoraci\u00f3n del D\u00eda Internacional de las Personas con Discapacidad.<\/p>\n<p>La pictograf\u00eda destaca la importancia de la inclusi\u00f3n de la poblaci\u00f3n con discapacidad en diversos espacios de participaci\u00f3n. Esta acci\u00f3n deriva del convenio de colaboraci\u00f3n suscrito entre ambas entidades.<\/p>\n<p>&nbsp;<\/p>\n<p><span style=\"color: #3366ff;\"><strong>Actividades Departamentales<\/strong><\/span><\/p>\n<p>A nivel nacional, promotores del CONADI promovieron diferentes actividades para conmemorar el D\u00eda Internacional de las Personas con Discapacidad.<\/p>\n<p>Entre estas actividades, se promovieron actividades culturales para realizar el\u00a0 \u201cFestival Nacional Inclusivo de Arte y Cultural\u201d con el objetivo de promover la inclusi\u00f3n de las personas con discapacidad en la vida cultural, recreativa, social, econ\u00f3mica y pol\u00edtica.<\/p>\n<p>En esta actividad, se promovieron diferentes ramas art\u00edsticas, entre ellas: Fotograf\u00eda, dibujo y pintura, cuento y poes\u00eda, m\u00fasica y canto, artesan\u00eda y danza. En esta actividad participaron alrededor de 310 personas con discapacidad, los videos fueron compartidos en la plataforma de Facebook del CONADI.<\/p>\n<p>Otra de las actividades, fue la conmemoraci\u00f3n con\u00a0 Padres y Madres de Personas con Discapacidad\u00a0 de San Tom\u00e1s La Uni\u00f3n\u00a0 Suchitep\u00e9quez.\u00a0 La actividad estuvo coordinada por el alcalde municipal, Pedro Chavaloc; y Directora de la Oficina de la Mujer de la municipalidad y la promotora departamental del CONADI. Asimismo, se hizo entrega del Kit del Festival de Arte y Cultura. En la actividad participaron, representantes del Juzgado de Paz, RENAP, Coordinaci\u00f3n T\u00e9cnica de Educaci\u00f3n Salud P\u00fablica y coordinadora de CODEDIS.<\/p>\n<p>En Panajachel, Solol\u00e1, realizaron actividades de toma de conciencia, donde particip\u00f3\u00a0\u00a0 alcalde Cesar Piedrasanta, Concejo Municipal, representantes de instituciones, agencias Bancarias, empresarios locales, quienes firman carta de compromiso ante la inclusi\u00f3n de las personas con discapacidad. En la actividad la promotora departamental del CONADI hizo entrega del compendio del Marco Normativo de Discapacidad.<\/p>\n<p>Asimismo, los promotores de la Pol\u00edtica en Discapacidad ubicaron la manta con el lema \u201cIgnorar mis derechos, es discriminaci\u00f3n\u201d en puntos estrat\u00e9gicos como parte de la campa\u00f1a de divulgaci\u00f3n.<\/p>\n<p>El 3 de diciembre, en el marco del D\u00eda Internacional de las Personas con Discapacidad, se realiz\u00f3 la inauguraci\u00f3n de\u00a0 la Oficina Municipal de Discapacidad en el municipio de Cantel, Quetzaltenango.<\/p>\n<p><a href=\"https:\/\/conadi.gob.gt\/web\/wp-content\/uploads\/2020\/12\/WhatsApp-Image-2020-12-05-at-8.32.35-AM.jpeg\"><img loading=\"lazy\" decoding=\"async\" class=\"alignnone size-medium wp-image-8231\" src=\"https:\/\/conadi.gob.gt\/web\/wp-content\/uploads\/2020\/12\/WhatsApp-Image-2020-12-05-at-8.32.35-AM-300x300.jpeg\" alt=\"\" width=\"300\" height=\"300\" srcset=\"https:\/\/conadi.gob.gt\/web\/wp-content\/uploads\/2020\/12\/WhatsApp-Image-2020-12-05-at-8.32.35-AM-300x300.jpeg 300w, https:\/\/conadi.gob.gt\/web\/wp-content\/uploads\/2020\/12\/WhatsApp-Image-2020-12-05-at-8.32.35-AM-150x150.jpeg 150w, https:\/\/conadi.gob.gt\/web\/wp-content\/uploads\/2020\/12\/WhatsApp-Image-2020-12-05-at-8.32.35-AM-768x768.jpeg 768w, https:\/\/conadi.gob.gt\/web\/wp-content\/uploads\/2020\/12\/WhatsApp-Image-2020-12-05-at-8.32.35-AM-1024x1024.jpeg 1024w, https:\/\/conadi.gob.gt\/web\/wp-content\/uploads\/2020\/12\/WhatsApp-Image-2020-12-05-at-8.32.35-AM.jpeg 1280w\" sizes=\"auto, (max-width: 300px) 100vw, 300px\" \/><\/a><\/p>\n<p>&nbsp;<\/p>\n","protected":false},"excerpt":{"rendered":"<p>Como parte de las actividades alusivas al D\u00eda Internacional de las Personas con Discapacidad el Consejo Nacional para la Atenci\u00f3n de las Personas con Discapacidad (CONADI), realiz\u00f3 una semana con varias actividades en el marco del 3 de diciembre \u201cD\u00eda Internacional de las Personas con Discapacidad\u201d, para continuar promoviendo el cumplimiento de los derechos de &hellip; <\/p>\n<p class=\"link-more\"><a href=\"https:\/\/conadi.gob.gt\/web\/actividades-conmemorativas-al-dia-internacional-de-las-personas-con-discapacidad\/\" class=\"more-link\">Leer m\u00e1s<span class=\"screen-reader-text\"> \u00abACTIVIDADES CONMEMORATIVAS AL  D\u00cdA INTERNACIONAL DE LAS PERSONAS CON DISCAPACIDAD\u00bb<\/span><\/a><\/p>\n","protected":false},"author":12,"featured_media":8230,"comment_status":"open","ping_status":"closed","sticky":false,"template":"","format":"standard","meta":{"footnotes":""},"categories":[3],"tags":[],"class_list":["post-8229","post","type-post","status-publish","format-standard","has-post-thumbnail","hentry","category-noticias"],"_links":{"self":[{"href":"https:\/\/conadi.gob.gt\/web\/wp-json\/wp\/v2\/posts\/8229","targetHints":{"allow":["GET"]}}],"collection":[{"href":"https:\/\/conadi.gob.gt\/web\/wp-json\/wp\/v2\/posts"}],"about":[{"href":"https:\/\/conadi.gob.gt\/web\/wp-json\/wp\/v2\/types\/post"}],"author":[{"embeddable":true,"href":"https:\/\/conadi.gob.gt\/web\/wp-json\/wp\/v2\/users\/12"}],"replies":[{"embeddable":true,"href":"https:\/\/conadi.gob.gt\/web\/wp-json\/wp\/v2\/comments?post=8229"}],"version-history":[{"count":1,"href":"https:\/\/conadi.gob.gt\/web\/wp-json\/wp\/v2\/posts\/8229\/revisions"}],"predecessor-version":[{"id":8232,"href":"https:\/\/conadi.gob.gt\/web\/wp-json\/wp\/v2\/posts\/8229\/revisions\/8232"}],"wp:featuredmedia":[{"embeddable":true,"href":"https:\/\/conadi.gob.gt\/web\/wp-json\/wp\/v2\/media\/8230"}],"wp:attachment":[{"href":"https:\/\/conadi.gob.gt\/web\/wp-json\/wp\/v2\/media?parent=8229"}],"wp:term":[{"taxonomy":"category","embeddable":true,"href":"https:\/\/conadi.gob.gt\/web\/wp-json\/wp\/v2\/categories?post=8229"},{"taxonomy":"post_tag","embeddable":true,"href":"https:\/\/conadi.gob.gt\/web\/wp-json\/wp\/v2\/tags?post=8229"}],"curies":[{"name":"wp","href":"https:\/\/api.w.org\/{rel}","templated":true}]}}