{"id":8289,"date":"2020-12-18T15:32:35","date_gmt":"2020-12-18T15:32:35","guid":{"rendered":"http:\/\/conadi.gob.gt\/web\/?p=8289"},"modified":"2020-12-18T15:34:47","modified_gmt":"2020-12-18T15:34:47","slug":"presentan-federacion-de-ciegos-de-guatemala-en-el-marco-del-i-congreso-de-personas-con-discapacidad-visual","status":"publish","type":"post","link":"https:\/\/conadi.gob.gt\/web\/presentan-federacion-de-ciegos-de-guatemala-en-el-marco-del-i-congreso-de-personas-con-discapacidad-visual\/","title":{"rendered":"Presentan Federaci\u00f3n de Ciegos de Guatemala en el marco del I Congreso de Personas con Discapacidad Visual."},"content":{"rendered":"<p>El I Congreso de Personas con Discapacidad se llev\u00f3 a cabo del 14 al 17 de diciembre, con la finalidad de promover la participaci\u00f3n e incidencia pol\u00edtica de las organizaciones de Personas con Discapacidad Visual. A la vez se dio a conocer el proceso de formaci\u00f3n y constituci\u00f3n de la Federaci\u00f3n de Ciegos de Guatemala-FECIGUA.<\/p>\n<p>El congreso cont\u00f3 con la participaci\u00f3n de reconocidos ponentes a nivel regional, entre ellos, Rosario Galarza de la Red Iberoamericana de Organizaciones de Personas con\u00a0Discapacidad\u00a0y sus Familiares (RIADIS), quien abord\u00f3 el tema \u201cEl rol de las Mujeres \u00a0y la Incidencia pol\u00edtica organizacional desde la perspectiva internacional\u201d.<\/p>\n<p>El primer foro trato sobre el Rol de las mujeres y la incidencia pol\u00edtica organizacional de las personas con discapacidad visual a nivel nacional e internacional, con la participaci\u00f3n de Luz Marina Tuna de la Asociaci\u00f3n de personas ciegas para la Cultura y el Deporte (ACCD) y Noelia Leiva de la Comisi\u00f3n Departamental de Discapacidad de Izabal, actividad moderada por Zilpa Arreola.<\/p>\n<p>El tercer d\u00eda se cont\u00f3 con la participaci\u00f3n de representantes de Honduras, Ecuador, Argentina y de la Uni\u00f3n Latinoamericana de Ciegos (ULAC), quienes compartieron buenas pr\u00e1cticas y diversas experiencias sobre la incidencia pol\u00edtica de Federaciones.<\/p>\n<p>En esa misma jornada se present\u00f3 a la Federaci\u00f3n de Ciegos De Guatemala, (FECIGUA)<\/p>\n<p>Integrada por Mauricio Gudiel, Otto Mazariegos, Mar\u00eda Jos\u00e9 P\u00e9rez, Gabriel Escobar y Mario Lem\u00fas de diferentes organizaciones de personas ciegas y de baja visi\u00f3n.<\/p>\n<p>El ultimo d\u00eda y clausura del I Congreso, cont\u00f3 con la ponencia \u201cAn\u00e1lisis de la Incidencia pol\u00edtica en Guatemala\u201d impartido por el doctor Rocael Cardona y concluy\u00f3 con el Foro Incidencia Pol\u00edtica organizacional de Personas con Discapacidad Visual desde la perspectiva participativa a nivel nacional, con las intervenciones de Sebasti\u00e1n Toledo y Carlos Pontaza.<\/p>\n<p>La actividad fue coordinada por las organizaciones de personas con discapacidad visual representadas en el Consejo Nacional para la Atenci\u00f3n de las Personas con Discapacidad, la Federaci\u00f3n de Ciegos de Guatemala y la Asociaci\u00f3n Danesa de Personas con Discapacidad.<\/p>\n<p>Este primer Congreso se realiz\u00f3 de manera virtual por motivo del distanciamiento social por la pandemia a causa del COVID-19. Alrededor de 60 personas ciegas y de baja visi\u00f3n participaron en este evento, que tuvo el prop\u00f3sito de unificar a este sector, que \u00a0promueve una verdadera inclusi\u00f3n y mejorar las condiciones de vida.<\/p>\n<p>&nbsp;<\/p>\n<p>&nbsp;<\/p>\n<figure id=\"attachment_8290\" aria-describedby=\"caption-attachment-8290\" style=\"width: 960px\" class=\"wp-caption aligncenter\"><a href=\"https:\/\/conadi.gob.gt\/web\/wp-content\/uploads\/2020\/12\/FECIGUA.jpg\"><img loading=\"lazy\" decoding=\"async\" id=\"longdesc-return-8290\" class=\"size-full wp-image-8290\" tabindex=\"-1\" src=\"https:\/\/conadi.gob.gt\/web\/wp-content\/uploads\/2020\/12\/FECIGUA.jpg\" alt=\"Congreso de Personas Ciegas y de Baja Visi\u00f3n\" width=\"960\" height=\"640\" longdesc=\"https:\/\/conadi.gob.gt\/web?longdesc=8290&amp;referrer=8289\" srcset=\"https:\/\/conadi.gob.gt\/web\/wp-content\/uploads\/2020\/12\/FECIGUA.jpg 960w, https:\/\/conadi.gob.gt\/web\/wp-content\/uploads\/2020\/12\/FECIGUA-300x200.jpg 300w, https:\/\/conadi.gob.gt\/web\/wp-content\/uploads\/2020\/12\/FECIGUA-768x512.jpg 768w, https:\/\/conadi.gob.gt\/web\/wp-content\/uploads\/2020\/12\/FECIGUA-90x60.jpg 90w, https:\/\/conadi.gob.gt\/web\/wp-content\/uploads\/2020\/12\/FECIGUA-180x120.jpg 180w, https:\/\/conadi.gob.gt\/web\/wp-content\/uploads\/2020\/12\/FECIGUA-95x64.jpg 95w\" sizes=\"auto, (max-width: 960px) 100vw, 960px\" \/><\/a><figcaption id=\"caption-attachment-8290\" class=\"wp-caption-text\">I Congreso de Personas con Discapacidad Visual<\/figcaption><\/figure>\n<p>&nbsp;<\/p>\n<p>&nbsp;<\/p>\n<p>&nbsp;<\/p>\n<p>&nbsp;<\/p>\n","protected":false},"excerpt":{"rendered":"<p>El I Congreso de Personas con Discapacidad se llev\u00f3 a cabo del 14 al 17 de diciembre, con la finalidad de promover la participaci\u00f3n e incidencia pol\u00edtica de las organizaciones de Personas con Discapacidad Visual. A la vez se dio a conocer el proceso de formaci\u00f3n y constituci\u00f3n de la Federaci\u00f3n de Ciegos de Guatemala-FECIGUA. &hellip; <\/p>\n<p class=\"link-more\"><a href=\"https:\/\/conadi.gob.gt\/web\/presentan-federacion-de-ciegos-de-guatemala-en-el-marco-del-i-congreso-de-personas-con-discapacidad-visual\/\" class=\"more-link\">Leer m\u00e1s<span class=\"screen-reader-text\"> \u00abPresentan Federaci\u00f3n de Ciegos de Guatemala en el marco del I Congreso de Personas con Discapacidad Visual.\u00bb<\/span><\/a><\/p>\n","protected":false},"author":12,"featured_media":8290,"comment_status":"open","ping_status":"closed","sticky":false,"template":"","format":"standard","meta":{"footnotes":""},"categories":[3],"tags":[],"class_list":["post-8289","post","type-post","status-publish","format-standard","has-post-thumbnail","hentry","category-noticias"],"_links":{"self":[{"href":"https:\/\/conadi.gob.gt\/web\/wp-json\/wp\/v2\/posts\/8289","targetHints":{"allow":["GET"]}}],"collection":[{"href":"https:\/\/conadi.gob.gt\/web\/wp-json\/wp\/v2\/posts"}],"about":[{"href":"https:\/\/conadi.gob.gt\/web\/wp-json\/wp\/v2\/types\/post"}],"author":[{"embeddable":true,"href":"https:\/\/conadi.gob.gt\/web\/wp-json\/wp\/v2\/users\/12"}],"replies":[{"embeddable":true,"href":"https:\/\/conadi.gob.gt\/web\/wp-json\/wp\/v2\/comments?post=8289"}],"version-history":[{"count":6,"href":"https:\/\/conadi.gob.gt\/web\/wp-json\/wp\/v2\/posts\/8289\/revisions"}],"predecessor-version":[{"id":8296,"href":"https:\/\/conadi.gob.gt\/web\/wp-json\/wp\/v2\/posts\/8289\/revisions\/8296"}],"wp:featuredmedia":[{"embeddable":true,"href":"https:\/\/conadi.gob.gt\/web\/wp-json\/wp\/v2\/media\/8290"}],"wp:attachment":[{"href":"https:\/\/conadi.gob.gt\/web\/wp-json\/wp\/v2\/media?parent=8289"}],"wp:term":[{"taxonomy":"category","embeddable":true,"href":"https:\/\/conadi.gob.gt\/web\/wp-json\/wp\/v2\/categories?post=8289"},{"taxonomy":"post_tag","embeddable":true,"href":"https:\/\/conadi.gob.gt\/web\/wp-json\/wp\/v2\/tags?post=8289"}],"curies":[{"name":"wp","href":"https:\/\/api.w.org\/{rel}","templated":true}]}}