{"id":8306,"date":"2020-12-24T17:13:47","date_gmt":"2020-12-24T17:13:47","guid":{"rendered":"http:\/\/conadi.gob.gt\/web\/?p=8306"},"modified":"2020-12-24T17:13:47","modified_gmt":"2020-12-24T17:13:47","slug":"comision-electoral-da-aval-a-eleccion-de-junta-directiva-del-conadi-2021-2023","status":"publish","type":"post","link":"https:\/\/conadi.gob.gt\/web\/comision-electoral-da-aval-a-eleccion-de-junta-directiva-del-conadi-2021-2023\/","title":{"rendered":"Comisi\u00f3n Electoral da Aval a elecci\u00f3n de Junta Directiva del CONADI 2021-2023"},"content":{"rendered":"<p>La Comisi\u00f3n Electoral para la Elecci\u00f3n de Junta Directiva del Consejo Nacional para la Atenci\u00f3n de las Personas con Discapacidad (CONADI), hizo entrega de la resoluci\u00f3n que da validez a la elecci\u00f3n de las nuevas autoridades del Consejo Nacional para la Atenci\u00f3n de las Personas con Discapacidad para el periodo 2021-2023.<\/p>\n<p>De acuerdo a la comisi\u00f3n en menci\u00f3n, el proceso eleccionario se realiz\u00f3 del 8 al 20 de noviembre, donde participaron los subsectores que integran el CONADI, para elegir al delegado titular y suplente.\u00a0Agrega, que el 10 de diciembre en la Asamblea Extraordinaria del Consejo de Delegados, se procedi\u00f3 a la elecci\u00f3n de la Junta Directiva con representantes de entidades p\u00fablicas y de la sociedad civil para el periodo 2021-2023.<\/p>\n<p>Al respecto, el mi\u00e9rcoles 23 de diciembre, la comisi\u00f3n Electoral hizo del conocimiento sobre la validez de la elecci\u00f3n a la actual junta directiva y se ha pronunciado p\u00fablicamente ante medios de comunicaci\u00f3n . Cabe resaltar que no se presentaron impugnaciones.<\/p>\n<p>La junta directiva qued\u00f3 conformada de la siguiente manera:<\/p>\n<p>Presidente: Licenciada Clarivel Castillo Barrientos de Mart\u00ednez, del subsector de organismos e instituciones que Promueven acciones a favor de las Personas con Discapacidad<\/p>\n<p>Vicepresidente. Lesly Ver\u00f3nica Gonz\u00e1lez Enr\u00edquez, de la Secretar\u00eda de Bienestar Social de la Presidencia de la Rep\u00fablica.<\/p>\n<p>Secretario: Luis Beltr\u00e1n Diego Raymundo P\u00e9rez, del subsector de Organizaciones de Personas con Discapacidad a Causa del Conflicto Armado.<\/p>\n<p>Tesorero: Gerardo Meza Folgar, del subsector de Organizaciones de Personas con Discapacidad Auditiva<\/p>\n<p>Vocal: Vilma Lorena Le\u00f3n Oliva de Hern\u00e1ndez, del Ministerio de Educaci\u00f3n.<\/p>\n<p>El documento tambi\u00e9n da a conocer a los integrantes del Consejo de Delegados, titulares y suplentes.\u00a0La toma de posesi\u00f3n se realizar\u00e1 el pr\u00f3ximo 7 de enero del 2021, las nuevas autoridades se desempe\u00f1ar\u00e1n por un periodo de 2 a\u00f1os, seg\u00fan consta en la resoluci\u00f3n emitida por el Comisi\u00f3n \u00a0Electoral para Elecci\u00f3n de Junta Directiva del CONADI, periodo 2021-2023.<\/p>\n<p>&nbsp;<\/p>\n<p>&nbsp;<\/p>\n<figure id=\"attachment_8308\" aria-describedby=\"caption-attachment-8308\" style=\"width: 400px\" class=\"wp-caption aligncenter\"><a href=\"https:\/\/conadi.gob.gt\/web\/wp-content\/uploads\/2020\/12\/Resolucion-junta-directiva-2021.jpg\"><img loading=\"lazy\" decoding=\"async\" id=\"longdesc-return-8308\" class=\" wp-image-8308\" tabindex=\"-1\" src=\"https:\/\/conadi.gob.gt\/web\/wp-content\/uploads\/2020\/12\/Resolucion-junta-directiva-2021.jpg\" alt=\"Resoluci\u00f3n de Comisi\u00f3n Electoral sobre el aval del proceso electoral del CONADI\" width=\"400\" height=\"386\" longdesc=\"https:\/\/conadi.gob.gt\/web?longdesc=8308&amp;referrer=8306\" srcset=\"https:\/\/conadi.gob.gt\/web\/wp-content\/uploads\/2020\/12\/Resolucion-junta-directiva-2021.jpg 727w, https:\/\/conadi.gob.gt\/web\/wp-content\/uploads\/2020\/12\/Resolucion-junta-directiva-2021-300x289.jpg 300w\" sizes=\"auto, (max-width: 400px) 100vw, 400px\" \/><\/a><figcaption id=\"caption-attachment-8308\" class=\"wp-caption-text\">La Resoluci\u00f3n da a conocer la validez del proceso electoral del CONADI y\u00a0 nombra a las autoridades electas para el periodo 2021-2023.<\/figcaption><\/figure>\n<p>&nbsp;<\/p>\n","protected":false},"excerpt":{"rendered":"<p>La Comisi\u00f3n Electoral para la Elecci\u00f3n de Junta Directiva del Consejo Nacional para la Atenci\u00f3n de las Personas con Discapacidad (CONADI), hizo entrega de la resoluci\u00f3n que da validez a la elecci\u00f3n de las nuevas autoridades del Consejo Nacional para la Atenci\u00f3n de las Personas con Discapacidad para el periodo 2021-2023. De acuerdo a la &hellip; <\/p>\n<p class=\"link-more\"><a href=\"https:\/\/conadi.gob.gt\/web\/comision-electoral-da-aval-a-eleccion-de-junta-directiva-del-conadi-2021-2023\/\" class=\"more-link\">Leer m\u00e1s<span class=\"screen-reader-text\"> \u00abComisi\u00f3n Electoral da Aval a elecci\u00f3n de Junta Directiva del CONADI 2021-2023\u00bb<\/span><\/a><\/p>\n","protected":false},"author":12,"featured_media":8307,"comment_status":"open","ping_status":"closed","sticky":false,"template":"","format":"standard","meta":{"footnotes":""},"categories":[3],"tags":[],"class_list":["post-8306","post","type-post","status-publish","format-standard","has-post-thumbnail","hentry","category-noticias"],"_links":{"self":[{"href":"https:\/\/conadi.gob.gt\/web\/wp-json\/wp\/v2\/posts\/8306","targetHints":{"allow":["GET"]}}],"collection":[{"href":"https:\/\/conadi.gob.gt\/web\/wp-json\/wp\/v2\/posts"}],"about":[{"href":"https:\/\/conadi.gob.gt\/web\/wp-json\/wp\/v2\/types\/post"}],"author":[{"embeddable":true,"href":"https:\/\/conadi.gob.gt\/web\/wp-json\/wp\/v2\/users\/12"}],"replies":[{"embeddable":true,"href":"https:\/\/conadi.gob.gt\/web\/wp-json\/wp\/v2\/comments?post=8306"}],"version-history":[{"count":1,"href":"https:\/\/conadi.gob.gt\/web\/wp-json\/wp\/v2\/posts\/8306\/revisions"}],"predecessor-version":[{"id":8309,"href":"https:\/\/conadi.gob.gt\/web\/wp-json\/wp\/v2\/posts\/8306\/revisions\/8309"}],"wp:featuredmedia":[{"embeddable":true,"href":"https:\/\/conadi.gob.gt\/web\/wp-json\/wp\/v2\/media\/8307"}],"wp:attachment":[{"href":"https:\/\/conadi.gob.gt\/web\/wp-json\/wp\/v2\/media?parent=8306"}],"wp:term":[{"taxonomy":"category","embeddable":true,"href":"https:\/\/conadi.gob.gt\/web\/wp-json\/wp\/v2\/categories?post=8306"},{"taxonomy":"post_tag","embeddable":true,"href":"https:\/\/conadi.gob.gt\/web\/wp-json\/wp\/v2\/tags?post=8306"}],"curies":[{"name":"wp","href":"https:\/\/api.w.org\/{rel}","templated":true}]}}