{"id":8329,"date":"2021-01-07T15:37:23","date_gmt":"2021-01-07T15:37:23","guid":{"rendered":"http:\/\/conadi.gob.gt\/web\/?p=8329"},"modified":"2021-01-09T13:33:24","modified_gmt":"2021-01-09T13:33:24","slug":"nuevas-autoridades-del-conadi-toman-posicion-para-el-periodo-2021-2023","status":"publish","type":"post","link":"https:\/\/conadi.gob.gt\/web\/nuevas-autoridades-del-conadi-toman-posicion-para-el-periodo-2021-2023\/","title":{"rendered":"NUEVAS AUTORIDADES DEL CONADI TOMAN POSESI\u00d3N PARA EL PERIODO 2021-2023"},"content":{"rendered":"<ul>\n<li><a href=\"https:\/\/conadi.gob.gt\/web\/wp-content\/uploads\/2021\/01\/IMG-20210107-WA0013.jpg\"><img loading=\"lazy\" decoding=\"async\" class=\"alignnone wp-image-8333\" src=\"https:\/\/conadi.gob.gt\/web\/wp-content\/uploads\/2021\/01\/IMG-20210107-WA0013-300x225.jpg\" alt=\"\" width=\"349\" height=\"262\" srcset=\"https:\/\/conadi.gob.gt\/web\/wp-content\/uploads\/2021\/01\/IMG-20210107-WA0013-300x225.jpg 300w, https:\/\/conadi.gob.gt\/web\/wp-content\/uploads\/2021\/01\/IMG-20210107-WA0013-768x576.jpg 768w, https:\/\/conadi.gob.gt\/web\/wp-content\/uploads\/2021\/01\/IMG-20210107-WA0013-1024x768.jpg 1024w, https:\/\/conadi.gob.gt\/web\/wp-content\/uploads\/2021\/01\/IMG-20210107-WA0013-45x35.jpg 45w, https:\/\/conadi.gob.gt\/web\/wp-content\/uploads\/2021\/01\/IMG-20210107-WA0013.jpg 1040w\" sizes=\"auto, (max-width: 349px) 100vw, 349px\" \/><\/a><\/li>\n<\/ul>\n<p>&nbsp;<\/p>\n<p>El Consejo Nacional para la Atenci\u00f3n de las Personas con Discapacidad (CONADI), realiz\u00f3 el 7 de enero del 2021, la juramentaci\u00f3n y toma de posesi\u00f3n de las autoridades que integran el Consejo de Delegados y la Junta Directiva para el periodo 2021-2023. Esta Junta Directiva, es la d\u00e9cima segunda que toma posesi\u00f3n en el CONADI desde su creaci\u00f3n mediante decreto 135-96.<\/p>\n<p>La licenciada Clarivel Castillo Barrientos de Mart\u00ednez, delegada de organizaciones que realizan acciones a favor de las personas con discapacidad, ostenta la Presidencia; la licenciada Lesly Ver\u00f3nica Gonz\u00e1lez Enr\u00edquez, delegada de la Secretaria de Bienestar Social, funge como Vicepresidenta; el se\u00f1or Luis Beltr\u00e1n Diego Raymundo P\u00e9rez, delegado titular por el subsector de Organizaciones de Personas con Discapacidad a Causa del Conflicto Armado, desempe\u00f1a la funci\u00f3n de Secretario; el se\u00f1or Gerardo Meza Folgar, del subsector de personas con discapacidad auditiva con el cargo de Tesorero y la licenciada Vilma Lorena Le\u00f3n Oliva de Hern\u00e1ndez del Ministerio de Educaci\u00f3n como Vocal.<\/p>\n<p>Las acciones que desarrollar\u00e1 la nueva directiva, constituyen un compromiso para la construcci\u00f3n de pol\u00edticas integrales con el prop\u00f3sito de dar cumplimiento a los derechos y libertades fundamentales de las personas con discapacidad, en seguimiento a las recomendaciones que realiz\u00f3 el Comit\u00e9 de Expertos de la Convenci\u00f3n de los Derechos de las Personas con Discapacidad (CDPC) de las Naciones Unidas al Estado de Guatemala; el Plan de Acci\u00f3n Sobre discapacidad y la b\u00fasqueda de la armonizaci\u00f3n de la Convenci\u00f3n Sobre los Derechos de las Personas con Discapacidad con el marco normativo nacional.<\/p>\n<p>La Junta Directiva ha manifestado el compromiso de seguir trabajando con las organizaciones de sociedad civil, organismos\u00a0internacionales y el\u00a0 sector privado, para alcanzar una Guatemala inclusiva, equitativa y sostenible, que d\u00e9 cumplimiento a los derechos de las personas con discapacidad, que en Guatemala suman al alrededor de 1 mill\u00f3n 600 mil habitantes.<\/p>\n<p>&nbsp;<\/p>\n<p><a href=\"https:\/\/conadi.gob.gt\/web\/wp-content\/uploads\/2021\/01\/WhatsApp-Image-2021-01-07-at-9.39.53-AM.jpeg\"><img loading=\"lazy\" decoding=\"async\" class=\"alignnone size-medium wp-image-8340\" src=\"https:\/\/conadi.gob.gt\/web\/wp-content\/uploads\/2021\/01\/WhatsApp-Image-2021-01-07-at-9.39.53-AM-300x200.jpeg\" alt=\"\" width=\"300\" height=\"200\" srcset=\"https:\/\/conadi.gob.gt\/web\/wp-content\/uploads\/2021\/01\/WhatsApp-Image-2021-01-07-at-9.39.53-AM-300x200.jpeg 300w, https:\/\/conadi.gob.gt\/web\/wp-content\/uploads\/2021\/01\/WhatsApp-Image-2021-01-07-at-9.39.53-AM-768x512.jpeg 768w, https:\/\/conadi.gob.gt\/web\/wp-content\/uploads\/2021\/01\/WhatsApp-Image-2021-01-07-at-9.39.53-AM-1024x682.jpeg 1024w, https:\/\/conadi.gob.gt\/web\/wp-content\/uploads\/2021\/01\/WhatsApp-Image-2021-01-07-at-9.39.53-AM-90x60.jpeg 90w, https:\/\/conadi.gob.gt\/web\/wp-content\/uploads\/2021\/01\/WhatsApp-Image-2021-01-07-at-9.39.53-AM-180x120.jpeg 180w, https:\/\/conadi.gob.gt\/web\/wp-content\/uploads\/2021\/01\/WhatsApp-Image-2021-01-07-at-9.39.53-AM-95x64.jpeg 95w, https:\/\/conadi.gob.gt\/web\/wp-content\/uploads\/2021\/01\/WhatsApp-Image-2021-01-07-at-9.39.53-AM.jpeg 1280w\" sizes=\"auto, (max-width: 300px) 100vw, 300px\" \/><\/a><\/p>\n<p><a href=\"https:\/\/conadi.gob.gt\/web\/wp-content\/uploads\/2021\/01\/WhatsApp-Image-2021-01-07-at-9.40.34-AM.jpeg\"><img loading=\"lazy\" decoding=\"async\" class=\"alignnone size-medium wp-image-8338\" src=\"https:\/\/conadi.gob.gt\/web\/wp-content\/uploads\/2021\/01\/WhatsApp-Image-2021-01-07-at-9.40.34-AM-227x300.jpeg\" alt=\"\" width=\"227\" height=\"300\" srcset=\"https:\/\/conadi.gob.gt\/web\/wp-content\/uploads\/2021\/01\/WhatsApp-Image-2021-01-07-at-9.40.34-AM-227x300.jpeg 227w, https:\/\/conadi.gob.gt\/web\/wp-content\/uploads\/2021\/01\/WhatsApp-Image-2021-01-07-at-9.40.34-AM-768x1016.jpeg 768w, https:\/\/conadi.gob.gt\/web\/wp-content\/uploads\/2021\/01\/WhatsApp-Image-2021-01-07-at-9.40.34-AM-774x1024.jpeg 774w, https:\/\/conadi.gob.gt\/web\/wp-content\/uploads\/2021\/01\/WhatsApp-Image-2021-01-07-at-9.40.34-AM.jpeg 924w\" sizes=\"auto, (max-width: 227px) 100vw, 227px\" \/><\/a><\/p>\n<p>&nbsp;<\/p>\n<p><a href=\"https:\/\/conadi.gob.gt\/web\/wp-content\/uploads\/2021\/01\/WhatsApp-Image-2021-01-07-at-9.39.53-AM-1.jpeg\"><img loading=\"lazy\" decoding=\"async\" class=\"alignnone size-medium wp-image-8339\" src=\"https:\/\/conadi.gob.gt\/web\/wp-content\/uploads\/2021\/01\/WhatsApp-Image-2021-01-07-at-9.39.53-AM-1-300x200.jpeg\" alt=\"\" width=\"300\" height=\"200\" srcset=\"https:\/\/conadi.gob.gt\/web\/wp-content\/uploads\/2021\/01\/WhatsApp-Image-2021-01-07-at-9.39.53-AM-1-300x200.jpeg 300w, https:\/\/conadi.gob.gt\/web\/wp-content\/uploads\/2021\/01\/WhatsApp-Image-2021-01-07-at-9.39.53-AM-1-768x512.jpeg 768w, https:\/\/conadi.gob.gt\/web\/wp-content\/uploads\/2021\/01\/WhatsApp-Image-2021-01-07-at-9.39.53-AM-1-1024x682.jpeg 1024w, https:\/\/conadi.gob.gt\/web\/wp-content\/uploads\/2021\/01\/WhatsApp-Image-2021-01-07-at-9.39.53-AM-1-90x60.jpeg 90w, https:\/\/conadi.gob.gt\/web\/wp-content\/uploads\/2021\/01\/WhatsApp-Image-2021-01-07-at-9.39.53-AM-1-180x120.jpeg 180w, https:\/\/conadi.gob.gt\/web\/wp-content\/uploads\/2021\/01\/WhatsApp-Image-2021-01-07-at-9.39.53-AM-1-95x64.jpeg 95w, https:\/\/conadi.gob.gt\/web\/wp-content\/uploads\/2021\/01\/WhatsApp-Image-2021-01-07-at-9.39.53-AM-1.jpeg 1280w\" sizes=\"auto, (max-width: 300px) 100vw, 300px\" \/><\/a><\/p>\n","protected":false},"excerpt":{"rendered":"<p>&nbsp; El Consejo Nacional para la Atenci\u00f3n de las Personas con Discapacidad (CONADI), realiz\u00f3 el 7 de enero del 2021, la juramentaci\u00f3n y toma de posesi\u00f3n de las autoridades que integran el Consejo de Delegados y la Junta Directiva para el periodo 2021-2023. Esta Junta Directiva, es la d\u00e9cima segunda que toma posesi\u00f3n en el &hellip; <\/p>\n<p class=\"link-more\"><a href=\"https:\/\/conadi.gob.gt\/web\/nuevas-autoridades-del-conadi-toman-posicion-para-el-periodo-2021-2023\/\" class=\"more-link\">Leer m\u00e1s<span class=\"screen-reader-text\"> \u00abNUEVAS AUTORIDADES DEL CONADI TOMAN POSESI\u00d3N PARA EL PERIODO 2021-2023\u00bb<\/span><\/a><\/p>\n","protected":false},"author":12,"featured_media":8333,"comment_status":"open","ping_status":"closed","sticky":false,"template":"","format":"standard","meta":{"footnotes":""},"categories":[3],"tags":[],"class_list":["post-8329","post","type-post","status-publish","format-standard","has-post-thumbnail","hentry","category-noticias"],"_links":{"self":[{"href":"https:\/\/conadi.gob.gt\/web\/wp-json\/wp\/v2\/posts\/8329","targetHints":{"allow":["GET"]}}],"collection":[{"href":"https:\/\/conadi.gob.gt\/web\/wp-json\/wp\/v2\/posts"}],"about":[{"href":"https:\/\/conadi.gob.gt\/web\/wp-json\/wp\/v2\/types\/post"}],"author":[{"embeddable":true,"href":"https:\/\/conadi.gob.gt\/web\/wp-json\/wp\/v2\/users\/12"}],"replies":[{"embeddable":true,"href":"https:\/\/conadi.gob.gt\/web\/wp-json\/wp\/v2\/comments?post=8329"}],"version-history":[{"count":10,"href":"https:\/\/conadi.gob.gt\/web\/wp-json\/wp\/v2\/posts\/8329\/revisions"}],"predecessor-version":[{"id":8379,"href":"https:\/\/conadi.gob.gt\/web\/wp-json\/wp\/v2\/posts\/8329\/revisions\/8379"}],"wp:featuredmedia":[{"embeddable":true,"href":"https:\/\/conadi.gob.gt\/web\/wp-json\/wp\/v2\/media\/8333"}],"wp:attachment":[{"href":"https:\/\/conadi.gob.gt\/web\/wp-json\/wp\/v2\/media?parent=8329"}],"wp:term":[{"taxonomy":"category","embeddable":true,"href":"https:\/\/conadi.gob.gt\/web\/wp-json\/wp\/v2\/categories?post=8329"},{"taxonomy":"post_tag","embeddable":true,"href":"https:\/\/conadi.gob.gt\/web\/wp-json\/wp\/v2\/tags?post=8329"}],"curies":[{"name":"wp","href":"https:\/\/api.w.org\/{rel}","templated":true}]}}