{"id":8470,"date":"2021-01-20T20:44:06","date_gmt":"2021-01-20T20:44:06","guid":{"rendered":"http:\/\/conadi.gob.gt\/web\/?p=8470"},"modified":"2021-01-20T20:45:11","modified_gmt":"2021-01-20T20:45:11","slug":"une-a-cargo-de-la-comision-de-discapacidad-2021-en-el-legislativo","status":"publish","type":"post","link":"https:\/\/conadi.gob.gt\/web\/une-a-cargo-de-la-comision-de-discapacidad-2021-en-el-legislativo\/","title":{"rendered":"UNE A CARGO DE LA COMISI\u00d3N DE DISCAPACIDAD 2021 EN EL LEGISLATIVO"},"content":{"rendered":"<p>Diputados al Congreso de la Rep\u00fablica aprobaron el acuerdo 4-2021 el 19 de enero del 2021, con el prop\u00f3sito de distribuir e integrar las Comisiones Ordinarias de Trabajo con los distintos bloques legislativos para el periodo 2021-2022. Ser\u00e1n 36 salas que se constituyen en \u00f3rganos t\u00e9cnicos de estudio y an\u00e1lisis de diferentes asuntos, entre estas iniciativas de ley.<\/p>\n<p>La Bancada Unidad Nacional de la Esperanza (UNE) presidir\u00e1 durante este a\u00f1o la Comisi\u00f3n de Asuntos Sobre Discapacidad. Esta Comisi\u00f3n asesora, promueve y dictamina iniciativas de ley con el prop\u00f3sito de fortalecer la participaci\u00f3n social de la poblaci\u00f3n con discapacidad y el cumplimiento de sus derechos en igualdad de condiciones que las dem\u00e1s. Ahora referida bancada deber\u00e1 designar un presidente y deber\u00e1 ser integrada por parlamentarios de diferentes bloques.<\/p>\n<p>Es importante destacar que la Comisi\u00f3n de Asuntos Sobre Discapacidad fue creada en el 2014 como una Comisi\u00f3n Extraordinaria. Posteriormente el 4 de febrero del 2016 adquiri\u00f3 la categor\u00eda de Comisi\u00f3n Ordinaria derivado de las Reformas al Decreto 63-94, Ley Org\u00e1nica del Organismo Legislativo mediante Decreto 4-2016.<\/p>\n<p>&nbsp;<\/p>\n<figure id=\"attachment_8471\" aria-describedby=\"caption-attachment-8471\" style=\"width: 491px\" class=\"wp-caption aligncenter\"><a href=\"https:\/\/conadi.gob.gt\/web\/wp-content\/uploads\/2021\/01\/Comision-disca-2021-01.jpg\"><img loading=\"lazy\" decoding=\"async\" id=\"longdesc-return-8471\" class=\"size-full wp-image-8471\" tabindex=\"-1\" src=\"https:\/\/conadi.gob.gt\/web\/wp-content\/uploads\/2021\/01\/Comision-disca-2021-01.jpg\" alt=\"Comisiones de Trabajo del Congreso de la Rep\u00fablica\" width=\"491\" height=\"673\" longdesc=\"https:\/\/conadi.gob.gt\/web?longdesc=8471&amp;referrer=8470\" srcset=\"https:\/\/conadi.gob.gt\/web\/wp-content\/uploads\/2021\/01\/Comision-disca-2021-01.jpg 491w, https:\/\/conadi.gob.gt\/web\/wp-content\/uploads\/2021\/01\/Comision-disca-2021-01-219x300.jpg 219w\" sizes=\"auto, (max-width: 491px) 100vw, 491px\" \/><\/a><figcaption id=\"caption-attachment-8471\" class=\"wp-caption-text\">Comisiones de Trabajo del Legislativo<\/figcaption><\/figure>\n","protected":false},"excerpt":{"rendered":"<p>Diputados al Congreso de la Rep\u00fablica aprobaron el acuerdo 4-2021 el 19 de enero del 2021, con el prop\u00f3sito de distribuir e integrar las Comisiones Ordinarias de Trabajo con los distintos bloques legislativos para el periodo 2021-2022. Ser\u00e1n 36 salas que se constituyen en \u00f3rganos t\u00e9cnicos de estudio y an\u00e1lisis de diferentes asuntos, entre estas &hellip; <\/p>\n<p class=\"link-more\"><a href=\"https:\/\/conadi.gob.gt\/web\/une-a-cargo-de-la-comision-de-discapacidad-2021-en-el-legislativo\/\" class=\"more-link\">Leer m\u00e1s<span class=\"screen-reader-text\"> \u00abUNE A CARGO DE LA COMISI\u00d3N DE DISCAPACIDAD 2021 EN EL LEGISLATIVO\u00bb<\/span><\/a><\/p>\n","protected":false},"author":12,"featured_media":8472,"comment_status":"open","ping_status":"closed","sticky":false,"template":"","format":"standard","meta":{"footnotes":""},"categories":[3],"tags":[],"class_list":["post-8470","post","type-post","status-publish","format-standard","has-post-thumbnail","hentry","category-noticias"],"_links":{"self":[{"href":"https:\/\/conadi.gob.gt\/web\/wp-json\/wp\/v2\/posts\/8470","targetHints":{"allow":["GET"]}}],"collection":[{"href":"https:\/\/conadi.gob.gt\/web\/wp-json\/wp\/v2\/posts"}],"about":[{"href":"https:\/\/conadi.gob.gt\/web\/wp-json\/wp\/v2\/types\/post"}],"author":[{"embeddable":true,"href":"https:\/\/conadi.gob.gt\/web\/wp-json\/wp\/v2\/users\/12"}],"replies":[{"embeddable":true,"href":"https:\/\/conadi.gob.gt\/web\/wp-json\/wp\/v2\/comments?post=8470"}],"version-history":[{"count":2,"href":"https:\/\/conadi.gob.gt\/web\/wp-json\/wp\/v2\/posts\/8470\/revisions"}],"predecessor-version":[{"id":8474,"href":"https:\/\/conadi.gob.gt\/web\/wp-json\/wp\/v2\/posts\/8470\/revisions\/8474"}],"wp:featuredmedia":[{"embeddable":true,"href":"https:\/\/conadi.gob.gt\/web\/wp-json\/wp\/v2\/media\/8472"}],"wp:attachment":[{"href":"https:\/\/conadi.gob.gt\/web\/wp-json\/wp\/v2\/media?parent=8470"}],"wp:term":[{"taxonomy":"category","embeddable":true,"href":"https:\/\/conadi.gob.gt\/web\/wp-json\/wp\/v2\/categories?post=8470"},{"taxonomy":"post_tag","embeddable":true,"href":"https:\/\/conadi.gob.gt\/web\/wp-json\/wp\/v2\/tags?post=8470"}],"curies":[{"name":"wp","href":"https:\/\/api.w.org\/{rel}","templated":true}]}}