{"id":8486,"date":"2021-01-22T21:19:33","date_gmt":"2021-01-22T21:19:33","guid":{"rendered":"http:\/\/conadi.gob.gt\/web\/?p=8486"},"modified":"2021-01-22T21:19:33","modified_gmt":"2021-01-22T21:19:33","slug":"presidenta-del-conadi-busca-fortalecer-las-coordinaciones-interinstitucionales","status":"publish","type":"post","link":"https:\/\/conadi.gob.gt\/web\/presidenta-del-conadi-busca-fortalecer-las-coordinaciones-interinstitucionales\/","title":{"rendered":"PRESIDENTA DEL CONADI BUSCA FORTALECER LAS COORDINACIONES INTERINSTITUCIONALES"},"content":{"rendered":"<p>Con el objetivo de fortalecer las coordinaciones interinstitucionales Clarivel Castillo, presidenta del CONADI realiz\u00f3 una visita al municipio de San Jer\u00f3nimo, Baja Verapaz el 20 y 21 de enero del presente a\u00f1o.<\/p>\n<p>La visita inici\u00f3 con una reuni\u00f3n con Gloria Valdez, presidenta de la Coordinadora Departamental de Discapacidad (CODEDIS); Jorge Luis Ram\u00edrez, asesor; Mirza Ju\u00e1rez Prera, AUDIBV y Byron Solom\u00e1n, promotor departamental quien realiz\u00f3 una presentaci\u00f3n sobre el proyecto del Centro de Atenci\u00f3n Integral para las Personas con Discapacidad.<\/p>\n<p>Posteriormente, sostuvo un acercamiento con Gilberto Salom\u00f3n L\u00f3pez, alcalde de San Jer\u00f3nimo. En la reuni\u00f3n se abord\u00f3 la importancia de trabajar en equipo para fortalecer los procesos y proyectos en beneficio de las personas con discapacidad. Luego, se realiz\u00f3 un recorrido en el Centro de Atenci\u00f3n Integral para las Personas con Discapacidad para conocer las instalaciones previo al acto de inauguraci\u00f3n.<\/p>\n<p><span style=\"color: #3366ff;\"><strong><em>Inauguraci\u00f3n del Centro de Atenci\u00f3n Integral para las Personas con Discapacidad<\/em><\/strong><\/span><\/p>\n<p>El presidente de la Rep\u00fablica de Guatemala,\u00a0Alejandro Giammattei; presidenta del CONADI, Clarivel Castillo y otros funcionarios de gobierno, participaron en la inauguraci\u00f3n del Centro de Atenci\u00f3n Para las Personas con Discapacidad (CAIPD) de San Jer\u00f3nimo, Baja Verapaz. Este centro beneficiar\u00e1 alrededor de 30 mil personas que viven en condici\u00f3n de discapacidad en ese departamento, as\u00ed como las personas que viven en los departamentos aleda\u00f1os a Salam\u00e1.<\/p>\n<p>El CAIPD tiene como objetivo brindar una atenci\u00f3n en: fisioterapia, hidroterapia, psicolog\u00eda, terapia del lenguaje, educaci\u00f3n especial entre otras.<\/p>\n<p>En su discurso la presidenta del CONADI, Clarivel Castillo indic\u00f3 sobre la importancia de trabajar en equipo para fortalecer alianzas y proyectos en beneficio de las personas con discapacidad. Asimismo, incentiv\u00f3 a las organizaciones de personas con discapacidad a acercarse al CONADI para trabajar en la creaci\u00f3n de un proyecto de iniciativa de ley sobre discapacidad armonizado con la Convenci\u00f3n Sobre los Derechos de las Personas con Discapacidad.<\/p>\n<p>Como parte del acto protocolario se realiz\u00f3 el corte de cinta para dar por inaugurado el CAIP, donde particip\u00f3 Alejandro Giammattei, presidente de la Rep\u00fablica de Guatemala en compa\u00f1\u00eda de Gilberto L\u00f3pez, alcalde de San Jer\u00f3nimo; Clarivel Castillo, presidenta del CONADI y Jorge Luis Ram\u00edrez, AUDIBV, para finalizar el acto protocolario realizaron la develaci\u00f3n de una plaqueta en la cual indica el costo total del proyecto.<\/p>\n<p><a href=\"https:\/\/conadi.gob.gt\/web\/wp-content\/uploads\/2021\/01\/IMG_3768.jpg\"><img loading=\"lazy\" decoding=\"async\" class=\"alignnone size-medium wp-image-8487\" src=\"https:\/\/conadi.gob.gt\/web\/wp-content\/uploads\/2021\/01\/IMG_3768-300x200.jpg\" alt=\"\" width=\"300\" height=\"200\" srcset=\"https:\/\/conadi.gob.gt\/web\/wp-content\/uploads\/2021\/01\/IMG_3768-300x200.jpg 300w, https:\/\/conadi.gob.gt\/web\/wp-content\/uploads\/2021\/01\/IMG_3768-768x512.jpg 768w, https:\/\/conadi.gob.gt\/web\/wp-content\/uploads\/2021\/01\/IMG_3768-1024x683.jpg 1024w, https:\/\/conadi.gob.gt\/web\/wp-content\/uploads\/2021\/01\/IMG_3768-90x60.jpg 90w, https:\/\/conadi.gob.gt\/web\/wp-content\/uploads\/2021\/01\/IMG_3768-180x120.jpg 180w, https:\/\/conadi.gob.gt\/web\/wp-content\/uploads\/2021\/01\/IMG_3768-95x64.jpg 95w, https:\/\/conadi.gob.gt\/web\/wp-content\/uploads\/2021\/01\/IMG_3768-2000x1333.jpg 2000w\" sizes=\"auto, (max-width: 300px) 100vw, 300px\" \/>\u00a0<\/a><a href=\"https:\/\/conadi.gob.gt\/web\/wp-content\/uploads\/2021\/01\/IMG_3783.jpg\"><img loading=\"lazy\" decoding=\"async\" class=\"alignnone size-medium wp-image-8491\" src=\"https:\/\/conadi.gob.gt\/web\/wp-content\/uploads\/2021\/01\/IMG_3783-300x200.jpg\" alt=\"\" width=\"300\" height=\"200\" srcset=\"https:\/\/conadi.gob.gt\/web\/wp-content\/uploads\/2021\/01\/IMG_3783-300x200.jpg 300w, https:\/\/conadi.gob.gt\/web\/wp-content\/uploads\/2021\/01\/IMG_3783-768x512.jpg 768w, https:\/\/conadi.gob.gt\/web\/wp-content\/uploads\/2021\/01\/IMG_3783-1024x683.jpg 1024w, https:\/\/conadi.gob.gt\/web\/wp-content\/uploads\/2021\/01\/IMG_3783-90x60.jpg 90w, https:\/\/conadi.gob.gt\/web\/wp-content\/uploads\/2021\/01\/IMG_3783-180x120.jpg 180w, https:\/\/conadi.gob.gt\/web\/wp-content\/uploads\/2021\/01\/IMG_3783-95x64.jpg 95w\" sizes=\"auto, (max-width: 300px) 100vw, 300px\" \/><\/a><\/p>\n<p><a href=\"https:\/\/conadi.gob.gt\/web\/wp-content\/uploads\/2021\/01\/IMG_3650.jpg\"><img loading=\"lazy\" decoding=\"async\" class=\"alignnone size-medium wp-image-8488\" src=\"https:\/\/conadi.gob.gt\/web\/wp-content\/uploads\/2021\/01\/IMG_3650-300x200.jpg\" alt=\"\" width=\"300\" height=\"200\" srcset=\"https:\/\/conadi.gob.gt\/web\/wp-content\/uploads\/2021\/01\/IMG_3650-300x200.jpg 300w, https:\/\/conadi.gob.gt\/web\/wp-content\/uploads\/2021\/01\/IMG_3650-768x512.jpg 768w, https:\/\/conadi.gob.gt\/web\/wp-content\/uploads\/2021\/01\/IMG_3650-1024x683.jpg 1024w, https:\/\/conadi.gob.gt\/web\/wp-content\/uploads\/2021\/01\/IMG_3650-90x60.jpg 90w, https:\/\/conadi.gob.gt\/web\/wp-content\/uploads\/2021\/01\/IMG_3650-180x120.jpg 180w, https:\/\/conadi.gob.gt\/web\/wp-content\/uploads\/2021\/01\/IMG_3650-95x64.jpg 95w\" sizes=\"auto, (max-width: 300px) 100vw, 300px\" \/><\/a> <a href=\"https:\/\/conadi.gob.gt\/web\/wp-content\/uploads\/2021\/01\/IMG_3670.jpg\"><img loading=\"lazy\" decoding=\"async\" class=\"alignnone size-medium wp-image-8489\" src=\"https:\/\/conadi.gob.gt\/web\/wp-content\/uploads\/2021\/01\/IMG_3670-300x200.jpg\" alt=\"\" width=\"300\" height=\"200\" srcset=\"https:\/\/conadi.gob.gt\/web\/wp-content\/uploads\/2021\/01\/IMG_3670-300x200.jpg 300w, https:\/\/conadi.gob.gt\/web\/wp-content\/uploads\/2021\/01\/IMG_3670-768x512.jpg 768w, https:\/\/conadi.gob.gt\/web\/wp-content\/uploads\/2021\/01\/IMG_3670-1024x683.jpg 1024w, https:\/\/conadi.gob.gt\/web\/wp-content\/uploads\/2021\/01\/IMG_3670-90x60.jpg 90w, https:\/\/conadi.gob.gt\/web\/wp-content\/uploads\/2021\/01\/IMG_3670-180x120.jpg 180w, https:\/\/conadi.gob.gt\/web\/wp-content\/uploads\/2021\/01\/IMG_3670-95x64.jpg 95w\" sizes=\"auto, (max-width: 300px) 100vw, 300px\" \/><\/a> <a href=\"https:\/\/conadi.gob.gt\/web\/wp-content\/uploads\/2021\/01\/IMG_3690.jpg\"><img loading=\"lazy\" decoding=\"async\" class=\"alignnone size-medium wp-image-8490\" src=\"https:\/\/conadi.gob.gt\/web\/wp-content\/uploads\/2021\/01\/IMG_3690-300x200.jpg\" alt=\"\" width=\"300\" height=\"200\" srcset=\"https:\/\/conadi.gob.gt\/web\/wp-content\/uploads\/2021\/01\/IMG_3690-300x200.jpg 300w, https:\/\/conadi.gob.gt\/web\/wp-content\/uploads\/2021\/01\/IMG_3690-768x512.jpg 768w, https:\/\/conadi.gob.gt\/web\/wp-content\/uploads\/2021\/01\/IMG_3690-1024x683.jpg 1024w, https:\/\/conadi.gob.gt\/web\/wp-content\/uploads\/2021\/01\/IMG_3690-90x60.jpg 90w, https:\/\/conadi.gob.gt\/web\/wp-content\/uploads\/2021\/01\/IMG_3690-180x120.jpg 180w, https:\/\/conadi.gob.gt\/web\/wp-content\/uploads\/2021\/01\/IMG_3690-95x64.jpg 95w\" sizes=\"auto, (max-width: 300px) 100vw, 300px\" \/><\/a><\/p>\n","protected":false},"excerpt":{"rendered":"<p>Con el objetivo de fortalecer las coordinaciones interinstitucionales Clarivel Castillo, presidenta del CONADI realiz\u00f3 una visita al municipio de San Jer\u00f3nimo, Baja Verapaz el 20 y 21 de enero del presente a\u00f1o. La visita inici\u00f3 con una reuni\u00f3n con Gloria Valdez, presidenta de la Coordinadora Departamental de Discapacidad (CODEDIS); Jorge Luis Ram\u00edrez, asesor; Mirza Ju\u00e1rez &hellip; <\/p>\n<p class=\"link-more\"><a href=\"https:\/\/conadi.gob.gt\/web\/presidenta-del-conadi-busca-fortalecer-las-coordinaciones-interinstitucionales\/\" class=\"more-link\">Leer m\u00e1s<span class=\"screen-reader-text\"> \u00abPRESIDENTA DEL CONADI BUSCA FORTALECER LAS COORDINACIONES INTERINSTITUCIONALES\u00bb<\/span><\/a><\/p>\n","protected":false},"author":12,"featured_media":8487,"comment_status":"open","ping_status":"closed","sticky":false,"template":"","format":"standard","meta":{"footnotes":""},"categories":[3],"tags":[],"class_list":["post-8486","post","type-post","status-publish","format-standard","has-post-thumbnail","hentry","category-noticias"],"_links":{"self":[{"href":"https:\/\/conadi.gob.gt\/web\/wp-json\/wp\/v2\/posts\/8486","targetHints":{"allow":["GET"]}}],"collection":[{"href":"https:\/\/conadi.gob.gt\/web\/wp-json\/wp\/v2\/posts"}],"about":[{"href":"https:\/\/conadi.gob.gt\/web\/wp-json\/wp\/v2\/types\/post"}],"author":[{"embeddable":true,"href":"https:\/\/conadi.gob.gt\/web\/wp-json\/wp\/v2\/users\/12"}],"replies":[{"embeddable":true,"href":"https:\/\/conadi.gob.gt\/web\/wp-json\/wp\/v2\/comments?post=8486"}],"version-history":[{"count":1,"href":"https:\/\/conadi.gob.gt\/web\/wp-json\/wp\/v2\/posts\/8486\/revisions"}],"predecessor-version":[{"id":8492,"href":"https:\/\/conadi.gob.gt\/web\/wp-json\/wp\/v2\/posts\/8486\/revisions\/8492"}],"wp:featuredmedia":[{"embeddable":true,"href":"https:\/\/conadi.gob.gt\/web\/wp-json\/wp\/v2\/media\/8487"}],"wp:attachment":[{"href":"https:\/\/conadi.gob.gt\/web\/wp-json\/wp\/v2\/media?parent=8486"}],"wp:term":[{"taxonomy":"category","embeddable":true,"href":"https:\/\/conadi.gob.gt\/web\/wp-json\/wp\/v2\/categories?post=8486"},{"taxonomy":"post_tag","embeddable":true,"href":"https:\/\/conadi.gob.gt\/web\/wp-json\/wp\/v2\/tags?post=8486"}],"curies":[{"name":"wp","href":"https:\/\/api.w.org\/{rel}","templated":true}]}}