{"id":8500,"date":"2021-01-27T19:01:19","date_gmt":"2021-01-27T19:01:19","guid":{"rendered":"http:\/\/conadi.gob.gt\/web\/?p=8500"},"modified":"2022-02-23T20:38:25","modified_gmt":"2022-02-23T20:38:25","slug":"inciso-1-estructura-organica","status":"publish","type":"post","link":"https:\/\/conadi.gob.gt\/web\/inciso-1-estructura-organica\/","title":{"rendered":"INCISO 1 ESTRUCTURA ORGANICA 2021"},"content":{"rendered":"<p><a href=\"https:\/\/conadi.gob.gt\/web\/wp-content\/uploads\/2019\/06\/Organigrama-General-y-por-Direcciones.pdf\">Organigrama General y por Direcciones<\/a><\/p>\n<p><a href=\"https:\/\/conadi.gob.gt\/web\/wp-content\/uploads\/2019\/06\/Funciones-de-las-Dependencias.pdf\">Funciones de las Dependencias<\/a><\/p>\n<p><a href=\"https:\/\/drive.google.com\/open?id=1CDD1qhdYAx8jPjghzLHHY2PqP0HbcnSn\" target=\"_blank\" rel=\"noopener\">Ley de atenci\u00f3n a las personas con Discapacidad Decreto 135-96 pdf<\/a><\/p>\n<p><a href=\"https:\/\/conadi.gob.gt\/web\/wp-content\/uploads\/2020\/02\/Ley-135-96-Atenci\u00f3n-a-Personas-con-Di-scapacidad.doc\">Ley 135-96 Word<\/a><\/p>\n<p><a href=\"https:\/\/drive.google.com\/file\/d\/1JTzeb5AeRnNc737nROifed_mGAq3-N9H\/view?usp=sharing\" target=\"_blank\" rel=\"noopener\">Ley para la atenci\u00f3n de las personas con discapacidad En Audio<\/a><\/p>\n<p><a href=\"https:\/\/drive.google.com\/open?id=1a5xXN2RmlEecWQ4lhEV8MrlCNvePmm8w\" target=\"_blank\" rel=\"noopener\">Convenci\u00f3n interamericana para la eliminaci\u00f3n de todas las formas de discriminaci\u00f3n contra las personas con discapacidad pdf<\/a><\/p>\n<p><a href=\"https:\/\/conadi.gob.gt\/web\/wp-content\/uploads\/2020\/02\/Convencion-interamericana.doc\">Convenci\u00f3n Interamericana Word<\/a><\/p>\n<p><a href=\"https:\/\/drive.google.com\/file\/d\/1XVyBtFfe3f8k8G-Lsgjsn-g8U5z-4-lQ\/view?usp=sharing\" target=\"_blank\" rel=\"noopener\">Convenci\u00f3n interamericana para la eliminaci\u00f3n de todas las formas de discriminaci\u00f3n En Audio<\/a><\/p>\n<p><a href=\"https:\/\/drive.google.com\/open?id=1hANdKLZkw7P0HiRUOFyKijzMZGqoMzGR\" target=\"_blank\" rel=\"noopener\">Convenci\u00f3n sobre los derechos de las personas con discapacidad pdf<\/a><\/p>\n<p><a href=\"https:\/\/conadi.gob.gt\/web\/wp-content\/uploads\/2020\/02\/Convencion-59-2008-1.doc\">Convenci\u00f3n Word<\/a><\/p>\n<p><a href=\"https:\/\/drive.google.com\/file\/d\/1q8_KWnFond8EaiXEpl0A6BX_R3K4W2aM\/view?usp=sharing\" target=\"_blank\" rel=\"noopener\">Convenci\u00f3n sobre los derechos de las personas con discapacidad En Audio<\/a><\/p>\n<p><a href=\"https:\/\/drive.google.com\/open?id=1x7aNcVzEodZ7xhn0qbauMzSjHMOxrANL\" target=\"_blank\" rel=\"noopener\">Recomendaciones Convenci\u00f3n ONU Guatemala<\/a><\/p>\n<p><a href=\"https:\/\/drive.google.com\/open?id=1ocqTgsKe7KN1vp8zQ1n_dWtzlWYUClpU\" target=\"_blank\" rel=\"noopener\">Plan de Acci\u00f3n Guatemala <\/a><\/p>\n<p><a href=\"https:\/\/drive.google.com\/open?id=0By2RGSlmbU5ObU14MUNKMFpRM0U\" target=\"_blank\" rel=\"noopener\">Pol\u00edtica Nacional en Discapacidad.<\/a><\/p>\n<p><a href=\"https:\/\/drive.google.com\/open?id=0By2RGSlmbU5OWGk5NkNSUjJZZnc\" target=\"_blank\" rel=\"noopener\">Pol\u00edtica Word<\/a><\/p>\n<p><a href=\"https:\/\/drive.google.com\/file\/d\/1DCDLhghy97L38vazu9Di6jnAJN0DjCqe\/view?usp=sharing\" target=\"_blank\" rel=\"noopener\">Pol\u00edtica nacional en discapacidad En Audio<\/a><\/p>\n<p><a href=\"https:\/\/conadi.gob.gt\/web\/wp-content\/uploads\/2020\/08\/Decreto-059-2008-Ratificaci\u00f3n-de-la-Convenci\u00f3n-sobre-los-Derechos-de-las-Personas-con-Discapacidad-convertido.docx\">Decreto 59-2008 Ratificaci\u00f3n de la Convenci\u00f3n sobre los Derechos de las Personas con Discapacidad word<\/a><\/p>\n<p><a href=\"https:\/\/conadi.gob.gt\/web\/wp-content\/uploads\/2020\/08\/Decreto-059-2008-Ratificaci\u00f3n-de-la-Convenci\u00f3n-sobre-los-Derechos-de-las-Personas-con-Discapacidad.pdf\">Decreto 59-2008 Ratificaci\u00f3n de la Convenci\u00f3n sobre los Derechos de las Personas con Discapacidad pdf<\/a><\/p>\n<p><a href=\"https:\/\/conadi.gob.gt\/web\/wp-content\/uploads\/2020\/08\/Aprueba-la-Convenci\u00f3n-sobre-los-Derechos-de-las-Personas-con-Discapacidad.mp3\">Decreto 59-2008 Ratificaci\u00f3n de la Convenci\u00f3n sobre los Derechos de las Personas con Discapacidad audio<\/a><\/p>\n<p><a href=\"https:\/\/conadi.gob.gt\/web\/wp-content\/uploads\/2017\/09\/Informe-sobre-las-CODEDISY-COMUDIS-JULIO-2017.docx\" target=\"_blank\" rel=\"noopener\">Informe Situacional Sobre las CODEDIS Y COMUDIS (Word)<\/a><\/p>\n<p><a href=\"https:\/\/conadi.gob.gt\/web\/wp-content\/uploads\/2017\/09\/Informe-sobre-las-CODEDISY-COMUDIS-JULIO-2017.pdf\" target=\"_blank\" rel=\"noopener\">Informe Situacional Sobre las CODEDIS Y COMUDIS (pdf)<\/a><\/p>\n<p><a href=\"https:\/\/drive.google.com\/open?id=1RINPAtFR8iMk3PtAsVlr3kDTucsAyonP\" target=\"_blank\" rel=\"noopener\">PEI armonizado al Plan de Acci\u00f3n 2016 2020 pdf<\/a><\/p>\n<p><a href=\"https:\/\/conadi.gob.gt\/web\/wp-content\/uploads\/2018\/03\/PEI-2016-2020-VF.docx\" target=\"_blank\" rel=\"noopener\">PEI armonizado al Plan de Acci\u00f3n 2016 2020 word<\/a><\/p>\n<p><a href=\"https:\/\/drive.google.com\/open?id=0By2RGSlmbU5OSkRpZjZaVURIT00\" target=\"_blank\" rel=\"noopener\">Constituci\u00f3n Pol\u00edtica de Guatemala En Audio <\/a><\/p>\n<p><a href=\"https:\/\/drive.google.com\/open?id=0By2RGSlmbU5OTVhHQnZmQm96dFU\" target=\"_blank\" rel=\"noopener\">Gu\u00eda para comprender y utilizar la convenci\u00f3n de los derechos de las personas con discapacidad En Audio<\/a><\/p>\n<p><a href=\"https:\/\/drive.google.com\/open?id=0By2RGSlmbU5OYTFkMU1GZjF5QVU\" target=\"_blank\" rel=\"noopener\">Normas Uniformes sobre la Igualdad de Oportunidades para las Personas con Discapacidad En Audio<\/a><\/p>\n<hr \/>\n","protected":false},"excerpt":{"rendered":"<p>Organigrama General y por Direcciones Funciones de las Dependencias Ley de atenci\u00f3n a las personas con Discapacidad Decreto 135-96 pdf Ley 135-96 Word Ley para la atenci\u00f3n de las personas con discapacidad En Audio Convenci\u00f3n interamericana para la eliminaci\u00f3n de todas las formas de discriminaci\u00f3n contra las personas con discapacidad pdf Convenci\u00f3n Interamericana Word Convenci\u00f3n &hellip; <\/p>\n<p class=\"link-more\"><a href=\"https:\/\/conadi.gob.gt\/web\/inciso-1-estructura-organica\/\" class=\"more-link\">Leer m\u00e1s<span class=\"screen-reader-text\"> \u00abINCISO 1 ESTRUCTURA ORGANICA 2021\u00bb<\/span><\/a><\/p>\n","protected":false},"author":8,"featured_media":0,"comment_status":"open","ping_status":"closed","sticky":false,"template":"","format":"standard","meta":{"footnotes":""},"categories":[1],"tags":[],"class_list":["post-8500","post","type-post","status-publish","format-standard","hentry","category-sin-categoria"],"_links":{"self":[{"href":"https:\/\/conadi.gob.gt\/web\/wp-json\/wp\/v2\/posts\/8500","targetHints":{"allow":["GET"]}}],"collection":[{"href":"https:\/\/conadi.gob.gt\/web\/wp-json\/wp\/v2\/posts"}],"about":[{"href":"https:\/\/conadi.gob.gt\/web\/wp-json\/wp\/v2\/types\/post"}],"author":[{"embeddable":true,"href":"https:\/\/conadi.gob.gt\/web\/wp-json\/wp\/v2\/users\/8"}],"replies":[{"embeddable":true,"href":"https:\/\/conadi.gob.gt\/web\/wp-json\/wp\/v2\/comments?post=8500"}],"version-history":[{"count":5,"href":"https:\/\/conadi.gob.gt\/web\/wp-json\/wp\/v2\/posts\/8500\/revisions"}],"predecessor-version":[{"id":10446,"href":"https:\/\/conadi.gob.gt\/web\/wp-json\/wp\/v2\/posts\/8500\/revisions\/10446"}],"wp:attachment":[{"href":"https:\/\/conadi.gob.gt\/web\/wp-json\/wp\/v2\/media?parent=8500"}],"wp:term":[{"taxonomy":"category","embeddable":true,"href":"https:\/\/conadi.gob.gt\/web\/wp-json\/wp\/v2\/categories?post=8500"},{"taxonomy":"post_tag","embeddable":true,"href":"https:\/\/conadi.gob.gt\/web\/wp-json\/wp\/v2\/tags?post=8500"}],"curies":[{"name":"wp","href":"https:\/\/api.w.org\/{rel}","templated":true}]}}