{"id":8532,"date":"2021-01-29T16:08:22","date_gmt":"2021-01-29T16:08:22","guid":{"rendered":"http:\/\/conadi.gob.gt\/web\/?p=8532"},"modified":"2022-02-23T20:37:30","modified_gmt":"2022-02-23T20:37:30","slug":"inciso-2-direccion-y-telefono-de-la-entidad-y-de-todas-las-dependencias-que-la-conforman","status":"publish","type":"post","link":"https:\/\/conadi.gob.gt\/web\/inciso-2-direccion-y-telefono-de-la-entidad-y-de-todas-las-dependencias-que-la-conforman\/","title":{"rendered":"INCISO 2 Direcci\u00f3n y tel\u00e9fono de la entidad y de todas las dependencias que la conforman 2021"},"content":{"rendered":"<p><a href=\"https:\/\/conadi.gob.gt\/web\/wp-content\/uploads\/2021\/01\/ART\u00cdCULO-10-NUMERAL-2-DIRECTORIO.docx\">ART\u00cdCULO 10 NUMERAL 2 DIRECTORIO<\/a><\/p>\n<p><strong>DIRECTORIO DE LA ENTIDAD<\/strong><\/p>\n<table style=\"height: 227px;\" width=\"674\">\n<tbody>\n<tr>\n<td width=\"680\">ENTIDAD: Consejo Nacional para la Atenci\u00f3n de las Personas con Discapacidad \u2013CONADI-<\/td>\n<\/tr>\n<tr>\n<td width=\"680\">DIRECCI\u00d3N 1ra avenida 4-18 y 4-19&nbsp; Zona 1&nbsp; Guatemala Ciudad<\/td>\n<\/tr>\n<tr>\n<td width=\"680\">HORARIO DE ATENCI\u00d3N Lunes a Viernes 07:00 A 15:30 HORAS<\/td>\n<\/tr>\n<tr>\n<td width=\"680\">TEL\u00c9FONO: 25016800<\/td>\n<\/tr>\n<tr>\n<td width=\"680\">FECHA DE ACTUALIZACI\u00d3N:&nbsp; 2022<\/td>\n<\/tr>\n<\/tbody>\n<\/table>\n<p><strong>Direcci\u00f3n y tel\u00e9fonos de la entidad y de las dependencias que la conforman<\/strong><\/p>\n<table width=\"557\">\n<tbody>\n<tr>\n<td width=\"204\"><strong>DIRECCI\u00d3N<\/strong><\/td>\n<td width=\"183\"><strong>DEPARTAMENTO<\/strong><\/td>\n<td><strong>TEL\u00c9FONO<\/strong><\/td>\n<td><strong>EXTENSI\u00d3N<\/strong><\/td>\n<\/tr>\n<tr>\n<td width=\"204\"><strong>Presidencia<\/strong><\/td>\n<td width=\"183\"><\/td>\n<td>25016800<\/td>\n<td>2019<\/td>\n<\/tr>\n<tr>\n<td width=\"204\"><strong>Direcci\u00f3n General<\/strong><\/td>\n<td width=\"183\"><\/td>\n<td>25016800<\/td>\n<td>2017\/2036<\/td>\n<\/tr>\n<tr>\n<td width=\"204\"><strong>Subdirecci\u00f3n General<\/strong><\/td>\n<td width=\"183\"><\/td>\n<td>25016800<\/td>\n<td>2050\/2051<\/td>\n<\/tr>\n<tr>\n<td width=\"204\"><strong>Asesor\u00eda Jur\u00eddica<\/strong><\/td>\n<td width=\"183\"><\/td>\n<td>25016800<\/td>\n<td>2034<\/td>\n<\/tr>\n<tr>\n<td width=\"204\"><strong>Auditoria Interna<\/strong><\/td>\n<td width=\"183\"><\/td>\n<td>25016800<\/td>\n<td>2018\/2059<\/td>\n<\/tr>\n<tr>\n<td width=\"204\"><strong>Direcci\u00f3n de Comunicaci\u00f3n Social y Relaciones P\u00fablicas<\/strong><\/td>\n<td width=\"183\"><\/td>\n<td>25016800<\/td>\n<td>2020\/2021<\/td>\n<\/tr>\n<tr>\n<td width=\"204\"><strong>&nbsp;<\/strong><\/td>\n<td width=\"183\">Acceso a la Informaci\u00f3n P\u00fablica<\/td>\n<td>25016800<\/td>\n<td>2052<\/td>\n<\/tr>\n<tr>\n<td width=\"204\"><strong>Direcci\u00f3n de Planificaci\u00f3n<\/strong><\/td>\n<td width=\"183\"><\/td>\n<td>25016800<\/td>\n<td>2012\/2058<\/td>\n<\/tr>\n<tr>\n<td width=\"204\"><strong>Direcci\u00f3n T\u00e9cnica<\/strong><\/td>\n<td width=\"183\"><\/td>\n<td>25016800<\/td>\n<td>2030\/2056<\/td>\n<\/tr>\n<tr>\n<td width=\"204\"><strong>&nbsp;<\/strong><\/td>\n<td width=\"183\">Subsectores<\/td>\n<td>25016800<\/td>\n<td>2045<\/td>\n<\/tr>\n<tr>\n<td width=\"204\"><strong>&nbsp;<\/strong><\/td>\n<td width=\"183\">Participaci\u00f3n Ciudadana<\/td>\n<td>25016800<\/td>\n<td>2022\/2023<\/td>\n<\/tr>\n<tr>\n<td width=\"204\"><strong>&nbsp;<\/strong><\/td>\n<td width=\"183\">Incidencia Pol\u00edtica<\/td>\n<td>25016800<\/td>\n<td>2031\/2014<\/p>\n<p>2049<\/td>\n<\/tr>\n<tr>\n<td width=\"204\"><strong>&nbsp;<\/strong><\/td>\n<td width=\"183\">Justicia&nbsp; y Seguridad Ciudadana<\/td>\n<td>25016800<\/td>\n<td>2025<\/td>\n<\/tr>\n<tr>\n<td width=\"204\"><strong>&nbsp;<\/strong><\/td>\n<td width=\"183\">Promotores<\/td>\n<td>25016800<\/td>\n<td>2016\/2046<\/p>\n<p>2062<\/td>\n<\/tr>\n<tr>\n<td width=\"204\"><strong>&nbsp;<\/strong><\/td>\n<td width=\"183\">Investigaci\u00f3n y An\u00e1lisis de la Informaci\u00f3n<\/td>\n<td>25016800<\/td>\n<td>2043\/2061<\/p>\n<p>2066<\/td>\n<\/tr>\n<tr>\n<td width=\"204\"><strong>&nbsp;<\/strong><\/td>\n<td width=\"183\">Unidad de Lengua de Se\u00f1as<\/td>\n<td>25016800<\/td>\n<td>2057<\/td>\n<\/tr>\n<tr>\n<td width=\"204\"><strong>Direcci\u00f3n Administrativa<\/strong><\/td>\n<td width=\"183\"><\/td>\n<td>25016800<\/td>\n<td>2013\/2041<\/td>\n<\/tr>\n<tr>\n<td width=\"204\"><strong>&nbsp;<\/strong><\/td>\n<td width=\"183\">Compras<\/td>\n<td>25016800<\/td>\n<td>2024\/2026<\/td>\n<\/tr>\n<tr>\n<td width=\"204\"><strong>&nbsp;<\/strong><\/td>\n<td width=\"183\">Almac\u00e9n<\/td>\n<td>25016800<\/td>\n<td>2071<\/td>\n<\/tr>\n<tr>\n<td width=\"204\"><strong>&nbsp;<\/strong><\/td>\n<td width=\"183\">Inventario<\/td>\n<td>25016800<\/td>\n<td>2069<\/td>\n<\/tr>\n<tr>\n<td width=\"204\"><strong>&nbsp;<\/strong><\/td>\n<td width=\"183\">Inform\u00e1tica<\/td>\n<td>25016800<\/td>\n<td>2055<\/td>\n<\/tr>\n<tr>\n<td width=\"204\"><strong>&nbsp;<\/strong><\/td>\n<td width=\"183\">Archivo<\/td>\n<td>25016800<\/td>\n<td>2044<\/td>\n<\/tr>\n<tr>\n<td width=\"204\"><strong>Direcci\u00f3n Financiera<\/strong><\/td>\n<td width=\"183\"><\/td>\n<td>25016800<\/td>\n<td>2033<\/td>\n<\/tr>\n<tr>\n<td width=\"204\"><strong>&nbsp;<\/strong><\/td>\n<td width=\"183\">Tesorer\u00eda<\/td>\n<td><\/td>\n<td>2038<\/td>\n<\/tr>\n<tr>\n<td width=\"204\"><strong>&nbsp;<\/strong><\/td>\n<td width=\"183\">Contabilidad<\/td>\n<td><\/td>\n<td>2028\/2070<\/td>\n<\/tr>\n<tr>\n<td width=\"204\"><strong>&nbsp;<\/strong><\/td>\n<td width=\"183\">Presupuesto<\/td>\n<td><\/td>\n<td>2037<\/td>\n<\/tr>\n<tr>\n<td width=\"204\"><strong>Direcci\u00f3n de Recursos Humanos<\/strong><\/td>\n<td width=\"183\"><\/td>\n<td>25016800<\/td>\n<td>2054\/2039<\/p>\n<p>2035<\/td>\n<\/tr>\n<\/tbody>\n<\/table>\n","protected":false},"excerpt":{"rendered":"<p>ART\u00cdCULO 10 NUMERAL 2 DIRECTORIO DIRECTORIO DE LA ENTIDAD ENTIDAD: Consejo Nacional para la Atenci\u00f3n de las Personas con Discapacidad \u2013CONADI- DIRECCI\u00d3N 1ra avenida 4-18 y 4-19&nbsp; Zona 1&nbsp; Guatemala Ciudad HORARIO DE ATENCI\u00d3N Lunes a Viernes 07:00 A 15:30 HORAS TEL\u00c9FONO: 25016800 FECHA DE ACTUALIZACI\u00d3N:&nbsp; 2022 Direcci\u00f3n y tel\u00e9fonos de la entidad y de &hellip; <\/p>\n<p class=\"link-more\"><a href=\"https:\/\/conadi.gob.gt\/web\/inciso-2-direccion-y-telefono-de-la-entidad-y-de-todas-las-dependencias-que-la-conforman\/\" class=\"more-link\">Leer m\u00e1s<span class=\"screen-reader-text\"> \u00abINCISO 2 Direcci\u00f3n y tel\u00e9fono de la entidad y de todas las dependencias que la conforman 2021\u00bb<\/span><\/a><\/p>\n","protected":false},"author":8,"featured_media":0,"comment_status":"open","ping_status":"closed","sticky":false,"template":"","format":"standard","meta":{"footnotes":""},"categories":[1],"tags":[],"class_list":["post-8532","post","type-post","status-publish","format-standard","hentry","category-sin-categoria"],"_links":{"self":[{"href":"https:\/\/conadi.gob.gt\/web\/wp-json\/wp\/v2\/posts\/8532","targetHints":{"allow":["GET"]}}],"collection":[{"href":"https:\/\/conadi.gob.gt\/web\/wp-json\/wp\/v2\/posts"}],"about":[{"href":"https:\/\/conadi.gob.gt\/web\/wp-json\/wp\/v2\/types\/post"}],"author":[{"embeddable":true,"href":"https:\/\/conadi.gob.gt\/web\/wp-json\/wp\/v2\/users\/8"}],"replies":[{"embeddable":true,"href":"https:\/\/conadi.gob.gt\/web\/wp-json\/wp\/v2\/comments?post=8532"}],"version-history":[{"count":8,"href":"https:\/\/conadi.gob.gt\/web\/wp-json\/wp\/v2\/posts\/8532\/revisions"}],"predecessor-version":[{"id":10445,"href":"https:\/\/conadi.gob.gt\/web\/wp-json\/wp\/v2\/posts\/8532\/revisions\/10445"}],"wp:attachment":[{"href":"https:\/\/conadi.gob.gt\/web\/wp-json\/wp\/v2\/media?parent=8532"}],"wp:term":[{"taxonomy":"category","embeddable":true,"href":"https:\/\/conadi.gob.gt\/web\/wp-json\/wp\/v2\/categories?post=8532"},{"taxonomy":"post_tag","embeddable":true,"href":"https:\/\/conadi.gob.gt\/web\/wp-json\/wp\/v2\/tags?post=8532"}],"curies":[{"name":"wp","href":"https:\/\/api.w.org\/{rel}","templated":true}]}}