{"id":8663,"date":"2021-02-02T15:48:07","date_gmt":"2021-02-02T15:48:07","guid":{"rendered":"http:\/\/conadi.gob.gt\/web\/?p=8663"},"modified":"2024-03-14T14:54:50","modified_gmt":"2024-03-14T14:54:50","slug":"inciso-29-informacion-de-utilidad","status":"publish","type":"post","link":"https:\/\/conadi.gob.gt\/web\/inciso-29-informacion-de-utilidad\/","title":{"rendered":"INCISO 29. Informaci\u00f3n de utilidad 2021"},"content":{"rendered":"<p><a href=\"https:\/\/conadi.gob.gt\/web\/wp-content\/uploads\/2021\/01\/3.-ENERO-2021-PROTOCOLO-PERSONAL.docx\">ENERO 2021 PROTOCOLO PERSONAL formato word<\/a><\/p>\n<p><a href=\"https:\/\/conadi.gob.gt\/web\/wp-content\/uploads\/2021\/01\/3.-ENERO-2021-PROTOCOLO-PERSONAL.pdf\">ENERO 2021 PROTOCOLO PERSONAL formato pdf<\/a><\/p>\n<p><a href=\"https:\/\/conadi.gob.gt\/web\/wp-content\/uploads\/2020\/04\/base-de-datos-libros-y-documentos-en-centro-de-documentacion.xlsx\">BASE DE DATOS LIBROS QUE ENCUENTRA EN EL CENTRO DE DOCUMENTACI\u00d3N<\/a><\/p>\n<p style=\"margin-top: 0cm;\"><a href=\"https:\/\/conadi.gob.gt\/web\/wp-content\/uploads\/2021\/01\/RESOLUCI\u00d3N-FINAL-ELECCION-JD.pdf\">RESOLUCI\u00d3N FINAL ELECCION JD.pdf<\/a><\/p>\n<p style=\"margin-top: 0cm;\"><a href=\"https:\/\/conadi.gob.gt\/web\/wp-content\/uploads\/2021\/01\/ACTA-DE-ASAMBLEA-DE-ELECCION-JUNTA-DIRECTIVA-CONADI-2021-2023.pdf\">ACTA DE ASAMBLEA DE ELECCION JUNTA DIRECTIVA CONADI 2021-2023.pdf<\/a><\/p>\n<p><a href=\"https:\/\/conadi.gob.gt\/web\/wp-content\/uploads\/2020\/02\/Agenda-estrat\u00e9gica-para-el-abordaje-de-los-derechos-humanos-de-las-mujeres-y-ni\u00f1as-con-discapacidad.pdf\">Agenda Estrat\u00e9gica para el abordaje de los derechos humanos de las mujeres y ni\u00f1as con discapacidad, en el marco de las observaciones finales del Comit\u00e9 sobre los Derechos de las Personas con Discapacidad.<\/a><\/p>\n<p><a href=\"https:\/\/conadi.gob.gt\/web\/wp-content\/uploads\/2020\/02\/Agenda-estrat\u00e9gica-para-el-abordaje-de-los-derechos-humanos-de-las-mujeres-y-ni\u00f1as-con-discapacidad.docx\">Agenda Estrat\u00e9gica para el abordaje de los derechos humanos de las mujeres y ni\u00f1as con discapacidad, en el marco de las observaciones finales del Comit\u00e9 sobre los Derechos de las Personas con Discapacidad, WORD<\/a><\/p>\n<p><a href=\"https:\/\/conadi.gob.gt\/web\/wp-content\/uploads\/2020\/12\/TRATADO-DE-MARRAKECH.docx\">Tratado de Marrakech<\/a><\/p>\n<p><a href=\"https:\/\/docs.google.com\/document\/d\/1lMdx7Ql8ArcSfr4iLBVmQkIW9YJkO-DR\/edit?usp=sharing&amp;ouid=103894586601860996685&amp;rtpof=true&amp;sd=true\">Memoria de Labores 2020 word<\/a><\/p>\n<p><a href=\"https:\/\/drive.google.com\/file\/d\/1lOdJQsLJA8YbEfOfT2nAmzoZ8vqMyeL3\/view?usp=sharing\">Memoria de Labores 2020 pdf<\/a><\/p>\n<p><a href=\"https:\/\/drive.google.com\/open?id=1744F3aw4yzf9gNBhk72JfpS0eeBL0HWy\">Memoria de labores 2019<\/a><\/p>\n<p><a href=\"https:\/\/drive.google.com\/open?id=176v2GliyJ6Qio5Hz0pfD7O8TsUe0vWbe\">Memoria de labores 2018<\/a><\/p>\n<p><a href=\"https:\/\/drive.google.com\/open?id=1KmMZv9J0Td69OBUbGMueweBSvXO3SgsN\">Memoria de labores 2017<\/a><\/p>\n<p><a href=\"https:\/\/drive.google.com\/open?id=1TRnlMXLaZ38Rj3Ag0mYNWQmKjd4X2d-p\">Memoria de labores 2016<\/a><\/p>\n<p><a href=\"https:\/\/drive.google.com\/open?id=1_mZZ4kPC8uJcry5Zo0R7XAY0Ig6CVfme\">Memoria de labores 2015<\/a><\/p>\n<p><a href=\"https:\/\/drive.google.com\/open?id=1sHCkzhyPGDfEkZ6YAmzc7apxrbuB8mIA\">Memoria de labores 2014<\/a><\/p>\n<p><a href=\"https:\/\/drive.google.com\/open?id=14sQSIT2mb6QyUJkHc3JqltILIalUM4TL\">Memoria de labores 2013<\/a><\/p>\n<p><a href=\"https:\/\/drive.google.com\/open?id=1m6IRNvHjIo0Z2OG-qChNBD3d91yWQsCd\">Memoria de labores 2012<\/a><\/p>\n<p><a href=\"https:\/\/drive.google.com\/open?id=1MNSrFA5Z9cQ-f4Q9E1-Qu9zLqoWjZfeP\">Memoria de labores 2011<\/a><\/p>\n<p><a href=\"https:\/\/conadi.gob.gt\/web\/wp-content\/uploads\/2019\/06\/Manual-de-Accesibilidad-Final.pdf\">Manual de Accesibilidad Universal (INGUAT)<\/a><\/p>\n<p><a href=\"https:\/\/conadi.gob.gt\/web\/wp-content\/uploads\/2021\/01\/10.INFORME-DE-RECURSOS-HUMANOS.pdf\">INFORME 2020 DIRECCI\u00d3N DE RECURSOS HUMANOS<\/a><\/p>\n<p><a href=\"https:\/\/conadi.gob.gt\/web\/wp-content\/uploads\/2021\/09\/FOLLETO-SALUD-MENTAL.pdf\">FOLLETO MODELO DE ATENCI\u00d3N EN SALUD MENTAL EN GUATEMALA<\/a><\/p>\n<p><strong><em><span style=\"font-size: 18pt;\">OFICINAS MUNICIPALES DE DISCAPACIDAD (OMD`s) GUATEMALA<\/span><\/em><\/strong><\/p>\n<p><a href=\"https:\/\/conadi.gob.gt\/web\/wp-content\/uploads\/2021\/05\/FORMATO-CONTROL-OMD.xlsx\">FORMATO CONTROL OMD`s<\/a><\/p>\n<p><a href=\"https:\/\/www.google.com\/maps\/d\/u\/0\/embed?mid=1WOJd7ygMX3H0QrbwahFZxXrfGsGc_bNL\">Mapa de ubicaciones de OMD&#8217;s<\/a><\/p>\n<table width=\"1292\">\n<tbody>\n<tr>\n<td width=\"217\"><a href=\"https:\/\/conadi.gob.gt\/web\/wp-content\/uploads\/2021\/12\/102.-El-Tejar-Chimaltenango.pdf\">102. El Tejar, Chimaltenango<\/a><\/td>\n<td width=\"239\"><a href=\"https:\/\/conadi.gob.gt\/web\/wp-content\/uploads\/2021\/11\/101.-Solola-Solola.pdf\">101. Solol\u00e1, Solol\u00e1<\/a><\/td>\n<td width=\"212\"><a href=\"https:\/\/conadi.gob.gt\/web\/wp-content\/uploads\/2021\/11\/100.-Gualan-Zacapa.pdf\">100. Gualan, Zacapa<\/a><\/td>\n<td width=\"208\">99. San Bartolo Aguas Calientes, Totonicap\u00e1n<\/td>\n<td width=\"209\"><a href=\"https:\/\/drive.google.com\/file\/d\/1Vj-LrfWoWqCMaFXGaS49-wl9xIXBU4AG\/view?usp=sharing\">98. Santa Catalina la Tinta, Alta Verapaz<\/a><\/td>\n<td width=\"207\"><a href=\"https:\/\/conadi.gob.gt\/web\/wp-content\/uploads\/2021\/10\/97.-Chicaman-Quiche.pdf\">97. Chicam\u00e1n, Quiche<\/a><\/td>\n<\/tr>\n<tr>\n<td width=\"217\"><a href=\"https:\/\/conadi.gob.gt\/web\/wp-content\/uploads\/2021\/10\/96.-Atescatempa-Jutiapa.pdf\">96. Atescatempa, Jutiapa<\/a><\/td>\n<td width=\"239\"><a href=\"https:\/\/conadi.gob.gt\/web\/wp-content\/uploads\/2021\/10\/95.-El-Tumbador-San-Marcos.pdf\">95. El Tumbador, San Marcos<\/a><\/td>\n<td width=\"212\"><a href=\"https:\/\/conadi.gob.gt\/web\/wp-content\/uploads\/2021\/10\/94.-San-Jos\u00e9-El-\u00cddolo-Suchitep\u00e9quez.pdf\">94. San Jos\u00e9 El \u00cddolo, Suchitep\u00e9quez<\/a><\/td>\n<td width=\"208\"><a href=\"https:\/\/conadi.gob.gt\/web\/wp-content\/uploads\/2021\/10\/93.-Patzite-Quiche.pdf\">93. Patzite, Quiche<\/a><\/td>\n<td width=\"209\"><a href=\"https:\/\/conadi.gob.gt\/web\/wp-content\/uploads\/2021\/10\/92.-Chimaltenango-Chimaltenango.pdf\">92. Chimaltenango, Chimaltenango<\/a><\/td>\n<td width=\"207\"><a href=\"https:\/\/conadi.gob.gt\/web\/wp-content\/uploads\/2021\/10\/91.-Jalpatagua-Jutiapa.pdf\">91. Jalpatagua, Jutiapa<\/a><\/td>\n<\/tr>\n<tr>\n<td width=\"217\"><a href=\"https:\/\/conadi.gob.gt\/web\/wp-content\/uploads\/2021\/05\/Pachalum-Quiche.pdf\">90. Pachalum, Quiche<\/a><\/td>\n<td width=\"239\"><a href=\"https:\/\/conadi.gob.gt\/web\/wp-content\/uploads\/2021\/10\/89.-Santo-Tomas-la-Uni\u00f3n-Suchitep\u00e9quez.pdf\">89. Santo Tomas la Uni\u00f3n Suchitep\u00e9quez<\/a><\/td>\n<td width=\"212\"><a href=\"https:\/\/conadi.gob.gt\/web\/wp-content\/uploads\/2021\/05\/Santa-Catarina-Barahona-Sacatep\u00e9quez.pdf\">88. Santa Catarina Barahona, Sacatep\u00e9quez<\/a><\/td>\n<td width=\"208\"><a href=\"https:\/\/conadi.gob.gt\/web\/wp-content\/uploads\/2021\/05\/San-Manuel-Chaparron-Jalapa.pdf\">87. San Manuel Chaparr\u00f3n, Jalapa<\/a><\/td>\n<td width=\"209\"><a href=\"https:\/\/conadi.gob.gt\/web\/wp-content\/uploads\/2021\/05\/Santa-Cruz-Mulua-Retalhuleu.pdf\">86. Santa Cruz Mulua, Retalhuleu<\/a><\/td>\n<td width=\"207\"><a href=\"https:\/\/conadi.gob.gt\/web\/wp-content\/uploads\/2021\/10\/85.-Santa-Lucia-Utatl\u00e1n-Solol\u00e1.pdf\">85. Santa Lucia Utatl\u00e1n, Solol\u00e1<\/a><\/td>\n<\/tr>\n<tr>\n<td width=\"217\"><a href=\"https:\/\/conadi.gob.gt\/web\/wp-content\/uploads\/2021\/05\/Santa-Cruz-Balanya-Chimaltenango.pdf\">84. Santa Cruz Balanya, Chimaltenango<\/a><\/td>\n<td width=\"239\"><a href=\"https:\/\/conadi.gob.gt\/web\/wp-content\/uploads\/2021\/05\/San-Jos\u00e9-la-Arada-Chiquimula.pdf\">83. San Jos\u00e9 la Arada, Chiquimula<\/a><\/td>\n<td width=\"212\"><a href=\"https:\/\/conadi.gob.gt\/web\/wp-content\/uploads\/2021\/05\/San-Juan-Sacatepequez-Guatemala.pdf\">82. San Juan Sacatep\u00e9quez, Guatemala<\/a><\/td>\n<td width=\"208\"><a href=\"https:\/\/conadi.gob.gt\/web\/wp-content\/uploads\/2021\/11\/81.-Cantel-Qutzaltenango.pdf\">81. Cantel, Quetzaltenango<\/a><\/td>\n<td width=\"209\"><a href=\"https:\/\/conadi.gob.gt\/web\/wp-content\/uploads\/2020\/11\/ACTA-DE-JUTIAPA.pdf\">80. Jutiapa, Jutiapa<\/a><\/td>\n<td width=\"207\"><a href=\"https:\/\/conadi.gob.gt\/web\/wp-content\/uploads\/2020\/11\/Camotan.pdf\">79. Camotan, Chiquimula<\/a><\/td>\n<\/tr>\n<tr>\n<td width=\"217\"><a href=\"https:\/\/conadi.gob.gt\/web\/wp-content\/uploads\/2020\/11\/San-Carlos-Alzatate.pdf\">78. San Carlos Alzatate, Jalapa<\/a><\/td>\n<td width=\"239\"><a href=\"https:\/\/conadi.gob.gt\/web\/wp-content\/uploads\/2020\/11\/Pueblo-Nuevo-Vi\u00f1as.pdf\">77. Pueblo Nuevo Vi\u00f1as, Santa Rosa<\/a><\/td>\n<td width=\"212\"><a href=\"https:\/\/conadi.gob.gt\/web\/wp-content\/uploads\/2021\/05\/Santa-Cruz-Naranjo-Santa-Rosa.pdf\">76. Santa Cruz Naranjo, Santa Rosa<\/a><\/td>\n<td width=\"208\"><a href=\"https:\/\/conadi.gob.gt\/web\/wp-content\/uploads\/2020\/11\/San-Juan-Ermita.pdf\">75. San Juan Ermita, Chiquimula<\/a><\/td>\n<td width=\"209\"><a href=\"https:\/\/conadi.gob.gt\/web\/wp-content\/uploads\/2020\/11\/La-Gomera.pdf\">74. La Gomera, Escuintla<\/a><\/td>\n<td width=\"207\"><a href=\"https:\/\/conadi.gob.gt\/web\/wp-content\/uploads\/2020\/11\/San-Juan-Bautista.pdf\">73. San Juan Bautista, Suchitep\u00e9quez<\/a><\/td>\n<\/tr>\n<tr>\n<td width=\"217\"><a href=\"https:\/\/conadi.gob.gt\/web\/wp-content\/uploads\/2020\/11\/Las-Cruces.pdf\">72. Las Cruces Peten<\/a><\/td>\n<td width=\"239\">71. Cubulco, Baja Verapaz<\/td>\n<td width=\"212\"><a href=\"https:\/\/conadi.gob.gt\/web\/wp-content\/uploads\/2020\/11\/Taxisco.pdf\">70. Taxisco, Santa Rosa<\/a><\/td>\n<td width=\"208\"><a href=\"https:\/\/conadi.gob.gt\/web\/wp-content\/uploads\/2020\/11\/San-Cristobal-Cucho.pdf\">69. San Crist\u00f3bal Cucho, San Marcos<\/a><\/td>\n<td width=\"209\"><a href=\"https:\/\/conadi.gob.gt\/web\/wp-content\/uploads\/2020\/11\/Santa-Cruz-El-Chol.pdf\">68. Santa Cruz el Chol, Baja Verapaz<\/a><\/td>\n<td width=\"207\"><a href=\"https:\/\/conadi.gob.gt\/web\/wp-content\/uploads\/2020\/11\/Granados.pdf\">\u00a067. Granados, Baja Verapaz<\/a><\/td>\n<\/tr>\n<tr>\n<td width=\"217\"><a href=\"https:\/\/conadi.gob.gt\/web\/wp-content\/uploads\/2020\/11\/San-Diego.pdf\">66. San Diego, Zacapa<\/a><\/td>\n<td width=\"239\"><a href=\"https:\/\/conadi.gob.gt\/web\/wp-content\/uploads\/2020\/11\/Sam-Pedro-Carcha.pdf\">65. San Pedro Carcha, Alta Verapaz<\/a><\/td>\n<td width=\"212\"><a href=\"https:\/\/conadi.gob.gt\/web\/wp-content\/uploads\/2020\/11\/Yupiltepeque.pdf\">64. Yupiltepeque, Jutiapa<\/a><\/td>\n<td width=\"208\"><a href=\"https:\/\/conadi.gob.gt\/web\/wp-content\/uploads\/2020\/11\/Purulha-Baja-Verapaz.pdf\">63. Purulha, Baja Verapaz<\/a><\/td>\n<td width=\"209\"><a href=\"https:\/\/conadi.gob.gt\/web\/wp-content\/uploads\/2020\/11\/El-Progreso-Jutiapa.pdf\">62. El Progreso, Jutiapa<\/a><\/td>\n<td width=\"207\">61. San Andr\u00e9s Semetabaj, Solol\u00e1<\/td>\n<\/tr>\n<tr>\n<td width=\"217\"><a href=\"https:\/\/conadi.gob.gt\/web\/wp-content\/uploads\/2020\/11\/Chisec-AV.pdf\">60. Chisec, Alta Verapaz<\/a><\/td>\n<td width=\"239\"><a href=\"https:\/\/conadi.gob.gt\/web\/wp-content\/uploads\/2020\/11\/Acatenango.pdf\">59. Acatenango, Chimaltenango<\/a><\/td>\n<td width=\"212\"><a href=\"https:\/\/conadi.gob.gt\/web\/wp-content\/uploads\/2020\/11\/Chiquimulilla.pdf\">58. Chiquimulilla Santa Rosa<\/a><\/td>\n<td width=\"208\"><a href=\"https:\/\/conadi.gob.gt\/web\/wp-content\/uploads\/2020\/11\/Rabinal-Baja-Verapaz.pdf\">57. Rabinal, Baja Verapaz<\/a><\/td>\n<td width=\"209\"><a href=\"https:\/\/conadi.gob.gt\/web\/wp-content\/uploads\/2020\/11\/Comitancillo-San-Marcos.pdf\">56. Comitancillo, San Marcos<\/a><\/td>\n<td width=\"207\"><a href=\"https:\/\/conadi.gob.gt\/web\/wp-content\/uploads\/2020\/11\/San-Antonio-Aguas-Calientes.pdf\">55. San Antonio Aguas Calientes, Sacatep\u00e9quez<\/a><\/td>\n<\/tr>\n<tr>\n<td width=\"217\"><a href=\"https:\/\/conadi.gob.gt\/web\/wp-content\/uploads\/2020\/11\/San-Andr\u00e9s-Villa-Seca-Retalhuleu.pdf\">54. San Andr\u00e9s Villa Seca, Retalhuleu<\/a><\/td>\n<td width=\"239\"><a href=\"https:\/\/conadi.gob.gt\/web\/wp-content\/uploads\/2020\/11\/Zacapa.-Zacapa.pdf\">53. Zacapa, Zacapa<\/a><\/td>\n<td width=\"212\"><a href=\"https:\/\/conadi.gob.gt\/web\/wp-content\/uploads\/2020\/11\/Monjas.pdf\">52. Monjas, Jalapa<\/a><\/td>\n<td width=\"208\"><a href=\"https:\/\/conadi.gob.gt\/web\/wp-content\/uploads\/2020\/11\/San-Jeronimo-Baja-Verapaz.pdf\">51. San Jer\u00f3nimo, Baja Verapaz<\/a><\/td>\n<td width=\"209\"><a href=\"https:\/\/conadi.gob.gt\/web\/wp-content\/uploads\/2020\/11\/Mataquescuintla.pdf\">50. Mataquescuintla, Jalapa<\/a><\/td>\n<td width=\"207\"><a href=\"https:\/\/conadi.gob.gt\/web\/wp-content\/uploads\/2020\/11\/Usumatl\u00e1n-Zacapa.pdf\">49. Usumatlan, Zacapa<\/a><\/td>\n<\/tr>\n<tr>\n<td width=\"217\"><a href=\"https:\/\/conadi.gob.gt\/web\/wp-content\/uploads\/2020\/11\/Guanagazapa-Escuintla.pdf\">48. Guanagazapa, Escuintla<\/a><\/td>\n<td width=\"239\"><a href=\"https:\/\/conadi.gob.gt\/web\/wp-content\/uploads\/2020\/11\/Aguacatan.pdf\">47. Aguacatan, Huehuetenango<\/a><\/td>\n<td width=\"212\"><a href=\"https:\/\/conadi.gob.gt\/web\/wp-content\/uploads\/2020\/11\/San-Jos\u00e9.-Escuintla.pdf\">46. San Jos\u00e9, Escuintla<\/a><\/td>\n<td width=\"208\"><a href=\"https:\/\/conadi.gob.gt\/web\/wp-content\/uploads\/2020\/11\/San-Antonio-La-Paz-El-Progreso.pdf\">45. San Antonio la Paz, El Progreso<\/a><\/td>\n<td width=\"209\"><a href=\"https:\/\/conadi.gob.gt\/web\/wp-content\/uploads\/2020\/11\/San-Luis-Pet\u00e9n.pdf\">44. San Luis, Pet\u00e9n<\/a><\/td>\n<td width=\"207\"><a href=\"https:\/\/conadi.gob.gt\/web\/wp-content\/uploads\/2020\/11\/Esquipulas-Chiquimula.pdf\">43. Esquipulas, Chiquimula<\/a><\/td>\n<\/tr>\n<tr>\n<td width=\"217\"><a href=\"https:\/\/conadi.gob.gt\/web\/wp-content\/uploads\/2020\/11\/Sayajche-Peten.pdf\">42. Sayaxche, Pet\u00e9n<\/a><\/td>\n<td width=\"239\"><a href=\"https:\/\/conadi.gob.gt\/web\/wp-content\/uploads\/2020\/11\/San-Miguel-Chicaj-Baja-Verapaz.pdf\">41. San Miguel Chicaj, Baja Verapaz<\/a><\/td>\n<td width=\"212\"><a href=\"https:\/\/conadi.gob.gt\/web\/wp-content\/uploads\/2020\/11\/San-Antonio-Huista-Huehuetenango.pdf\">40. San Antonio Huista, Huehuetenango<\/a><\/td>\n<td width=\"208\"><a href=\"https:\/\/conadi.gob.gt\/web\/wp-content\/uploads\/2020\/11\/San-Jacinto-Chiquimula.pdf\">39. San Jacinto, Chiquimula<\/a><\/td>\n<td width=\"209\"><a href=\"https:\/\/conadi.gob.gt\/web\/wp-content\/uploads\/2020\/11\/Asunci\u00f3n-Mita-Jutiapa.pdf\">38. Asunci\u00f3n Mita, Jutiapa<\/a><\/td>\n<td width=\"207\"><a href=\"https:\/\/conadi.gob.gt\/web\/wp-content\/uploads\/2020\/11\/La-Democracia.pdf\">37. La Democracia, Escuintla<\/a><\/td>\n<\/tr>\n<tr>\n<td width=\"217\"><a href=\"https:\/\/conadi.gob.gt\/web\/wp-content\/uploads\/2020\/11\/Salama-Baja-Verapaz.pdf\">36. Salam\u00e1 Baja Verapaz<\/a><\/td>\n<td width=\"239\"><a href=\"https:\/\/conadi.gob.gt\/web\/wp-content\/uploads\/2020\/11\/San-Luis-Jilotepeque-Jalapa.pdf\">35. San Luis Jilotepeque, Jalapa<\/a><\/td>\n<td width=\"212\"><a href=\"https:\/\/conadi.gob.gt\/web\/wp-content\/uploads\/2020\/11\/El-Estor-Izabal.pdf\">34. Estor, Izabal<\/a><\/td>\n<td width=\"208\"><a href=\"https:\/\/conadi.gob.gt\/web\/wp-content\/uploads\/2020\/11\/San-Juan-Comalapa-Chimaltenango.pdf\">33. San Juan Comalapa, Chimaltenango<\/a><\/td>\n<td width=\"209\"><a href=\"https:\/\/conadi.gob.gt\/web\/wp-content\/uploads\/2020\/11\/Pasaco-Jutiapa.pdf\">32. Pasaco, Jutiapa<\/a><\/td>\n<td width=\"207\"><a href=\"https:\/\/conadi.gob.gt\/web\/wp-content\/uploads\/2020\/11\/Moyuta-Jutiapa.pdf\">31. Moyuta, Jutiapa<\/a><\/td>\n<\/tr>\n<tr>\n<td width=\"217\"><a href=\"https:\/\/conadi.gob.gt\/web\/wp-content\/uploads\/2020\/11\/San-Mart\u00edn-Jilotepeque-Chimaltenango.pdf\">30. San Martin Jilotepeque, Chimaltenango<\/a><\/td>\n<td width=\"239\"><a href=\"https:\/\/conadi.gob.gt\/web\/wp-content\/uploads\/2020\/11\/La-Libertad-Pet\u00e9n.pdf\">29. La Libertad, Pet\u00e9n<\/a><\/td>\n<td width=\"212\"><a href=\"https:\/\/conadi.gob.gt\/web\/wp-content\/uploads\/2020\/11\/San-Juan-Ostuncalco.pdf\">28. San Juan Ostuncalco, Quetzaltenango<\/a><\/td>\n<td width=\"208\"><a href=\"https:\/\/conadi.gob.gt\/web\/wp-content\/uploads\/2020\/11\/Tajumulco-San-Marcos.pdf\">27. Tajumulco, San Marcos<\/a><\/td>\n<td width=\"209\"><a href=\"https:\/\/conadi.gob.gt\/web\/wp-content\/uploads\/2020\/11\/Palencia-Guatemala.pdf\">26. Palencia, Guatemala<\/a><\/td>\n<td width=\"207\"><a href=\"https:\/\/conadi.gob.gt\/web\/wp-content\/uploads\/2020\/11\/Sanarate-El-Progreso.pdf\">25. Sanarate, El Progreso<\/a><\/td>\n<\/tr>\n<tr>\n<td width=\"217\"><a href=\"https:\/\/conadi.gob.gt\/web\/wp-content\/uploads\/2020\/11\/San-Pedro-Pinula-Jalapa.pdf\">24. San Pedro P\u00ednula, Jalapa<\/a><\/td>\n<td width=\"239\"><a href=\"https:\/\/conadi.gob.gt\/web\/wp-content\/uploads\/2020\/11\/Guastatoya-El-Progreso.pdf\">23. Guastatoya, El Progreso<\/a><\/td>\n<td width=\"212\"><a href=\"https:\/\/conadi.gob.gt\/web\/wp-content\/uploads\/2020\/11\/Caba\u00f1as.-Zacapa.pdf\">22. Caba\u00f1as, Zacapa<\/a><\/td>\n<td width=\"208\"><a href=\"https:\/\/conadi.gob.gt\/web\/wp-content\/uploads\/2020\/11\/Mixco.pdf\">21. Mixco, Guatemala<\/a><\/td>\n<td width=\"209\"><a href=\"https:\/\/conadi.gob.gt\/web\/wp-content\/uploads\/2020\/11\/MUNI-SAN-CRISTOBAL-TOTNICAPAN-2017.pdf\">20. San Crist\u00f3bal, Totonicap\u00e1n<\/a><\/td>\n<td width=\"207\"><a href=\"https:\/\/conadi.gob.gt\/web\/wp-content\/uploads\/2020\/11\/San-Andres-Pet\u00e9n.pdf\">19. San Andr\u00e9s, Pet\u00e9n<\/a><\/td>\n<\/tr>\n<tr>\n<td width=\"217\"><a href=\"https:\/\/conadi.gob.gt\/web\/wp-content\/uploads\/2020\/11\/Jocotan-Chiquimula.pdf\">18. De la Villa De Santiago Jocotan, Chiquimula<\/a><\/td>\n<td width=\"239\"><a href=\"https:\/\/conadi.gob.gt\/web\/wp-content\/uploads\/2020\/11\/San-Miguel-Ixtahuacan-San-Marcos.pdf\">17.<\/a>\u00a0<a href=\"https:\/\/conadi.gob.gt\/web\/wp-content\/uploads\/2020\/11\/San-Miguel-Ixtahuacan-San-Marcos.pdf\">San Miguel Ixtahuacan, San Marcos<\/a><\/td>\n<td width=\"212\"><a href=\"https:\/\/conadi.gob.gt\/web\/wp-content\/uploads\/2020\/11\/San-Cristobal-Acasaguastlan-El-Progreso.pdf\">16. San Crist\u00f3bal Acasaguastl\u00e1n El Progreso<\/a><\/td>\n<td width=\"208\"><a href=\"https:\/\/conadi.gob.gt\/web\/wp-content\/uploads\/2020\/11\/Morales-Izabal.pdf\">15. Morales, Izabal<\/a><\/td>\n<td width=\"209\"><a href=\"https:\/\/conadi.gob.gt\/web\/wp-content\/uploads\/2020\/11\/Poptun.-Peten.pdf\">14. Popt\u00fan, Pet\u00e9n<\/a><\/td>\n<td width=\"207\"><a href=\"https:\/\/conadi.gob.gt\/web\/wp-content\/uploads\/2020\/11\/Santa-Cruz-Verapaz-Alta-Verapaz.pdf\">13. Santa Cruz Verapaz, Alta Verapaz<\/a><\/td>\n<\/tr>\n<tr>\n<td width=\"217\"><a href=\"https:\/\/conadi.gob.gt\/web\/wp-content\/uploads\/2020\/11\/Playa-Grande-Ixcan-Quiche.pdf\">12. Ixc\u00e1n, Quiche<\/a><\/td>\n<td width=\"239\"><a href=\"https:\/\/conadi.gob.gt\/web\/wp-content\/uploads\/2020\/11\/Puerto-Barrios-Izabal.pdf\">11. Puerto Barrios, Izabal<\/a><\/td>\n<td width=\"212\"><a href=\"https:\/\/conadi.gob.gt\/web\/wp-content\/uploads\/2020\/11\/San-Andres-Itzapa-Chimaltenango.pdf\">10. San Andr\u00e9s Itzapa, Chimaltenango<\/a><\/td>\n<td width=\"208\"><a href=\"https:\/\/conadi.gob.gt\/web\/wp-content\/uploads\/2020\/11\/Zaragoza-Chimaltenango.pdf\">9. Zaragoza, Chimaltenango<\/a><\/td>\n<td width=\"209\"><a href=\"https:\/\/conadi.gob.gt\/web\/wp-content\/uploads\/2020\/11\/San-Benito-Pet\u00e9n.pdf\">8. San Benito, Pet\u00e9n<\/a><\/td>\n<td width=\"207\"><a href=\"https:\/\/conadi.gob.gt\/web\/wp-content\/uploads\/2020\/11\/Nebaj-Quiche.pdf\">7. Nebaj, Quiche<\/a><\/td>\n<\/tr>\n<tr>\n<td width=\"217\"><a href=\"https:\/\/conadi.gob.gt\/web\/wp-content\/uploads\/2020\/11\/San-Francisco-El-Alto-Totonicapan.pdf\">6.San Francisco el Alto, Totonicap\u00e1n<\/a><\/td>\n<td width=\"239\"><a href=\"https:\/\/conadi.gob.gt\/web\/wp-content\/uploads\/2020\/11\/Jalapa-Jalapa.pdf\">5. Jalapa, Jalapa<\/a><\/td>\n<td width=\"212\"><a href=\"https:\/\/conadi.gob.gt\/web\/wp-content\/uploads\/2020\/11\/Sansare-El-Progreso.pdf\">4. Sansare, El Progreso<\/a><\/td>\n<td width=\"208\"><a href=\"https:\/\/conadi.gob.gt\/web\/wp-content\/uploads\/2020\/11\/Morazan-El-Progreso.pdf\">3. Moraz\u00e1n, El Progreso<\/a><\/td>\n<td width=\"209\"><a href=\"https:\/\/conadi.gob.gt\/web\/wp-content\/uploads\/2020\/11\/El-J\u00edcaro-El-Progreso.pdf\">2. El J\u00edcaro, El Progreso<\/a><\/td>\n<td width=\"207\"><a href=\"https:\/\/conadi.gob.gt\/web\/wp-content\/uploads\/2020\/11\/Panajachel.pdf\">1. Panajachel, Solol\u00e1<\/a><\/td>\n<\/tr>\n<\/tbody>\n<\/table>\n<p><span style=\"font-size: 14pt;\"><strong><em>CONVENIOS, CARTAS DE ENTENDIMIENTO Y MEMORANDUM SUSCRITOS POR CONADI, VIGENTES 2020<\/em><\/strong><\/span><\/p>\n<table style=\"height: 872px;\" width=\"1120\">\n<tbody>\n<tr>\n<td width=\"271\"><\/td>\n<td width=\"432\"><\/td>\n<td width=\"215\"><\/td>\n<\/tr>\n<tr>\n<td width=\"271\"><a href=\"https:\/\/conadi.gob.gt\/web\/wp-content\/uploads\/2021\/01\/ADENDA-Y-CONVENIO-CISP-20210106.pdf\">ADENDA 2021\u00a0 Y CONVENIO ENTRE CONADI Y CISP<\/a><\/td>\n<td width=\"432\"><a href=\"https:\/\/conadi.gob.gt\/web\/wp-content\/uploads\/2021\/06\/CONVENIO-DE-COOPERACI\u00d3N-ENTRE-LA-ECC-Y-CONADI.pdf\">CONVENIO DE COOPERACI\u00d3N ENTRE LA ECC Y CONADI<\/a><\/td>\n<td width=\"215\"><a href=\"https:\/\/conadi.gob.gt\/web\/wp-content\/uploads\/2021\/07\/CARTAS-DE-ENTENDIMIENTO-ENTRE-CONADI-Y-JOVENES-ARTISTAS.pdf\">CARTAS DE ENTENDIMIENTO ENTRE CONADI Y JOVENES ARTISTAS<\/a><\/td>\n<\/tr>\n<tr>\n<td width=\"271\"><a href=\"https:\/\/conadi.gob.gt\/web\/wp-content\/uploads\/2021\/06\/CONVENIO-INGUAT-CONADI.pdf\">CONVENIO INGUAT CONADI<\/a><\/td>\n<td width=\"432\"><a href=\"https:\/\/conadi.gob.gt\/web\/wp-content\/uploads\/2021\/04\/img20210414_10320180-convertido.pdf\">CONVENIO ENTRE CONADI\u00a0 CORREOS Y TELEGRAFOS<\/a><\/td>\n<td width=\"215\"><a href=\"https:\/\/conadi.gob.gt\/web\/wp-content\/uploads\/2021\/06\/ACUERDO-MARCO-DE-COOPERACI\u00d3N-ENTRE-COE-Y-CONADI.pdf\">ACUERDO MARCO DE COOPERACI\u00d3N ENTRE COE Y CONADI<\/a><\/td>\n<\/tr>\n<tr>\n<td width=\"271\"><a href=\"https:\/\/conadi.gob.gt\/web\/wp-content\/uploads\/2019\/06\/CARTA-DE-ENTENDIMIENTO-CONADI-APG.pdf\">CARTA DE ENTENDIMIENTO CONADI APG<\/a><\/td>\n<td width=\"432\"><a href=\"https:\/\/conadi.gob.gt\/web\/wp-content\/uploads\/2017\/12\/Convenio-SENACYT.pdf\">CONVENIO COOPERACI\u00d3N CONADI SENACYT<\/a><\/td>\n<td width=\"215\"><a href=\"https:\/\/conadi.gob.gt\/web\/wp-content\/uploads\/2020\/12\/Convenio-SESAN.pdf\">CONVENIO SESAN CONADI 2021<\/a><\/p>\n<p><a href=\"https:\/\/conadi.gob.gt\/web\/wp-content\/uploads\/2021\/03\/CONVENIO-SESAN-CONADI.pdf\">CONVENIO-SESAN-CONADI<\/a><\/td>\n<\/tr>\n<tr>\n<td width=\"271\"><a href=\"https:\/\/conadi.gob.gt\/web\/wp-content\/uploads\/2021\/01\/ALMG-CARTA-DE-ENTENDIMIENTO.pdf\">CONVENIO DE COOPERACI\u00d3N ALMG Y CONADI ADENDA<\/a><\/p>\n<p><a href=\"https:\/\/conadi.gob.gt\/web\/wp-content\/uploads\/2021\/01\/CONVENIO-ALMG-CONADI.pdf\">CONVENIO ALMG CONADI<\/a><\/td>\n<td width=\"432\"><a href=\"https:\/\/conadi.gob.gt\/web\/wp-content\/uploads\/2021\/06\/CONVENIO-DE-COOPERACI\u00d3N-ENTRE-ASEC-IGER-Y-CONADI.pdf\">CONVENIO DE COOPERACI\u00d3N ENTRE ASEC IGER Y CONADI<\/a><\/td>\n<td width=\"215\"><a href=\"https:\/\/conadi.gob.gt\/web\/wp-content\/uploads\/2017\/06\/CONJUVE-CONADI-2017.pdf\">CARTA DE ENTENDIMINETO CONJUVE Y CONADI<\/a><\/td>\n<\/tr>\n<tr>\n<td width=\"271\"><a href=\"https:\/\/conadi.gob.gt\/web\/wp-content\/uploads\/2017\/01\/SEPREM.pdf\">CONVENIO SEPREM CONADI<\/a><\/td>\n<td width=\"432\"><u><a href=\"https:\/\/drive.google.com\/file\/d\/1CmRlF-wbntApFpiQiGqmw3dg8YuK8gIN\/view\">CONVENIO INTERINSTITUCIONAL DE COOPERACI\u00d3N ENTRE EL INFOM &#8211; CONADI<\/a><\/u><\/td>\n<td width=\"215\"><a href=\"https:\/\/conadi.gob.gt\/web\/wp-content\/uploads\/2019\/07\/CONVENIO-MARCO-DE-COOPERACI%C3%93N-ENTRE-EL-CONADIS-ECUADOR-Y-CONADI-GUATEMALA-PARA-EL-INTERCAMBIO-Y-TRANSFEFENCIA-DE-INFORMACI%C3%93N-TCNICA-SOBRE-DISCAPACIDADES.pdf\">CONVENIO DE COOPERACION CONADIS ECUADOR<\/a><\/td>\n<\/tr>\n<tr>\n<td width=\"271\"><u><a href=\"https:\/\/conadi.gob.gt\/web\/wp-content\/uploads\/2020\/08\/CONVENIO-DE-COOPERACION-INTERINSTITUCIONAL-INTECAP-CONADI.pdf\">CONVENIO DE COOPERACI\u00d3N INTERINSTITUCIONAL ENTRE CONADI-INTECAP<\/a><\/u><\/td>\n<td width=\"432\"><a href=\"https:\/\/conadi.gob.gt\/web\/wp-content\/uploads\/2019\/06\/CARTA-DE-ENTENDIMIENT-ENTRE-FUNDACION-VISION-MUNDIAL-GUATEMALA-Y-CONADI.pdf\">CARTA DE ENTENDIMIENTO FUNDACI\u00d3N VISI\u00d3N MUNDIAL GUATEMALA Y CONADI<\/a><\/td>\n<td width=\"215\"><u><a href=\"https:\/\/conadi.gob.gt\/web\/wp-content\/uploads\/2020\/10\/Carta-Entendimiento-Conalfa20201019_08093014.pdf\">CARTA DE ENTENDIMIENTO ENTRE CONADI &#8211; CONALFA<\/a><\/u><\/td>\n<\/tr>\n<tr>\n<td width=\"271\"><a href=\"https:\/\/conadi.gob.gt\/web\/wp-content\/uploads\/2017\/11\/convenio-ecp-conadi.pdf\">CARTA DE ENTENDIMIENTO ENTRE ECP Y CONADI<\/a><\/td>\n<td width=\"432\"><a href=\"https:\/\/conadi.gob.gt\/web\/wp-content\/uploads\/2020\/12\/Carta-de-EntendimientCONADI-PACTO-GLOBAL-VIGENTE-NOV-2021.pdf\"><u>CARTA DE ENTENDIMIENTO ENTRE RED DE PACTO GLOBAL -CONADI<\/u><\/a><\/td>\n<td width=\"215\"><u><a href=\"https:\/\/conadi.gob.gt\/web\/wp-content\/uploads\/2020\/09\/FGER-CONVENIO-1.pdf\">CONVENIO DE COOPERACI\u00d3N INTERINSTITUCIONAL ENTRE CONADI -FGER<\/a><\/u><\/td>\n<\/tr>\n<tr>\n<td width=\"271\"><a href=\"https:\/\/conadi.gob.gt\/web\/wp-content\/uploads\/2018\/02\/maga003.pdf\">CONVENIO MARCO DE COOPERACI\u00d3N ENTRE MAGA Y CONADI<\/a><\/td>\n<td width=\"432\"><a href=\"https:\/\/conadi.gob.gt\/web\/wp-content\/uploads\/2019\/06\/MEMORANDO-DE-COLABORACI%C3%93N-SUSCRITO-ENTRE-CONADI-Y-LA-FUNDACI%C3%93N-INTERNACIONAL-PARA-SISTEMAS-ELECTORALES.pdf\">MEMORANDO DE COLABORACI\u00d3N IFES CONADI<\/a><\/td>\n<td width=\"215\"><a href=\"https:\/\/conadi.gob.gt\/web\/wp-content\/uploads\/2019\/06\/CARTA-DE-ENTENDIMIENTO-CONADI-INTECAP.pdf\">CARTA DE ENTENDIMINETO CONADI INTECAP<\/a><\/td>\n<\/tr>\n<tr>\n<td width=\"271\"><a href=\"https:\/\/conadi.gob.gt\/web\/wp-content\/uploads\/2017\/01\/MIDES.pdf\">CONVENIO COOPERACI\u00d3N MIDES CONADI<\/a><\/td>\n<td width=\"432\"><a href=\"https:\/\/conadi.gob.gt\/web\/wp-content\/uploads\/2017\/01\/MP.pdf\">CONVENIO MINISTERIO P\u00daBLICO CONADI<\/a><\/td>\n<td width=\"215\"><a href=\"https:\/\/conadi.gob.gt\/web\/wp-content\/uploads\/2017\/01\/TSE.pdf\">CARTA DE ENTENDIMIENTO ENTRE CONADI Y TSE<\/a><\/td>\n<\/tr>\n<tr>\n<td width=\"271\"><a href=\"https:\/\/conadi.gob.gt\/web\/wp-content\/uploads\/2019\/06\/CONRED-CONADI-2017.pdf\">CONVENIO DE COOPERACI\u00d3N CONADI CONRED<\/a><\/td>\n<td width=\"432\"><a href=\"https:\/\/conadi.gob.gt\/web\/wp-content\/uploads\/2017\/06\/ORGANISMO-JUDICIAL-CONADI-2017.pdf\">CONVENIO DE COOPERACI\u00d3N OJ Y CONADI<\/a><\/td>\n<td width=\"215\"><a href=\"https:\/\/conadi.gob.gt\/web\/wp-content\/uploads\/2019\/06\/Carta-de-Entendimiento-TSE-CONADI.pdf\">CARTA DE ENTENDIMIENTO TSE CONADI<\/a><\/td>\n<\/tr>\n<tr>\n<td width=\"271\"><u><a href=\"https:\/\/conadi.gob.gt\/web\/wp-content\/uploads\/2019\/12\/CARTA-DE-ENTENDIMIENTO-MINTRAB-CISP-ITALIA-Y-CONADI002.pdf\">CARTA DE ENTENDIMIENTO MINTRAB, CISP, Y CONADI<\/a><\/u><\/td>\n<td width=\"432\"><a href=\"https:\/\/conadi.gob.gt\/web\/wp-content\/uploads\/2020\/12\/Carta-de-Entendimiento-Instituto-Holandes-y-CONADI.pdf\">CARTA DE ENTENDIMIENTO ENTRE EL INSTITUTO HOLAND\u00c9S PARA LA DEMOCRACIA MULTIPARTIDARIA -NIMD- Y CONADI<\/a><\/td>\n<td width=\"215\"><a href=\"https:\/\/conadi.gob.gt\/web\/wp-content\/uploads\/2020\/12\/MTasking-S.A..pdf\">Carta de Entendimiento, Conformaci\u00f3n de Alianza estrat\u00e9gica entre MTASKING S.A. y CONADI.<\/a><\/td>\n<\/tr>\n<\/tbody>\n<\/table>\n<ul>\n<li style=\"list-style-type: none;\">\n<ul>\n<li style=\"list-style-type: none;\">\n<ul>\n<li style=\"list-style-type: none;\"><\/li>\n<\/ul>\n<\/li>\n<\/ul>\n<\/li>\n<\/ul>\n<p><span style=\"font-size: 14pt;\"><strong><em>LEYES, DECRETOS E INICIATIVAS DE LEY<\/em><\/strong><\/span><\/p>\n<p><a href=\"https:\/\/drive.google.com\/file\/d\/1TbIToWu3BVEfXDH-KJm-ppMzISgyjjsj\/view?usp=sharing\">LEY DE LENGUA DE SE\u00d1AS (DECRETO 3-2020) EN LENGUA DE SE\u00d1AS<\/a><\/p>\n<p><a href=\"https:\/\/conadi.gob.gt\/web\/wp-content\/uploads\/2021\/04\/Decreto-3-2020-editable.docx\">LEY DE LENGUA DE SE\u00d1AS (DECRETO 3-2020) EN WORD<\/a><\/p>\n<p><a href=\"https:\/\/conadi.gob.gt\/web\/wp-content\/uploads\/2021\/06\/ACUERDO-MINISTERIAL-121-2021.pdf\">ACUERDO GUBERNATIVO 121-2021\u00a0 REGLAMENTO DE LEY QUE RECONOCE LA LEY DE LENGUA DE SE\u00d1AS DE GUATEMALA\u00a0<\/a><\/p>\n<p><a href=\"https:\/\/conadi.gob.gt\/web\/wp-content\/uploads\/2021\/07\/Acuerdo-Gubernativo-No.121-2021-Reglamento-Lengua-de-Se\u00f1as.docx\">Acuerdo Gubernativo No.121-2021 Reglamento Lengua de Se\u00f1as<\/a><\/p>\n<p><a href=\"https:\/\/conadi.gob.gt\/web\/wp-content\/uploads\/2021\/06\/Tratado-de-Marrakech.pdf\">Tratado de Marrakech<\/a><\/p>\n<p><a href=\"https:\/\/conadi.gob.gt\/web\/wp-content\/uploads\/2021\/06\/Reformas-al-Derecho-de-autor.pdf\">Reformas al Derecho de autor<\/a><\/p>\n<table style=\"height: 108px;\" width=\"957\">\n<tbody>\n<tr>\n<td width=\"211\"><u><a href=\"https:\/\/conadi.gob.gt\/web\/wp-content\/uploads\/2020\/02\/DECRETO-3-2020.pdf\">Decreto 3-2020 LENSEGUA Publicaci\u00f3n Diario de Centro Am\u00e9rica<\/a><\/u><\/td>\n<td width=\"275\"><u><a href=\"https:\/\/conadi.gob.gt\/web\/wp-content\/uploads\/2020\/01\/LENSEGUA-APROBADO.pdf\">LENSEGUA APROBADO<\/a><\/u><\/td>\n<td width=\"155\"><u><a href=\"https:\/\/conadi.gob.gt\/web\/wp-content\/uploads\/2019\/10\/lensegua20191002_13560944-convertido.pdf\">Dictamen LENSEGUA<\/a><\/u><\/td>\n<\/tr>\n<\/tbody>\n<\/table>\n<table style=\"height: 130px;\" width=\"964\">\n<tbody>\n<tr>\n<td width=\"211\"><u><a href=\"https:\/\/conadi.gob.gt\/web\/wp-content\/uploads\/2019\/06\/5529.pdf\">INICIATIVA DE LEY 5529: Dispone aprobar ley para el Fomento de Trabajo, Empleo y Emprendimiento para las Personas con Discapacidad<\/a><\/u><\/td>\n<td width=\"275\"><u><a href=\"https:\/\/conadi.gob.gt\/web\/wp-content\/uploads\/2020\/01\/PROYECTO-DE-LEY-5529.pdf\">Proyecto de ley 5529<\/a><\/u><\/td>\n<\/tr>\n<\/tbody>\n<\/table>\n<table style=\"height: 381px;\" width=\"966\">\n<tbody>\n<tr>\n<td width=\"211\"><u><a href=\"https:\/\/drive.google.com\/open?id=1j4HF0j_QwgudQCvUTEgQ1TivOPYpPoVL\">\u00a0INICIATIVA 4672:\u00a0 Sospecha o Diagn\u00f3stico de Padecimiento de Enfermedades Raras<\/a><\/u><\/td>\n<td width=\"275\"><u><a href=\"https:\/\/drive.google.com\/open?id=1jbIH8SEZ-RzUY_U3EIaj0RImepTa7EBR\">INICIATIVA DE LEY\u00a0 4910:\u00a0 Acceso a la Rehabilitaci\u00f3n para Victimas de Violencia Armada<\/a><\/u><\/td>\n<td width=\"155\"><u><a href=\"https:\/\/drive.google.com\/open?id=1H0AuKhaFUGT8mMDXAooixoIHn5D8SjT4\">INICIATIVA DE LEY 4796:\u00a0 Inclusi\u00f3n Laboral<\/a><\/u><\/td>\n<\/tr>\n<tr>\n<td width=\"211\"><u><a href=\"https:\/\/drive.google.com\/open?id=1sGCdUGzbHZz5cDZjsl6w7w-6x-o5E9G4\">INICIATIVA DE LEY 4177:\u00a0 Ley del Deporte<\/a><\/u><\/td>\n<td width=\"275\"><u><a href=\"https:\/\/drive.google.com\/open?id=0By2RGSlmbU5OOUg4RUw2MTFjVXc\">INICIATIVA DE LEY 5125: Personas con Discapacidad<\/a><\/u><\/td>\n<td width=\"155\"><u><a href=\"https:\/\/conadi.gob.gt\/web\/wp-content\/uploads\/2019\/06\/Iniciativa-de-Ley-5463.pdf\">INICIATIVA DE LEY 5463: Dispone Aprobar Ley de Certificaci\u00f3n de Discapacidad<\/a><\/u><\/td>\n<\/tr>\n<tr>\n<td width=\"211\"><u><a href=\"https:\/\/conadi.gob.gt\/web\/wp-content\/uploads\/2019\/06\/Iniciativa-de-Ley-5392.pdf\">INICIATIVA DE LEY 5392: Dispone aprobar Reformas al Decreto N\u00famero 12-2001 del Congreso de la Rep\u00fablica, C\u00f3digo Municipal<\/a><\/u><\/td>\n<td width=\"275\"><u><a href=\"https:\/\/conadi.gob.gt\/web\/wp-content\/uploads\/2019\/06\/Iniciativa-de-Ley-5232.pdf\">INICIATIVA DE LEY 5232: Dispone aprobar reformas al decreto n\u00famero 1441 del Congreso de la Rep\u00fablica, C\u00f3digo de Trabajo. Adiciona art. 14 ter proh\u00edbe al empleador la marginaci\u00f3n, exclusi\u00f3n o discriminaci\u00f3n por edad, religi\u00f3n, etnia, sexo, estado civil, idioma, discapacidad f\u00edsica, credos pol\u00edticos o situaci\u00f3n econ\u00f3mica al momento de hacer convocatoria de empleo<\/a><\/u><\/td>\n<td width=\"155\"><u><a href=\"https:\/\/drive.google.com\/open?id=0By2RGSlmbU5OeGd4TGp1MDFaaFk\">Derechos de Autor y Derechos Conexos<\/a><\/u><\/td>\n<\/tr>\n<\/tbody>\n<\/table>\n<hr \/>\n","protected":false},"excerpt":{"rendered":"<p>ENERO 2021 PROTOCOLO PERSONAL formato word ENERO 2021 PROTOCOLO PERSONAL formato pdf BASE DE DATOS LIBROS QUE ENCUENTRA EN EL CENTRO DE DOCUMENTACI\u00d3N RESOLUCI\u00d3N FINAL ELECCION JD.pdf ACTA DE ASAMBLEA DE ELECCION JUNTA DIRECTIVA CONADI 2021-2023.pdf Agenda Estrat\u00e9gica para el abordaje de los derechos humanos de las mujeres y ni\u00f1as con discapacidad, en el marco &hellip; <\/p>\n<p class=\"link-more\"><a href=\"https:\/\/conadi.gob.gt\/web\/inciso-29-informacion-de-utilidad\/\" class=\"more-link\">Leer m\u00e1s<span class=\"screen-reader-text\"> \u00abINCISO 29. Informaci\u00f3n de utilidad 2021\u00bb<\/span><\/a><\/p>\n","protected":false},"author":8,"featured_media":0,"comment_status":"open","ping_status":"closed","sticky":false,"template":"","format":"standard","meta":{"footnotes":""},"categories":[1],"tags":[],"class_list":["post-8663","post","type-post","status-publish","format-standard","hentry","category-sin-categoria"],"_links":{"self":[{"href":"https:\/\/conadi.gob.gt\/web\/wp-json\/wp\/v2\/posts\/8663","targetHints":{"allow":["GET"]}}],"collection":[{"href":"https:\/\/conadi.gob.gt\/web\/wp-json\/wp\/v2\/posts"}],"about":[{"href":"https:\/\/conadi.gob.gt\/web\/wp-json\/wp\/v2\/types\/post"}],"author":[{"embeddable":true,"href":"https:\/\/conadi.gob.gt\/web\/wp-json\/wp\/v2\/users\/8"}],"replies":[{"embeddable":true,"href":"https:\/\/conadi.gob.gt\/web\/wp-json\/wp\/v2\/comments?post=8663"}],"version-history":[{"count":47,"href":"https:\/\/conadi.gob.gt\/web\/wp-json\/wp\/v2\/posts\/8663\/revisions"}],"predecessor-version":[{"id":15211,"href":"https:\/\/conadi.gob.gt\/web\/wp-json\/wp\/v2\/posts\/8663\/revisions\/15211"}],"wp:attachment":[{"href":"https:\/\/conadi.gob.gt\/web\/wp-json\/wp\/v2\/media?parent=8663"}],"wp:term":[{"taxonomy":"category","embeddable":true,"href":"https:\/\/conadi.gob.gt\/web\/wp-json\/wp\/v2\/categories?post=8663"},{"taxonomy":"post_tag","embeddable":true,"href":"https:\/\/conadi.gob.gt\/web\/wp-json\/wp\/v2\/tags?post=8663"}],"curies":[{"name":"wp","href":"https:\/\/api.w.org\/{rel}","templated":true}]}}