{"id":8816,"date":"2021-03-08T13:16:22","date_gmt":"2021-03-08T13:16:22","guid":{"rendered":"http:\/\/conadi.gob.gt\/web\/?p=8816"},"modified":"2021-03-08T13:16:22","modified_gmt":"2021-03-08T13:16:22","slug":"conadi-y-correos-y-telegrafos-de-guatemala-firman-convenio-para-brindar-mejor-atencion-a-personas-con-discapacidad","status":"publish","type":"post","link":"https:\/\/conadi.gob.gt\/web\/conadi-y-correos-y-telegrafos-de-guatemala-firman-convenio-para-brindar-mejor-atencion-a-personas-con-discapacidad\/","title":{"rendered":"CONADI y Correos y Tel\u00e9grafos de Guatemala firman convenio para brindar mejor atenci\u00f3n a Personas con Discapacidad"},"content":{"rendered":"<p>Como parte de las alianzas estrat\u00e9gicas para la inclusi\u00f3n de las Personas con Discapacidad, El Consejo Nacional para la Atenci\u00f3n de las Personas con Discapacidad (CONADI) y la Direcci\u00f3n General de Correos y Tel\u00e9grafos de Guatemala, suscribieron\u00a0un convenio de cooperaci\u00f3n, el 5 de marzo del 2021.<\/p>\n<p>El documento tiene como objetivos principales promover la inclusi\u00f3n de las personas con discapacidad, poblaci\u00f3n que en el pa\u00eds suma un mill\u00f3n seiscientos mil guatemaltecos. Usuarios que cuentan con los diversos servicios que presta la Direcci\u00f3n General de Correos y Tel\u00e9grafos. Esta suscripci\u00f3n tiene el prop\u00f3sito de eliminar las barreras actitudinales y de infraestructura, as\u00ed como digitales; para que participen en igualdad de condiciones con las dem\u00e1s en una sociedad inclusiva, tal como lo manda la Convenci\u00f3n de Naciones Unidas Sobre los Derechos de las Personas con Discapacidad, instrumento adoptado por Guatemala.<\/p>\n<p>Adem\u00e1s, busca establecer l\u00edneas de acci\u00f3n, en el desarrollo y proceso de la inclusi\u00f3n de las personas con discapacidad, tomando en consideraci\u00f3n la accesibilidad y ajustes razonables en informaci\u00f3n, comunicaci\u00f3n y acceso a materiales audiovisuales en lengua de se\u00f1as y establecer una pol\u00edtica inclusiva para personas en condici\u00f3n de discapacidad a nivel institucional.<\/p>\n<p>El convenio fue suscrito entre Clarivel Castillo Barrientos de Mart\u00ednez, presidenta del CONADI y Julio Romero, director de Correos y Tel\u00e9grafos. Adem\u00e1s, participaron Gerardo Meza, miembro de junta directiva del Consejo; William Godoy, director del CONADI; Ada Julieta Guinea, subdirectora de Tel\u00e9grafos. Las autoridades referidas manifestaron trabajar de manera ardua para brindar a la poblaci\u00f3n con discapacidad el servicio que merecemos.<\/p>\n<p>&nbsp;<\/p>\n<p>&nbsp;<\/p>\n<figure id=\"attachment_8817\" aria-describedby=\"caption-attachment-8817\" style=\"width: 300px\" class=\"wp-caption aligncenter\"><a href=\"https:\/\/conadi.gob.gt\/web\/wp-content\/uploads\/2021\/03\/IMG_8487.jpg\"><img loading=\"lazy\" decoding=\"async\" id=\"longdesc-return-8817\" class=\"size-medium wp-image-8817\" tabindex=\"-1\" src=\"https:\/\/conadi.gob.gt\/web\/wp-content\/uploads\/2021\/03\/IMG_8487-300x200.jpg\" alt=\"CONADI y CORREOS y TEL\u00c9GRAFOS, suscriben convenio de cooperaci\u00f3n\" width=\"300\" height=\"200\" longdesc=\"https:\/\/conadi.gob.gt\/web?longdesc=8817&amp;referrer=8816\" srcset=\"https:\/\/conadi.gob.gt\/web\/wp-content\/uploads\/2021\/03\/IMG_8487-300x200.jpg 300w, https:\/\/conadi.gob.gt\/web\/wp-content\/uploads\/2021\/03\/IMG_8487-768x512.jpg 768w, https:\/\/conadi.gob.gt\/web\/wp-content\/uploads\/2021\/03\/IMG_8487-1024x683.jpg 1024w, https:\/\/conadi.gob.gt\/web\/wp-content\/uploads\/2021\/03\/IMG_8487-90x60.jpg 90w, https:\/\/conadi.gob.gt\/web\/wp-content\/uploads\/2021\/03\/IMG_8487-180x120.jpg 180w, https:\/\/conadi.gob.gt\/web\/wp-content\/uploads\/2021\/03\/IMG_8487-95x64.jpg 95w\" sizes=\"auto, (max-width: 300px) 100vw, 300px\" \/><\/a><figcaption id=\"caption-attachment-8817\" class=\"wp-caption-text\">CONADI y CORREOS y TEL\u00c9GRAFOS, suscriben convenio de cooperaci\u00f3n<\/figcaption><\/figure>\n","protected":false},"excerpt":{"rendered":"<p>Como parte de las alianzas estrat\u00e9gicas para la inclusi\u00f3n de las Personas con Discapacidad, El Consejo Nacional para la Atenci\u00f3n de las Personas con Discapacidad (CONADI) y la Direcci\u00f3n General de Correos y Tel\u00e9grafos de Guatemala, suscribieron\u00a0un convenio de cooperaci\u00f3n, el 5 de marzo del 2021. El documento tiene como objetivos principales promover la inclusi\u00f3n &hellip; <\/p>\n<p class=\"link-more\"><a href=\"https:\/\/conadi.gob.gt\/web\/conadi-y-correos-y-telegrafos-de-guatemala-firman-convenio-para-brindar-mejor-atencion-a-personas-con-discapacidad\/\" class=\"more-link\">Leer m\u00e1s<span class=\"screen-reader-text\"> \u00abCONADI y Correos y Tel\u00e9grafos de Guatemala firman convenio para brindar mejor atenci\u00f3n a Personas con Discapacidad\u00bb<\/span><\/a><\/p>\n","protected":false},"author":12,"featured_media":8818,"comment_status":"open","ping_status":"closed","sticky":false,"template":"","format":"standard","meta":{"footnotes":""},"categories":[3],"tags":[],"class_list":["post-8816","post","type-post","status-publish","format-standard","has-post-thumbnail","hentry","category-noticias"],"_links":{"self":[{"href":"https:\/\/conadi.gob.gt\/web\/wp-json\/wp\/v2\/posts\/8816","targetHints":{"allow":["GET"]}}],"collection":[{"href":"https:\/\/conadi.gob.gt\/web\/wp-json\/wp\/v2\/posts"}],"about":[{"href":"https:\/\/conadi.gob.gt\/web\/wp-json\/wp\/v2\/types\/post"}],"author":[{"embeddable":true,"href":"https:\/\/conadi.gob.gt\/web\/wp-json\/wp\/v2\/users\/12"}],"replies":[{"embeddable":true,"href":"https:\/\/conadi.gob.gt\/web\/wp-json\/wp\/v2\/comments?post=8816"}],"version-history":[{"count":1,"href":"https:\/\/conadi.gob.gt\/web\/wp-json\/wp\/v2\/posts\/8816\/revisions"}],"predecessor-version":[{"id":8819,"href":"https:\/\/conadi.gob.gt\/web\/wp-json\/wp\/v2\/posts\/8816\/revisions\/8819"}],"wp:featuredmedia":[{"embeddable":true,"href":"https:\/\/conadi.gob.gt\/web\/wp-json\/wp\/v2\/media\/8818"}],"wp:attachment":[{"href":"https:\/\/conadi.gob.gt\/web\/wp-json\/wp\/v2\/media?parent=8816"}],"wp:term":[{"taxonomy":"category","embeddable":true,"href":"https:\/\/conadi.gob.gt\/web\/wp-json\/wp\/v2\/categories?post=8816"},{"taxonomy":"post_tag","embeddable":true,"href":"https:\/\/conadi.gob.gt\/web\/wp-json\/wp\/v2\/tags?post=8816"}],"curies":[{"name":"wp","href":"https:\/\/api.w.org\/{rel}","templated":true}]}}