{"id":8820,"date":"2021-03-08T17:26:23","date_gmt":"2021-03-08T17:26:23","guid":{"rendered":"http:\/\/conadi.gob.gt\/web\/?p=8820"},"modified":"2021-03-08T18:36:33","modified_gmt":"2021-03-08T18:36:33","slug":"foro-promueve-la-inclusion-de-la-mujer-con-discapacidad-en-la-reactivacion-economica","status":"publish","type":"post","link":"https:\/\/conadi.gob.gt\/web\/foro-promueve-la-inclusion-de-la-mujer-con-discapacidad-en-la-reactivacion-economica\/","title":{"rendered":"Foro promueve la inclusi\u00f3n de la Mujer con Discapacidad en la reactivaci\u00f3n econ\u00f3mica"},"content":{"rendered":"<p>El Consejo Nacional para la Atenci\u00f3n de las Personas con Discapacidad (CONADI), en coordinaci\u00f3n con el Consejo Nacional para la Juventud (CONJUVE)\u00a0 y CISP Latinoam\u00e9rica desarrollaron el foro \u00abLa Participaci\u00f3n e Inclusi\u00f3n de las Mujeres con Discapacidad en el marco de la reactivaci\u00f3n econ\u00f3mica\u00bb con motivo de la fecha conmemorativa internacional del D\u00eda de la Mujer.<\/p>\n<div class=\"kvgmc6g5 cxmmr5t8 oygrvhab hcukyx3x c1et5uql ii04i59q\">\n<div dir=\"auto\">De acuerdo a las panelistas del foro \u00abLa Participaci\u00f3n e Inclusi\u00f3n de las Mujeres con Discapacidad en el Marco de la Reactivaci\u00f3n Econ\u00f3mica\u00bb, las mujeres y ni\u00f1as han resultado mayormente afectadas f\u00edsica y psicol\u00f3gicamente por el confinamiento ante la pandemia del COVID-19. Asimismo, se dio a conocer que se busca a nivel del legislativo, promover a la mujer con y sin discapacidad en la recuperaci\u00f3n de pa\u00eds, es decir, incluir al sector dentro de las estrategias de desarrollo de la actividad productiva. Adem\u00e1s, se argument\u00f3 que los desaf\u00edos hacia la mujer con discapacidad, discriminaci\u00f3n y falta de oportunidades a\u00fan persiste y se hizo un llamado a los diferentes sectores a erradicar estas pr\u00e1cticas de modelos que contravienen los derechos humanos. Tambi\u00e9n, trascendi\u00f3 que la legislatura nacional sobre discapacidad debe armonizarse con la Convenci\u00f3n sobre los Derechos de las Personas con discapacidad acorde a la realidad de pa\u00eds.<\/div>\n<div dir=\"auto\"><\/div>\n<\/div>\n<div class=\"o9v6fnle cxmmr5t8 oygrvhab hcukyx3x c1et5uql ii04i59q\">\n<div dir=\"auto\">Las panelistas participantes fueron: Mar\u00eda Jos\u00e9 P\u00e9rez de la Secretar\u00eda Presidencial de la Mujer; Alma Boror, mujer ind\u00edgena con discapacidad, estudiante y trabajadora; Aura G\u00f3mez, representante de organizaciones de personas con discapacidad; diputada Merana Oliva, integrante de la Comisi\u00f3n de la Mujer del Congreso de la Rep\u00fablica; Miriam Ipi\u00f1a, mujer emprendedora; Adriana Qui\u00f1ones, de ONU Mujeres y Clarivel Castillo, presidenta del CONADI.<\/div>\n<\/div>\n<div dir=\"auto\"><\/div>\n<div dir=\"auto\">Clarivel Castillo, presidenta del CONADI, argument\u00f3 que la mujer con discapacidad es importante para la recuperaci\u00f3n econ\u00f3mica de pa\u00eds. Agreg\u00f3 que organismos internacionales indican que la inclusi\u00f3n de la poblaci\u00f3n con discapacidad en la actividad productiva, genera entre el 4 al 7 % de incremento en el producto interno bruto de una naci\u00f3n con caracter\u00edsticas similares a Guatemala. En el pa\u00eds, las mujeres con discapacidad representan el 53.9% del colectivo. Finalmente, se solidariz\u00f3 con las mujeres en condici\u00f3n de discapacidad y exhort\u00f3 a la sociedad a continuar trabajando para vencer las barreras sociales para alcanzar una naci\u00f3n inclusiva.<\/div>\n<div dir=\"auto\"><\/div>\n<div dir=\"auto\">Dentro de esta actividad, se realiz\u00f3 el lanzamiento de la campa\u00f1a producida por el CONADI, CONJUVE y CISP Latinoam\u00e9rica, \u00abMujer con Discapacidad y la superaci\u00f3n de las barreras sociales\u00bb, audiovisuales que narran los desaf\u00edos y aspiraciones de vida de mujeres con esta condici\u00f3n.<\/div>\n<div dir=\"auto\"><\/div>\n<div dir=\"auto\">\n<figure id=\"attachment_8821\" aria-describedby=\"caption-attachment-8821\" style=\"width: 300px\" class=\"wp-caption aligncenter\"><a href=\"https:\/\/conadi.gob.gt\/web\/wp-content\/uploads\/2021\/03\/Mujeres-21-8.jpg\"><img loading=\"lazy\" decoding=\"async\" id=\"longdesc-return-8821\" class=\"size-medium wp-image-8821\" tabindex=\"-1\" src=\"https:\/\/conadi.gob.gt\/web\/wp-content\/uploads\/2021\/03\/Mujeres-21-8-300x142.jpg\" alt=\"Foro realizado por el CONADI y CONJUVE en el marco del D\u00eda de la Mujer\" width=\"300\" height=\"142\" longdesc=\"https:\/\/conadi.gob.gt\/web?longdesc=8821&amp;referrer=8820\" srcset=\"https:\/\/conadi.gob.gt\/web\/wp-content\/uploads\/2021\/03\/Mujeres-21-8-300x142.jpg 300w, https:\/\/conadi.gob.gt\/web\/wp-content\/uploads\/2021\/03\/Mujeres-21-8-768x364.jpg 768w, https:\/\/conadi.gob.gt\/web\/wp-content\/uploads\/2021\/03\/Mujeres-21-8-1024x485.jpg 1024w, https:\/\/conadi.gob.gt\/web\/wp-content\/uploads\/2021\/03\/Mujeres-21-8.jpg 1220w\" sizes=\"auto, (max-width: 300px) 100vw, 300px\" \/><\/a><figcaption id=\"caption-attachment-8821\" class=\"wp-caption-text\">Foro \u00abParticipaci\u00f3n e Inclusi\u00f3n de la Mujer con Discapacidad en el marco de la reactivaci\u00f3n econ\u00f3mica\u00bb<\/figcaption><\/figure>\n<\/div>\n<div dir=\"auto\"><\/div>\n","protected":false},"excerpt":{"rendered":"<p>El Consejo Nacional para la Atenci\u00f3n de las Personas con Discapacidad (CONADI), en coordinaci\u00f3n con el Consejo Nacional para la Juventud (CONJUVE)\u00a0 y CISP Latinoam\u00e9rica desarrollaron el foro \u00abLa Participaci\u00f3n e Inclusi\u00f3n de las Mujeres con Discapacidad en el marco de la reactivaci\u00f3n econ\u00f3mica\u00bb con motivo de la fecha conmemorativa internacional del D\u00eda de la &hellip; <\/p>\n<p class=\"link-more\"><a href=\"https:\/\/conadi.gob.gt\/web\/foro-promueve-la-inclusion-de-la-mujer-con-discapacidad-en-la-reactivacion-economica\/\" class=\"more-link\">Leer m\u00e1s<span class=\"screen-reader-text\"> \u00abForo promueve la inclusi\u00f3n de la Mujer con Discapacidad en la reactivaci\u00f3n econ\u00f3mica\u00bb<\/span><\/a><\/p>\n","protected":false},"author":12,"featured_media":8822,"comment_status":"open","ping_status":"closed","sticky":false,"template":"","format":"standard","meta":{"footnotes":""},"categories":[3],"tags":[],"class_list":["post-8820","post","type-post","status-publish","format-standard","has-post-thumbnail","hentry","category-noticias"],"_links":{"self":[{"href":"https:\/\/conadi.gob.gt\/web\/wp-json\/wp\/v2\/posts\/8820","targetHints":{"allow":["GET"]}}],"collection":[{"href":"https:\/\/conadi.gob.gt\/web\/wp-json\/wp\/v2\/posts"}],"about":[{"href":"https:\/\/conadi.gob.gt\/web\/wp-json\/wp\/v2\/types\/post"}],"author":[{"embeddable":true,"href":"https:\/\/conadi.gob.gt\/web\/wp-json\/wp\/v2\/users\/12"}],"replies":[{"embeddable":true,"href":"https:\/\/conadi.gob.gt\/web\/wp-json\/wp\/v2\/comments?post=8820"}],"version-history":[{"count":1,"href":"https:\/\/conadi.gob.gt\/web\/wp-json\/wp\/v2\/posts\/8820\/revisions"}],"predecessor-version":[{"id":8823,"href":"https:\/\/conadi.gob.gt\/web\/wp-json\/wp\/v2\/posts\/8820\/revisions\/8823"}],"wp:featuredmedia":[{"embeddable":true,"href":"https:\/\/conadi.gob.gt\/web\/wp-json\/wp\/v2\/media\/8822"}],"wp:attachment":[{"href":"https:\/\/conadi.gob.gt\/web\/wp-json\/wp\/v2\/media?parent=8820"}],"wp:term":[{"taxonomy":"category","embeddable":true,"href":"https:\/\/conadi.gob.gt\/web\/wp-json\/wp\/v2\/categories?post=8820"},{"taxonomy":"post_tag","embeddable":true,"href":"https:\/\/conadi.gob.gt\/web\/wp-json\/wp\/v2\/tags?post=8820"}],"curies":[{"name":"wp","href":"https:\/\/api.w.org\/{rel}","templated":true}]}}