{"id":8827,"date":"2021-03-09T16:11:38","date_gmt":"2021-03-09T16:11:38","guid":{"rendered":"http:\/\/conadi.gob.gt\/web\/?p=8827"},"modified":"2021-03-09T18:27:06","modified_gmt":"2021-03-09T18:27:06","slug":"el-conadi-suma-3-oficinas-municipales-de-discapacidad","status":"publish","type":"post","link":"https:\/\/conadi.gob.gt\/web\/el-conadi-suma-3-oficinas-municipales-de-discapacidad\/","title":{"rendered":"CON 3 OFICINAS M\u00c1S SE ALCANZAN A 83 OMD\u00b4S A NIVEL NACIONAL"},"content":{"rendered":"<p>En este 2021, el Consejo Nacional para la Atenci\u00f3n de las Personas con Discapacidad (CONADI), ha realizado la apertura de tres Oficinas Municipales de Discapacidad en Las Cruces, Pet\u00e9n; San Jos\u00e9 La Arada, Chiquimula y Santa Cruz Naranjo, Santa Rosa,\u00a0 sumando un total de 83 OMD\u2019s\u00a0 a nivel nacional. Proyecto que inici\u00f3 en el 2012, en Panajachel, Solol\u00e1.<\/p>\n<p>Con el prop\u00f3sito de promover la participaci\u00f3n e inclusi\u00f3n de las personas con discapacidad en las pol\u00edticas, programas, proyectos municipales, el CONADI a trav\u00e9s de las acciones de incidencia que realiza el departamento de Territorialidad y Pol\u00edtica de Discapacidad, ha gestionado a nivel departamental aperturas de Oficinas Municipales de Discapacidad (OMD).<\/p>\n<p><span style=\"color: #3366ff;\"><strong>OFICINA MUNICIPAL DE DISCAPACIDAD SANTA CRUZ NARANJO, SANTA ROSA<\/strong><\/span><\/p>\n<p>La municipalidad de Santa Cruz Naranjo, Santa Rosa, inaugur\u00f3 el 16 de febrero su Oficina Municipal de Discapacidad (OMD). Esta se convierte en la OMD 81 instaurada en el pa\u00eds y cuarta en el departamento. Antecedi\u00e9ndole, las oficias en Chiquimul\u00eda, Taxisco y Pueblo Nuevo Vi\u00f1as.<\/p>\n<p>En la actividad protocolaria particip\u00f3, Norberto Ortiz, vice-alcalde; Edvin Lucas Saenz, asesor de alcalde municipal; Rigoberto Quevedo, secretario municipal. El CONADI fue representado por Rosario Hern\u00e1ndez, jefa del eje de Territorialidad y Pol\u00edticas Sobre Discapacidad. Esta oficina ser\u00e1 atendida por el se\u00f1or Felipe Pichill\u00e1.<\/p>\n<p><a href=\"https:\/\/conadi.gob.gt\/web\/wp-content\/uploads\/2021\/03\/151184066_3868585739875222_6623130683853024013_o.jpg\"><img loading=\"lazy\" decoding=\"async\" class=\"alignnone size-medium wp-image-8828\" src=\"https:\/\/conadi.gob.gt\/web\/wp-content\/uploads\/2021\/03\/151184066_3868585739875222_6623130683853024013_o-300x169.jpg\" alt=\"\" width=\"300\" height=\"169\" srcset=\"https:\/\/conadi.gob.gt\/web\/wp-content\/uploads\/2021\/03\/151184066_3868585739875222_6623130683853024013_o-300x169.jpg 300w, https:\/\/conadi.gob.gt\/web\/wp-content\/uploads\/2021\/03\/151184066_3868585739875222_6623130683853024013_o-768x432.jpg 768w, https:\/\/conadi.gob.gt\/web\/wp-content\/uploads\/2021\/03\/151184066_3868585739875222_6623130683853024013_o-1024x576.jpg 1024w, https:\/\/conadi.gob.gt\/web\/wp-content\/uploads\/2021\/03\/151184066_3868585739875222_6623130683853024013_o.jpg 1280w\" sizes=\"auto, (max-width: 300px) 100vw, 300px\" \/><\/a><\/p>\n<p>&nbsp;<\/p>\n<p><span style=\"color: #3366ff;\"><strong>OFICINA MUNICIPAL DE DISCAPACIDAD SAN JOS\u00c9 LA ARADA, CHIQUIMULA<\/strong><\/span><\/p>\n<p>La municipalidad de San Jos\u00e9 La Arada, Chiquimula, inaugur\u00f3 su Oficina Municipal sobre Discapacidad, esta ser\u00eda la oficina n\u00famero 82 de esta modalidad a nivel nacional y operar\u00e1 con la finalidad de promover la inclusi\u00f3n de la poblaci\u00f3n con discapacidad en los planes, proyectos y pol\u00edticas de la institucionalidad p\u00fablica. La oficina estar\u00e1 a cargo de Berberlie Gonz\u00e1les.<\/p>\n<p>En el acto de apertura particip\u00f3 Clarivel Castillo, presidenta del CONADI y Gerardo Meza, miembro del Consejo, parte de la municipalidad Estela Sagastume, S\u00edndico II y Carlos Iscamey, Concejal I y representantes de organizaciones de personas con discapacidad.<\/p>\n<p>La presidenta del CONADI, Clarivel Castillo, manifest\u00f3 su apoyo en las gestiones a realizarse en beneficio de las personas con discapacidad, las cuales deben de ir m\u00e1s all\u00e1 de procesos administrativos. Asimismo, recalc\u00f3 el compromiso que tiene la Oficina de discapacidad en buscar acciones de inclusi\u00f3n y atenci\u00f3n para las personas con discapacidad.<\/p>\n<p><a href=\"https:\/\/conadi.gob.gt\/web\/wp-content\/uploads\/2021\/03\/WhatsApp-Image-2021-03-09-at-8.45.29-AM.jpeg\"><img loading=\"lazy\" decoding=\"async\" class=\"alignnone size-medium wp-image-8829\" src=\"https:\/\/conadi.gob.gt\/web\/wp-content\/uploads\/2021\/03\/WhatsApp-Image-2021-03-09-at-8.45.29-AM-300x200.jpeg\" alt=\"\" width=\"300\" height=\"200\" srcset=\"https:\/\/conadi.gob.gt\/web\/wp-content\/uploads\/2021\/03\/WhatsApp-Image-2021-03-09-at-8.45.29-AM-300x200.jpeg 300w, https:\/\/conadi.gob.gt\/web\/wp-content\/uploads\/2021\/03\/WhatsApp-Image-2021-03-09-at-8.45.29-AM-768x512.jpeg 768w, https:\/\/conadi.gob.gt\/web\/wp-content\/uploads\/2021\/03\/WhatsApp-Image-2021-03-09-at-8.45.29-AM-1024x682.jpeg 1024w, https:\/\/conadi.gob.gt\/web\/wp-content\/uploads\/2021\/03\/WhatsApp-Image-2021-03-09-at-8.45.29-AM-90x60.jpeg 90w, https:\/\/conadi.gob.gt\/web\/wp-content\/uploads\/2021\/03\/WhatsApp-Image-2021-03-09-at-8.45.29-AM-180x120.jpeg 180w, https:\/\/conadi.gob.gt\/web\/wp-content\/uploads\/2021\/03\/WhatsApp-Image-2021-03-09-at-8.45.29-AM-95x64.jpeg 95w, https:\/\/conadi.gob.gt\/web\/wp-content\/uploads\/2021\/03\/WhatsApp-Image-2021-03-09-at-8.45.29-AM.jpeg 1280w\" sizes=\"auto, (max-width: 300px) 100vw, 300px\" \/><\/a><\/p>\n<p><span style=\"color: #3366ff;\"><strong>OFICINA MUNICIPAL DE DISCAPACIDAD LAS CRUCES, PET\u00c9N<\/strong><\/span><\/p>\n<p>La municipalidad de Las Cruces, Pet\u00e9n, inaugur\u00f3 su Oficina Municipal sobre Discapacidad (OMD) y el Centro de Atenci\u00f3n Terap\u00e9utico Integral.\u00a0 La OMD de Las Cruces es la s\u00e9ptima oficina instaurada en Pet\u00e9n; le anteceden las aperturas en San Benito, Popt\u00fan, San Andr\u00e9s, La Libertad, Sayaxch\u00e9 y San Luis.<\/p>\n<p>El evento cont\u00f3 con la presencia de Clarivel Castillo, la presidenta del CONADI y Luis Beltr\u00e1n Raymundo, miembro del Consejo; Jaime Hern\u00e1ndez, S\u00edndico II de la Municipalidad de Las Cruces; Leticia Monterroso, de la Direcci\u00f3n General de Educaci\u00f3n Especial (DIGEESP); Ericka Morales, Ministerio de Salud P\u00fablica y Asistencia Social (MSPAS) y Ludvin Contreras encargado de la OMD, persona con discapacidad f\u00edsica.<\/p>\n<p><a href=\"https:\/\/conadi.gob.gt\/web\/wp-content\/uploads\/2021\/03\/152521699_263033788666755_4793981989266022943_o.jpg\"><img loading=\"lazy\" decoding=\"async\" class=\"alignnone size-medium wp-image-8830\" src=\"https:\/\/conadi.gob.gt\/web\/wp-content\/uploads\/2021\/03\/152521699_263033788666755_4793981989266022943_o-300x225.jpg\" alt=\"\" width=\"300\" height=\"225\" srcset=\"https:\/\/conadi.gob.gt\/web\/wp-content\/uploads\/2021\/03\/152521699_263033788666755_4793981989266022943_o-300x225.jpg 300w, https:\/\/conadi.gob.gt\/web\/wp-content\/uploads\/2021\/03\/152521699_263033788666755_4793981989266022943_o-768x576.jpg 768w, https:\/\/conadi.gob.gt\/web\/wp-content\/uploads\/2021\/03\/152521699_263033788666755_4793981989266022943_o-1024x768.jpg 1024w, https:\/\/conadi.gob.gt\/web\/wp-content\/uploads\/2021\/03\/152521699_263033788666755_4793981989266022943_o-45x35.jpg 45w, https:\/\/conadi.gob.gt\/web\/wp-content\/uploads\/2021\/03\/152521699_263033788666755_4793981989266022943_o.jpg 1080w\" sizes=\"auto, (max-width: 300px) 100vw, 300px\" \/><\/a><\/p>\n<p>De esta manera el CONADI reitera su compromiso de continuar trabajando por la inclusi\u00f3n de las personas con discapacidad.<\/p>\n<p>&nbsp;<\/p>\n<p><a href=\"https:\/\/conadi.gob.gt\/web\/wp-content\/uploads\/2021\/03\/IMG_3855.jpg\"><img loading=\"lazy\" decoding=\"async\" class=\"alignnone size-medium wp-image-8831\" src=\"https:\/\/conadi.gob.gt\/web\/wp-content\/uploads\/2021\/03\/IMG_3855-300x200.jpg\" alt=\"\" width=\"300\" height=\"200\" srcset=\"https:\/\/conadi.gob.gt\/web\/wp-content\/uploads\/2021\/03\/IMG_3855-300x200.jpg 300w, https:\/\/conadi.gob.gt\/web\/wp-content\/uploads\/2021\/03\/IMG_3855-768x512.jpg 768w, https:\/\/conadi.gob.gt\/web\/wp-content\/uploads\/2021\/03\/IMG_3855-1024x683.jpg 1024w, https:\/\/conadi.gob.gt\/web\/wp-content\/uploads\/2021\/03\/IMG_3855-90x60.jpg 90w, https:\/\/conadi.gob.gt\/web\/wp-content\/uploads\/2021\/03\/IMG_3855-180x120.jpg 180w, https:\/\/conadi.gob.gt\/web\/wp-content\/uploads\/2021\/03\/IMG_3855-95x64.jpg 95w, https:\/\/conadi.gob.gt\/web\/wp-content\/uploads\/2021\/03\/IMG_3855-2000x1333.jpg 2000w\" sizes=\"auto, (max-width: 300px) 100vw, 300px\" \/><\/a><\/p>\n<p>&nbsp;<\/p>\n","protected":false},"excerpt":{"rendered":"<p>En este 2021, el Consejo Nacional para la Atenci\u00f3n de las Personas con Discapacidad (CONADI), ha realizado la apertura de tres Oficinas Municipales de Discapacidad en Las Cruces, Pet\u00e9n; San Jos\u00e9 La Arada, Chiquimula y Santa Cruz Naranjo, Santa Rosa,\u00a0 sumando un total de 83 OMD\u2019s\u00a0 a nivel nacional. Proyecto que inici\u00f3 en el 2012, &hellip; <\/p>\n<p class=\"link-more\"><a href=\"https:\/\/conadi.gob.gt\/web\/el-conadi-suma-3-oficinas-municipales-de-discapacidad\/\" class=\"more-link\">Leer m\u00e1s<span class=\"screen-reader-text\"> \u00abCON 3 OFICINAS M\u00c1S SE ALCANZAN A 83 OMD\u00b4S A NIVEL NACIONAL\u00bb<\/span><\/a><\/p>\n","protected":false},"author":12,"featured_media":8831,"comment_status":"open","ping_status":"closed","sticky":false,"template":"","format":"standard","meta":{"footnotes":""},"categories":[3],"tags":[],"class_list":["post-8827","post","type-post","status-publish","format-standard","has-post-thumbnail","hentry","category-noticias"],"_links":{"self":[{"href":"https:\/\/conadi.gob.gt\/web\/wp-json\/wp\/v2\/posts\/8827","targetHints":{"allow":["GET"]}}],"collection":[{"href":"https:\/\/conadi.gob.gt\/web\/wp-json\/wp\/v2\/posts"}],"about":[{"href":"https:\/\/conadi.gob.gt\/web\/wp-json\/wp\/v2\/types\/post"}],"author":[{"embeddable":true,"href":"https:\/\/conadi.gob.gt\/web\/wp-json\/wp\/v2\/users\/12"}],"replies":[{"embeddable":true,"href":"https:\/\/conadi.gob.gt\/web\/wp-json\/wp\/v2\/comments?post=8827"}],"version-history":[{"count":3,"href":"https:\/\/conadi.gob.gt\/web\/wp-json\/wp\/v2\/posts\/8827\/revisions"}],"predecessor-version":[{"id":8834,"href":"https:\/\/conadi.gob.gt\/web\/wp-json\/wp\/v2\/posts\/8827\/revisions\/8834"}],"wp:featuredmedia":[{"embeddable":true,"href":"https:\/\/conadi.gob.gt\/web\/wp-json\/wp\/v2\/media\/8831"}],"wp:attachment":[{"href":"https:\/\/conadi.gob.gt\/web\/wp-json\/wp\/v2\/media?parent=8827"}],"wp:term":[{"taxonomy":"category","embeddable":true,"href":"https:\/\/conadi.gob.gt\/web\/wp-json\/wp\/v2\/categories?post=8827"},{"taxonomy":"post_tag","embeddable":true,"href":"https:\/\/conadi.gob.gt\/web\/wp-json\/wp\/v2\/tags?post=8827"}],"curies":[{"name":"wp","href":"https:\/\/api.w.org\/{rel}","templated":true}]}}