{"id":8907,"date":"2021-04-18T05:31:32","date_gmt":"2021-04-18T05:31:32","guid":{"rendered":"http:\/\/conadi.gob.gt\/web\/?p=8907"},"modified":"2021-04-18T05:34:54","modified_gmt":"2021-04-18T05:34:54","slug":"lanzamiento-del-proyecto-de-recoleccion-de-datos-del-acceso-a-tecnologias-de-asistencia-rata","status":"publish","type":"post","link":"https:\/\/conadi.gob.gt\/web\/lanzamiento-del-proyecto-de-recoleccion-de-datos-del-acceso-a-tecnologias-de-asistencia-rata\/","title":{"rendered":"LANZAMIENTO DEL PROYECTO DE RECOLECCI\u00d3N DE DATOS DEL ACCESO A TECNOLOG\u00cdAS DE ASISTENCIA (rATA)"},"content":{"rendered":"<p>El 7 de abril del presente a\u00f1o, dio inicio el estudio para determinar cuantas personas con discapacidad y adultos mayores utilizan t\u00e9cnicas de apoyo en el departamento de Solol\u00e1, a trav\u00e9s de la recolecci\u00f3n de datos del acceso a tecnolog\u00edas de asistencia \u00a0(rATA), este es \u00a0el primer estudio de esta naturaleza que se desarrolla en el pa\u00eds.<\/p>\n<p>rATA, es una herramienta para el an\u00e1lisis de entrevistas realizadas a una poblaci\u00f3n determinada, que proporcionar\u00e1 datos estandarizados sobre las necesidades satisfechas y no satisfecha en diferentes contextos.<\/p>\n<p>El CONADI para dar aconocer este proyecto realiz\u00f3 dos conferencias de prensa; una a nivel capital llevada a cabo el 13 de abril. El proyecto tiene el objetivo de determinar la prevalencia de las limitaciones funcionales de personas mayores de 2 a\u00f1os en el uso de los productos de apoyo y las necesidades insatisfechas, lo que permitir\u00e1 identificar las barreras en el acceso y la satisfacci\u00f3n de los productos de apoyo que utiliza la poblaci\u00f3n de Solol\u00e1.<\/p>\n<p>Luis Raymundo, directivo del CONADI indic\u00f3 que la instituci\u00f3n brindar\u00e1 acompa\u00f1amiento en el proceso para determinar las \u00e1reas de mejora, facilitar\u00e1 los acercamientos a nivel comunitario<\/p>\n<p>A nivel departamental, se realiz\u00f3 el lanzamiento del proyecto rATA el 16 de abril en Panajachel, Solol\u00e1. La encuesta se llevar\u00e1 a cabo durante 36 d\u00edas en Municipios y aldeas determinadas del departamento en menci\u00f3n. En la actividad particip\u00f3 Rodolfo Salazar, gobernador departamental; Clarivel Castillo, presidenta del CONADI; Jonathan Naber de ROMP, quien fue el portavoz de programa rATA. Tambi\u00e9n asistieron Gerardo Meza de Junta Directiva del Consejo; Esteban G\u00f3mez del Eje de Investigaci\u00f3n de CONADI y Andrea Sojuel de ADISA.<\/p>\n<p>El proyecto esta a cargo de la Fundaci\u00f3n Liliana de Holanda y la metodolog\u00eda a utilizar y evaluaci\u00f3n de los datos obtenidos esta a cargo de representantes de la Universidad de Higiene y medicina Tropical de Londres, instituci\u00f3n que ha realizado diversos estudios de discapacidad, lo cual le da certeza al proyecto.<\/p>\n<p>La muestra que se tomar\u00e1 para la realizaci\u00f3n del estudio, es de tres mil 50 personas originarias de Solol\u00e1, el cual incluir\u00e1n 61 conglomerados de 50 personas usando el muestreo multiet\u00e1pico por conglomerado, tomando como base el \u00faltimo censo 2018.<\/p>\n<p>&nbsp;<\/p>\n<figure id=\"attachment_8909\" aria-describedby=\"caption-attachment-8909\" style=\"width: 300px\" class=\"wp-caption aligncenter\"><a href=\"https:\/\/conadi.gob.gt\/web\/wp-content\/uploads\/2021\/04\/Conferencia-de-prensa-Guatemala-proyecto-rata.jpg\"><img loading=\"lazy\" decoding=\"async\" class=\"size-medium wp-image-8909\" src=\"https:\/\/conadi.gob.gt\/web\/wp-content\/uploads\/2021\/04\/Conferencia-de-prensa-Guatemala-proyecto-rata-300x200.jpg\" alt=\"Lanzamiento del proyecto rATA\" width=\"300\" height=\"200\" srcset=\"https:\/\/conadi.gob.gt\/web\/wp-content\/uploads\/2021\/04\/Conferencia-de-prensa-Guatemala-proyecto-rata-300x200.jpg 300w, https:\/\/conadi.gob.gt\/web\/wp-content\/uploads\/2021\/04\/Conferencia-de-prensa-Guatemala-proyecto-rata-768x512.jpg 768w, https:\/\/conadi.gob.gt\/web\/wp-content\/uploads\/2021\/04\/Conferencia-de-prensa-Guatemala-proyecto-rata-1024x682.jpg 1024w, https:\/\/conadi.gob.gt\/web\/wp-content\/uploads\/2021\/04\/Conferencia-de-prensa-Guatemala-proyecto-rata-90x60.jpg 90w, https:\/\/conadi.gob.gt\/web\/wp-content\/uploads\/2021\/04\/Conferencia-de-prensa-Guatemala-proyecto-rata-180x120.jpg 180w, https:\/\/conadi.gob.gt\/web\/wp-content\/uploads\/2021\/04\/Conferencia-de-prensa-Guatemala-proyecto-rata-95x64.jpg 95w, https:\/\/conadi.gob.gt\/web\/wp-content\/uploads\/2021\/04\/Conferencia-de-prensa-Guatemala-proyecto-rata.jpg 1280w\" sizes=\"auto, (max-width: 300px) 100vw, 300px\" \/><\/a><figcaption id=\"caption-attachment-8909\" class=\"wp-caption-text\">Lanzamiento del proyecto rATA en la ciudad capital<\/figcaption><\/figure>\n<p>&nbsp;<\/p>\n<p>Los 61 conglomerados est\u00e1n integrados por las siguientes comunidades:<\/p>\n<p>&nbsp;<\/p>\n<table width=\"0\">\n<tbody>\n<tr>\n<td width=\"94\"><strong>Municipio<\/strong><\/td>\n<td width=\"109\"><strong>Comunidad<\/strong><\/td>\n<td width=\"94\"><strong>Municipio<\/strong><\/td>\n<td width=\"122\"><strong>Comunidad<\/strong><\/td>\n<td width=\"94\"><strong>Municipio<\/strong><\/td>\n<td width=\"129\"><strong>Comunidad<\/strong><\/td>\n<\/tr>\n<tr>\n<td width=\"94\">Solol\u00e1<\/td>\n<td width=\"109\">Solol\u00e1<\/td>\n<td width=\"94\">Santa Mar\u00eda Visitaci\u00f3n<\/td>\n<td width=\"122\">El Porvenir<\/td>\n<td width=\"94\">Santa Catarina Ixtahuac\u00e1n<\/td>\n<td width=\"129\">Chuachinup Ii<\/td>\n<\/tr>\n<tr>\n<td width=\"94\">Solol\u00e1<\/td>\n<td width=\"109\">Chuacruz<\/td>\n<td width=\"94\">Santa Luc\u00eda Utatl\u00e1n<\/td>\n<td width=\"122\">Ci\u00e9naga Grande<\/td>\n<td width=\"94\">Santa Catarina Ixtahuac\u00e1n<\/td>\n<td width=\"129\">Chuiquila<\/td>\n<\/tr>\n<tr>\n<td width=\"94\">Solol\u00e1<\/td>\n<td width=\"109\">Chuimanzana<\/td>\n<td width=\"94\">Santa Luc\u00eda Utatl\u00e1n<\/td>\n<td width=\"122\">Nuevo Progreso<\/td>\n<td width=\"94\">Santa Catarina Ixtahuac\u00e1n<\/td>\n<td width=\"129\">La Buena Esperanza<\/td>\n<\/tr>\n<tr>\n<td width=\"94\">Solol\u00e1<\/td>\n<td width=\"109\">El Mirador<\/td>\n<td width=\"94\">Santa Luc\u00eda Utatl\u00e1n<\/td>\n<td width=\"122\">Vista Hermosa 97<\/td>\n<td width=\"94\">Santa Catarina Ixtahuac\u00e1n<\/td>\n<td width=\"129\">Las Palmas<\/td>\n<\/tr>\n<tr>\n<td width=\"94\">Solol\u00e1<\/td>\n<td width=\"109\">Las Trampas<\/td>\n<td width=\"94\">Nahual\u00e1<\/td>\n<td width=\"122\">Chiquix<\/td>\n<td width=\"94\">Santa Catarina Ixtahuac\u00e1n<\/td>\n<td width=\"129\">Palomob<\/td>\n<\/tr>\n<tr>\n<td width=\"94\">Solol\u00e1<\/td>\n<td width=\"109\">Mar\u00eda Tec\u00fan<\/td>\n<td width=\"94\">Nahual\u00e1<\/td>\n<td width=\"122\">Chuipatuj<\/td>\n<td width=\"94\">Santa Catarina Ixtahuac\u00e1n<\/td>\n<td width=\"129\">Pasenyeba<\/td>\n<\/tr>\n<tr>\n<td width=\"94\">Solol\u00e1<\/td>\n<td width=\"109\">Paquisis<\/td>\n<td width=\"94\">Nahual\u00e1<\/td>\n<td width=\"122\">Pachipac<\/td>\n<td width=\"94\">Santa Catarina Ixtahuac\u00e1n<\/td>\n<td width=\"129\">Simajutiu<\/td>\n<\/tr>\n<tr>\n<td width=\"94\">Solol\u00e1<\/td>\n<td width=\"109\">Sacbochol<\/td>\n<td width=\"94\">Nahual\u00e1<\/td>\n<td width=\"122\">Palanquix Cotiyab<\/td>\n<td width=\"94\">Santa Catarina Ixtahuac\u00e1n<\/td>\n<td width=\"129\">Tzumajhui<\/td>\n<\/tr>\n<tr>\n<td width=\"94\">Solol\u00e1<\/td>\n<td width=\"109\">Santa Mar\u00eda<\/td>\n<td width=\"94\">Nahual\u00e1<\/td>\n<td width=\"122\">Parraxquim<\/td>\n<td width=\"94\">Santa Catarina Ixtahuac\u00e1n<\/td>\n<td width=\"129\">Chiquisis<\/td>\n<\/tr>\n<tr>\n<td width=\"94\">Solol\u00e1<\/td>\n<td width=\"109\">Vasconcelos<\/td>\n<td width=\"94\">Nahual\u00e1<\/td>\n<td width=\"122\">Patzij<\/td>\n<td width=\"94\"><\/td>\n<td width=\"129\"><\/td>\n<\/tr>\n<tr>\n<td width=\"94\">Solol\u00e1<\/td>\n<td width=\"109\">Cooperativa<\/td>\n<td width=\"94\">Nahual\u00e1<\/td>\n<td width=\"122\">Racantajaj<\/td>\n<td width=\"94\"><\/td>\n<td width=\"129\"><\/td>\n<\/tr>\n<tr>\n<td width=\"94\">Solol\u00e1<\/td>\n<td width=\"109\">Yaxon Neboya<\/td>\n<td width=\"94\">Nahual\u00e1<\/td>\n<td width=\"122\">Tzucubal<\/td>\n<td width=\"94\"><\/td>\n<td width=\"129\"><\/td>\n<\/tr>\n<tr>\n<td width=\"94\"><strong>\u00a0<\/strong><\/td>\n<td width=\"109\"><\/td>\n<td width=\"94\">Nahual\u00e1<\/td>\n<td width=\"122\">Xepatuj<\/td>\n<td width=\"94\"><\/td>\n<td width=\"129\"><\/td>\n<\/tr>\n<tr>\n<td width=\"94\"><strong>\u00a0<\/strong><\/td>\n<td width=\"109\"><\/td>\n<td width=\"94\">Nahual\u00e1<\/td>\n<td width=\"122\">Xesacabaj<\/td>\n<td width=\"94\"><\/td>\n<td width=\"129\"><\/td>\n<\/tr>\n<tr>\n<td width=\"94\"><strong>\u00a0<\/strong><\/td>\n<td width=\"109\"><\/td>\n<td width=\"94\">Nahual\u00e1<\/td>\n<td width=\"122\">Paculam<\/td>\n<td width=\"94\"><\/td>\n<td width=\"129\"><\/td>\n<\/tr>\n<\/tbody>\n<\/table>\n<p>&nbsp;<\/p>\n","protected":false},"excerpt":{"rendered":"<p>El 7 de abril del presente a\u00f1o, dio inicio el estudio para determinar cuantas personas con discapacidad y adultos mayores utilizan t\u00e9cnicas de apoyo en el departamento de Solol\u00e1, a trav\u00e9s de la recolecci\u00f3n de datos del acceso a tecnolog\u00edas de asistencia \u00a0(rATA), este es \u00a0el primer estudio de esta naturaleza que se desarrolla en &hellip; <\/p>\n<p class=\"link-more\"><a href=\"https:\/\/conadi.gob.gt\/web\/lanzamiento-del-proyecto-de-recoleccion-de-datos-del-acceso-a-tecnologias-de-asistencia-rata\/\" class=\"more-link\">Leer m\u00e1s<span class=\"screen-reader-text\"> \u00abLANZAMIENTO DEL PROYECTO DE RECOLECCI\u00d3N DE DATOS DEL ACCESO A TECNOLOG\u00cdAS DE ASISTENCIA (rATA)\u00bb<\/span><\/a><\/p>\n","protected":false},"author":12,"featured_media":8908,"comment_status":"open","ping_status":"closed","sticky":false,"template":"","format":"standard","meta":{"footnotes":""},"categories":[3],"tags":[],"class_list":["post-8907","post","type-post","status-publish","format-standard","has-post-thumbnail","hentry","category-noticias"],"_links":{"self":[{"href":"https:\/\/conadi.gob.gt\/web\/wp-json\/wp\/v2\/posts\/8907","targetHints":{"allow":["GET"]}}],"collection":[{"href":"https:\/\/conadi.gob.gt\/web\/wp-json\/wp\/v2\/posts"}],"about":[{"href":"https:\/\/conadi.gob.gt\/web\/wp-json\/wp\/v2\/types\/post"}],"author":[{"embeddable":true,"href":"https:\/\/conadi.gob.gt\/web\/wp-json\/wp\/v2\/users\/12"}],"replies":[{"embeddable":true,"href":"https:\/\/conadi.gob.gt\/web\/wp-json\/wp\/v2\/comments?post=8907"}],"version-history":[{"count":3,"href":"https:\/\/conadi.gob.gt\/web\/wp-json\/wp\/v2\/posts\/8907\/revisions"}],"predecessor-version":[{"id":8912,"href":"https:\/\/conadi.gob.gt\/web\/wp-json\/wp\/v2\/posts\/8907\/revisions\/8912"}],"wp:featuredmedia":[{"embeddable":true,"href":"https:\/\/conadi.gob.gt\/web\/wp-json\/wp\/v2\/media\/8908"}],"wp:attachment":[{"href":"https:\/\/conadi.gob.gt\/web\/wp-json\/wp\/v2\/media?parent=8907"}],"wp:term":[{"taxonomy":"category","embeddable":true,"href":"https:\/\/conadi.gob.gt\/web\/wp-json\/wp\/v2\/categories?post=8907"},{"taxonomy":"post_tag","embeddable":true,"href":"https:\/\/conadi.gob.gt\/web\/wp-json\/wp\/v2\/tags?post=8907"}],"curies":[{"name":"wp","href":"https:\/\/api.w.org\/{rel}","templated":true}]}}