{"id":8914,"date":"2021-04-20T22:04:26","date_gmt":"2021-04-20T22:04:26","guid":{"rendered":"http:\/\/conadi.gob.gt\/web\/?p=8914"},"modified":"2021-04-20T22:04:26","modified_gmt":"2021-04-20T22:04:26","slug":"conadi-realiza-lanzamiento-de-modelo-de-atencion-en-salud-mental-en-guatemala","status":"publish","type":"post","link":"https:\/\/conadi.gob.gt\/web\/conadi-realiza-lanzamiento-de-modelo-de-atencion-en-salud-mental-en-guatemala\/","title":{"rendered":"CONADI REALIZA LANZAMIENTO DE MODELO DE ATENCI\u00d3N EN SALUD MENTAL EN GUATEMALA"},"content":{"rendered":"<p>La salud mental se considera una prioridad mundial y es un elemento necesario para el desarrollo econ\u00f3mico y social, por lo que el CONADI realiz\u00f3 el lanzamiento del \u00abModelo de atenci\u00f3n en salud mental en Guatemala, funcionalidad del modelo actual, modelos alternativos de atenci\u00f3n basados en derechos humanos\u201d, un proyecto que cuenta con el apoyo de CISP Italia en Guatemala y la Uni\u00f3n Europea.<\/p>\n<p>De acuerdo a la Encuesta Nacional en Discapacidad realizada en el 2016 (ENDIS- 2016), la mayor prevalencia de la discapacidad es la psicosocial, manifest\u00e1ndose a trav\u00e9s de depresi\u00f3n y ansiedad, los cuales est\u00e1n\u00a0 relacionados con la p\u00e9rdida de la salud mental. Estos resultado son similares a otras naciones de la regi\u00f3n y de otros continentes.<\/p>\n<p>En pa\u00edses como Guatemala se ha determinado que solo el 15% de la poblaci\u00f3n tiene acceso a la atenci\u00f3n en salud mental, indic\u00f3 la doctora Mayra Recinos, consultora del estudio. Agrega, que de acuerdo al Modelo de Atenci\u00f3n en Salud Mental en Guatemala, para lograr una salud integral, los programas de salud p\u00fablica deben ser accesibles a las personas con discapacidad, esto permitir\u00e1 reducir las desigualdades y las necesidades no satisfechas en la esfera de la salud mental, y lo m\u00e1s importante es el cambio de paradigma desde un modelo biom\u00e9dico a un modelo social, que debe ir enfocado a la Convenci\u00f3n sobre los Derechos de las Personas con Discapacidad y su protocolo facultativo.<\/p>\n<p>Melvin\u00a0 Teni, representante de CISP\u00a0 en Guatemala,\u00a0 indic\u00f3 que\u00a0 salud mental es importante a nivel mundial y que es parte de los Objetivos de Desarrollo Social como parte de una salud integral.<\/p>\n<p>Asimismo, Celia Ordo\u00f1ez en su discurso,\u00a0 resalt\u00f3 la importancia de realizar este tipo de estudios, principalmente en estos tiempos de pandemia \u00a0y destac\u00f3 el crecimiento del CONADI que ha tenido a lo largo de los a\u00f1os en apoyo a la poblaci\u00f3n con discapacidad.<\/p>\n<p>La presidenta del CONADI, Clarivel Castillo\u00a0 manifest\u00f3 dar seguimiento para\u00a0 que\u00a0 el\u00a0 \u00abModelo de atenci\u00f3n en salud mental en Guatemala\u00bb\u00a0 se de a conocer\u00a0 a nivel nacional, y\u00a0 que todas las instituciones puedan tener acceso al estudio e\u00a0 hizo el llamado de seguir trabajando en conjunto para lograr una sociedad m\u00e1s inclusiva.<\/p>\n<p><a href=\"https:\/\/conadi.gob.gt\/web\/wp-content\/uploads\/2021\/04\/WhatsApp-Image-2021-04-20-at-11.38.52-AM.jpeg\"><img loading=\"lazy\" decoding=\"async\" class=\"alignnone size-medium wp-image-8915\" src=\"https:\/\/conadi.gob.gt\/web\/wp-content\/uploads\/2021\/04\/WhatsApp-Image-2021-04-20-at-11.38.52-AM-300x200.jpeg\" alt=\"\" width=\"300\" height=\"200\" srcset=\"https:\/\/conadi.gob.gt\/web\/wp-content\/uploads\/2021\/04\/WhatsApp-Image-2021-04-20-at-11.38.52-AM-300x200.jpeg 300w, https:\/\/conadi.gob.gt\/web\/wp-content\/uploads\/2021\/04\/WhatsApp-Image-2021-04-20-at-11.38.52-AM-768x512.jpeg 768w, https:\/\/conadi.gob.gt\/web\/wp-content\/uploads\/2021\/04\/WhatsApp-Image-2021-04-20-at-11.38.52-AM-1024x682.jpeg 1024w, https:\/\/conadi.gob.gt\/web\/wp-content\/uploads\/2021\/04\/WhatsApp-Image-2021-04-20-at-11.38.52-AM-90x60.jpeg 90w, https:\/\/conadi.gob.gt\/web\/wp-content\/uploads\/2021\/04\/WhatsApp-Image-2021-04-20-at-11.38.52-AM-180x120.jpeg 180w, https:\/\/conadi.gob.gt\/web\/wp-content\/uploads\/2021\/04\/WhatsApp-Image-2021-04-20-at-11.38.52-AM-95x64.jpeg 95w, https:\/\/conadi.gob.gt\/web\/wp-content\/uploads\/2021\/04\/WhatsApp-Image-2021-04-20-at-11.38.52-AM.jpeg 1280w\" sizes=\"auto, (max-width: 300px) 100vw, 300px\" \/><\/a><\/p>\n","protected":false},"excerpt":{"rendered":"<p>La salud mental se considera una prioridad mundial y es un elemento necesario para el desarrollo econ\u00f3mico y social, por lo que el CONADI realiz\u00f3 el lanzamiento del \u00abModelo de atenci\u00f3n en salud mental en Guatemala, funcionalidad del modelo actual, modelos alternativos de atenci\u00f3n basados en derechos humanos\u201d, un proyecto que cuenta con el apoyo &hellip; <\/p>\n<p class=\"link-more\"><a href=\"https:\/\/conadi.gob.gt\/web\/conadi-realiza-lanzamiento-de-modelo-de-atencion-en-salud-mental-en-guatemala\/\" class=\"more-link\">Leer m\u00e1s<span class=\"screen-reader-text\"> \u00abCONADI REALIZA LANZAMIENTO DE MODELO DE ATENCI\u00d3N EN SALUD MENTAL EN GUATEMALA\u00bb<\/span><\/a><\/p>\n","protected":false},"author":12,"featured_media":8915,"comment_status":"open","ping_status":"closed","sticky":false,"template":"","format":"standard","meta":{"footnotes":""},"categories":[3],"tags":[],"class_list":["post-8914","post","type-post","status-publish","format-standard","has-post-thumbnail","hentry","category-noticias"],"_links":{"self":[{"href":"https:\/\/conadi.gob.gt\/web\/wp-json\/wp\/v2\/posts\/8914","targetHints":{"allow":["GET"]}}],"collection":[{"href":"https:\/\/conadi.gob.gt\/web\/wp-json\/wp\/v2\/posts"}],"about":[{"href":"https:\/\/conadi.gob.gt\/web\/wp-json\/wp\/v2\/types\/post"}],"author":[{"embeddable":true,"href":"https:\/\/conadi.gob.gt\/web\/wp-json\/wp\/v2\/users\/12"}],"replies":[{"embeddable":true,"href":"https:\/\/conadi.gob.gt\/web\/wp-json\/wp\/v2\/comments?post=8914"}],"version-history":[{"count":1,"href":"https:\/\/conadi.gob.gt\/web\/wp-json\/wp\/v2\/posts\/8914\/revisions"}],"predecessor-version":[{"id":8916,"href":"https:\/\/conadi.gob.gt\/web\/wp-json\/wp\/v2\/posts\/8914\/revisions\/8916"}],"wp:featuredmedia":[{"embeddable":true,"href":"https:\/\/conadi.gob.gt\/web\/wp-json\/wp\/v2\/media\/8915"}],"wp:attachment":[{"href":"https:\/\/conadi.gob.gt\/web\/wp-json\/wp\/v2\/media?parent=8914"}],"wp:term":[{"taxonomy":"category","embeddable":true,"href":"https:\/\/conadi.gob.gt\/web\/wp-json\/wp\/v2\/categories?post=8914"},{"taxonomy":"post_tag","embeddable":true,"href":"https:\/\/conadi.gob.gt\/web\/wp-json\/wp\/v2\/tags?post=8914"}],"curies":[{"name":"wp","href":"https:\/\/api.w.org\/{rel}","templated":true}]}}