{"id":8921,"date":"2021-04-23T21:54:19","date_gmt":"2021-04-23T21:54:19","guid":{"rendered":"http:\/\/conadi.gob.gt\/web\/?p=8921"},"modified":"2021-04-23T21:54:19","modified_gmt":"2021-04-23T21:54:19","slug":"promueven-avances-en-materia-de-discapacidad-en-solola","status":"publish","type":"post","link":"https:\/\/conadi.gob.gt\/web\/promueven-avances-en-materia-de-discapacidad-en-solola\/","title":{"rendered":"PROMUEVEN AVANCES EN MATERIA DE DISCAPACIDAD EN  SOLOL\u00c1"},"content":{"rendered":"<p>Durante la gira de trabajo realizada en Panajachel, Solol\u00e1 por Clarivel Castillo, presidenta del CONADI y Gerardo Meza, miembro de Junta directiva,\u00a0 tuvieron acercamientos con autoridades locales y representantes de organizaciones de personas con discapacidad para conocer los avances sobre discapacidad en el departamento.<\/p>\n<p>Inicialmente las autoridades participaron en el proceso de transici\u00f3n de los miembros coordinadores de la Comisi\u00f3n Departamental de Discapacidad (CODEDIS) per\u00edodo 2021 &#8211; 2022 de Solol\u00e1. El equipo coordinador CODEDIS 2021-2022: Ra\u00fal Heigig y Leticia Mendoza de Centro Maya 5I; Mauricio Mogollon y Holy Mendoza de\u00a0 ADISA; El\u00edas Rosales, Direcci\u00f3n de Educaci\u00f3n; Pedro Castillo, Secretar\u00eda de Bienestar Social y Virginia\u00a0 P\u00e9rez de SOHILAGO.<\/p>\n<p>Entre los puntos de agenda dieron a conocer su plan de trabajo para alcanzar cambios significativos en la inclusi\u00f3n de las personas con discapacidad a nivel departamental.<\/p>\n<p>Posteriormente, se llev\u00f3 a cabo suscripci\u00f3n de un convenio de cooperaci\u00f3n por 4 a\u00f1os con la Asociaci\u00f3n Centro de Orientamento Educativo (COE) Italia y el Consejo Nacional para la Atenci\u00f3n de las Personas con Discapacidad (CONADI) como parte de las alianzas estrat\u00e9gicas para la inclusi\u00f3n de las personas con discapacidad en los departamentos de Solol\u00e1 y Totonicap\u00e1n.<\/p>\n<p>El convenio tiene como objetivo principal establecer una relaci\u00f3n estable de colaboraci\u00f3n, orientada al desarrollo de proyectos comunes de cooperaci\u00f3n interinstitucional para proyectos de desarrollo enfocados en las comunidades ind\u00edgenas mayas, para promover la protecci\u00f3n de las personas con discapacidad con enfoque de derechos humanos. El acuerdo fue firmado por Clarivel Castillo, presidenta del CONADI y Marinella Bacchio, representante del COE Italia.<\/p>\n<p>El recorrido concluy\u00f3 con una reuni\u00f3n con el alcalde municipal, C\u00e9sar Piedrasanta; concejal I, Gustavo L\u00f3pez; directora de la Secretar\u00eda de Obras Sociales del Alcalde (SOSEA), Lucrecia de Piedrasanta y coordinador de ADISA, Antonio P\u00e9rez, con el prop\u00f3sito de fortalecer acciones en conjunto en beneficio de las personas con discapacidad del municipio de Panajachel, Solol\u00e1.<\/p>\n<p>Los temas abordados en el encuentro fueron: el quehacer institucional, la importancia del proyecto de la Ley de Certificaci\u00f3n de las Personas con Discapacidad, creaci\u00f3n de un proyecto de iniciativa de ley sobre discapacidad armonizado con la Convenci\u00f3n Sobre los Derechos de las Personas con Discapacidad acorde a la realidad del pa\u00eds, la importancia de acceso universal.<\/p>\n<p>Asimismo, Lucrecia de Piedrasanta, directora de SOSEA, manifest\u00f3 la importancia de generar un censo a nivel departamental, para conocer donde est\u00e1n ubicadas las personas con discapacidad\u00a0 y seguir promoviendo proyectos en beneficio del colectivo.<\/p>\n<p>Las autoridades referidas manifestaron trabajar en conjunto para que se promuevan espacios de inclusi\u00f3n hacia las personas con discapacidad y dar cumplimiento de esta manera a los derechos y libertades fundamentales de dicha poblaci\u00f3n, que en el pa\u00eds est\u00e1 representada por 1 mill\u00f3n 600 mil personas.<\/p>\n<p><a href=\"https:\/\/conadi.gob.gt\/web\/wp-content\/uploads\/2021\/04\/Presentaci\u00f3n1.jpg\"><img loading=\"lazy\" decoding=\"async\" class=\"alignnone size-medium wp-image-8922\" src=\"https:\/\/conadi.gob.gt\/web\/wp-content\/uploads\/2021\/04\/Presentaci\u00f3n1-300x225.jpg\" alt=\"\" width=\"300\" height=\"225\" srcset=\"https:\/\/conadi.gob.gt\/web\/wp-content\/uploads\/2021\/04\/Presentaci\u00f3n1-300x225.jpg 300w, https:\/\/conadi.gob.gt\/web\/wp-content\/uploads\/2021\/04\/Presentaci\u00f3n1-768x576.jpg 768w, https:\/\/conadi.gob.gt\/web\/wp-content\/uploads\/2021\/04\/Presentaci\u00f3n1-45x35.jpg 45w, https:\/\/conadi.gob.gt\/web\/wp-content\/uploads\/2021\/04\/Presentaci\u00f3n1.jpg 960w\" sizes=\"auto, (max-width: 300px) 100vw, 300px\" \/><\/a><\/p>\n","protected":false},"excerpt":{"rendered":"<p>Durante la gira de trabajo realizada en Panajachel, Solol\u00e1 por Clarivel Castillo, presidenta del CONADI y Gerardo Meza, miembro de Junta directiva,\u00a0 tuvieron acercamientos con autoridades locales y representantes de organizaciones de personas con discapacidad para conocer los avances sobre discapacidad en el departamento. Inicialmente las autoridades participaron en el proceso de transici\u00f3n de los &hellip; <\/p>\n<p class=\"link-more\"><a href=\"https:\/\/conadi.gob.gt\/web\/promueven-avances-en-materia-de-discapacidad-en-solola\/\" class=\"more-link\">Leer m\u00e1s<span class=\"screen-reader-text\"> \u00abPROMUEVEN AVANCES EN MATERIA DE DISCAPACIDAD EN  SOLOL\u00c1\u00bb<\/span><\/a><\/p>\n","protected":false},"author":12,"featured_media":8922,"comment_status":"open","ping_status":"closed","sticky":false,"template":"","format":"standard","meta":{"footnotes":""},"categories":[3],"tags":[],"class_list":["post-8921","post","type-post","status-publish","format-standard","has-post-thumbnail","hentry","category-noticias"],"_links":{"self":[{"href":"https:\/\/conadi.gob.gt\/web\/wp-json\/wp\/v2\/posts\/8921","targetHints":{"allow":["GET"]}}],"collection":[{"href":"https:\/\/conadi.gob.gt\/web\/wp-json\/wp\/v2\/posts"}],"about":[{"href":"https:\/\/conadi.gob.gt\/web\/wp-json\/wp\/v2\/types\/post"}],"author":[{"embeddable":true,"href":"https:\/\/conadi.gob.gt\/web\/wp-json\/wp\/v2\/users\/12"}],"replies":[{"embeddable":true,"href":"https:\/\/conadi.gob.gt\/web\/wp-json\/wp\/v2\/comments?post=8921"}],"version-history":[{"count":1,"href":"https:\/\/conadi.gob.gt\/web\/wp-json\/wp\/v2\/posts\/8921\/revisions"}],"predecessor-version":[{"id":8923,"href":"https:\/\/conadi.gob.gt\/web\/wp-json\/wp\/v2\/posts\/8921\/revisions\/8923"}],"wp:featuredmedia":[{"embeddable":true,"href":"https:\/\/conadi.gob.gt\/web\/wp-json\/wp\/v2\/media\/8922"}],"wp:attachment":[{"href":"https:\/\/conadi.gob.gt\/web\/wp-json\/wp\/v2\/media?parent=8921"}],"wp:term":[{"taxonomy":"category","embeddable":true,"href":"https:\/\/conadi.gob.gt\/web\/wp-json\/wp\/v2\/categories?post=8921"},{"taxonomy":"post_tag","embeddable":true,"href":"https:\/\/conadi.gob.gt\/web\/wp-json\/wp\/v2\/tags?post=8921"}],"curies":[{"name":"wp","href":"https:\/\/api.w.org\/{rel}","templated":true}]}}