{"id":9032,"date":"2021-05-14T15:11:53","date_gmt":"2021-05-14T15:11:53","guid":{"rendered":"http:\/\/conadi.gob.gt\/web\/?p=9032"},"modified":"2021-05-14T15:11:53","modified_gmt":"2021-05-14T15:11:53","slug":"se-alcanzan-90-oficinas-municipales-de-discapacidad","status":"publish","type":"post","link":"https:\/\/conadi.gob.gt\/web\/se-alcanzan-90-oficinas-municipales-de-discapacidad\/","title":{"rendered":"SE ALCANZAN 90 OFICINAS MUNICIPALES DE DISCAPACIDAD"},"content":{"rendered":"<p><a href=\"https:\/\/conadi.gob.gt\/web\/wp-content\/uploads\/2021\/05\/Imagen1.png\"><img loading=\"lazy\" decoding=\"async\" class=\"alignnone size-medium wp-image-9033\" src=\"https:\/\/conadi.gob.gt\/web\/wp-content\/uploads\/2021\/05\/Imagen1-300x300.png\" alt=\"\" width=\"300\" height=\"300\" srcset=\"https:\/\/conadi.gob.gt\/web\/wp-content\/uploads\/2021\/05\/Imagen1-300x300.png 300w, https:\/\/conadi.gob.gt\/web\/wp-content\/uploads\/2021\/05\/Imagen1-150x150.png 150w, https:\/\/conadi.gob.gt\/web\/wp-content\/uploads\/2021\/05\/Imagen1-1024x1019.png 1024w, https:\/\/conadi.gob.gt\/web\/wp-content\/uploads\/2021\/05\/Imagen1.png 1503w\" sizes=\"auto, (max-width: 300px) 100vw, 300px\" \/><\/a><\/p>\n<p>En los \u00faltimos d\u00edas el Consejo Nacional para la Atenci\u00f3n de las Personas con Discapacidad (CONADI) ha logrado la apertura de 3 Oficinas Municipales de Discapacidad (OMD\u00b4s), alcanzando las 90 a nivel nacional, para dar seguimiento a las recomendaciones otorgadas al Estado guatemalteco por parte del Comit\u00e9 de Expertos en materia de Discapacidad de las Naciones Unidas, mismas que han sido valoradas como una acci\u00f3n afirmativa.<\/p>\n<p>Las aperturas llevadas a cabo de abril a mayo son en Santa Catarina Barahona, Sacatep\u00e9quez; Santo Tomas la Uni\u00f3n, Suchitep\u00e9quez y Pachalum, Quich\u00e9, con el prop\u00f3sito de incluir a las personas con discapacidad en pol\u00edticas, programas, y proyectos municipales. El CONADI a trav\u00e9s de la incidencia del departamento de Territorialidad y Pol\u00edtica de Discapacidad, ha gestionado a nivel departamental aperturas de Oficinas Municipales de Discapacidad \u2013OMD-.<\/p>\n<p><span style=\"color: #3366ff;\"><strong>OFICINA MUNICIPAL DE DISCAPACIDAD SANTA CATARINA BARAHONA, SACATEP\u00c9QUEZ<\/strong><\/span><\/p>\n<p>La municipalidad de Santa Catarina Barahona, Sacatep\u00e9quez, apertur\u00f3 el 22 de abril su Oficina Municipal de Discapacidad (OMD), siendo esta la segunda OMD en la regi\u00f3n.[dropcap]<img loading=\"lazy\" decoding=\"async\" class=\" wp-image-9034 alignleft\" src=\"https:\/\/conadi.gob.gt\/web\/wp-content\/uploads\/2021\/05\/176454281_4055538644513263_9214607839705788263_n-300x169.jpg\" alt=\"\" width=\"350\" height=\"197\" srcset=\"https:\/\/conadi.gob.gt\/web\/wp-content\/uploads\/2021\/05\/176454281_4055538644513263_9214607839705788263_n-300x169.jpg 300w, https:\/\/conadi.gob.gt\/web\/wp-content\/uploads\/2021\/05\/176454281_4055538644513263_9214607839705788263_n-768x432.jpg 768w, https:\/\/conadi.gob.gt\/web\/wp-content\/uploads\/2021\/05\/176454281_4055538644513263_9214607839705788263_n-1024x576.jpg 1024w, https:\/\/conadi.gob.gt\/web\/wp-content\/uploads\/2021\/05\/176454281_4055538644513263_9214607839705788263_n.jpg 1280w\" sizes=\"auto, (max-width: 350px) 100vw, 350px\" \/><\/p>\n<p>En el acto de inauguraci\u00f3n se cont\u00f3 con la participaci\u00f3n de Neftali Ordo\u00f1ez, alcalde municipal y su Consejo Municipal, delegados de la Comisi\u00f3n Departamental de Discapacidad y en representaci\u00f3n del CONADI, William Cajas Director T\u00e9cnico acompa\u00f1ado por el promotor del departamento.<\/p>\n<p>Neftali Ordo\u00f1ez destac\u00f3 que es de suma importancia el trabajar en la eliminaci\u00f3n de las barreras actitudinales, en el cumplimiento de los acuerdos y el respeto de los derechos humanos, para que las personas con discapacidad tengan las mismas oportunidades que los dem\u00e1s.<\/p>\n<p>Esta OMD ser\u00e1 un espacio para fortalecer la atenci\u00f3n de los pobladores con discapacidad\u00a0 y velar\u00e1 para que los pobladores con discapacidad sean integrados en los planes, proyectos y acciones municipales.<\/p>\n<p><span style=\"color: #3366ff;\"><strong>OFICINA MUNICIPAL DE DISCAPACIDAD SANTO TOM\u00c1S LA UNI\u00d3N, SUCHITEP\u00c9QUEZ <\/strong><\/span><\/p>\n<p>En el Municipio de Santo Tom\u00e1s la Uni\u00f3n, Suchitep\u00e9quez se dio apertura oficial a la Oficina Municipal de Discapacidad (OMD) el 29 de abril, para que las personas con discapacidad sean incluidas en los planes y proyectos municipales. Este espacio de atenci\u00f3n est\u00e1 bajo la coordinaci\u00f3n de Sindy Johana Chay Chial.<a href=\"https:\/\/conadi.gob.gt\/web\/wp-content\/uploads\/2021\/05\/179397685_4075827225817738_2523685063571046464_n.jpg\"><img loading=\"lazy\" decoding=\"async\" class=\" wp-image-9035 alignright\" src=\"https:\/\/conadi.gob.gt\/web\/wp-content\/uploads\/2021\/05\/179397685_4075827225817738_2523685063571046464_n-300x200.jpg\" alt=\"\" width=\"279\" height=\"186\" srcset=\"https:\/\/conadi.gob.gt\/web\/wp-content\/uploads\/2021\/05\/179397685_4075827225817738_2523685063571046464_n-300x200.jpg 300w, https:\/\/conadi.gob.gt\/web\/wp-content\/uploads\/2021\/05\/179397685_4075827225817738_2523685063571046464_n-768x512.jpg 768w, https:\/\/conadi.gob.gt\/web\/wp-content\/uploads\/2021\/05\/179397685_4075827225817738_2523685063571046464_n-1024x682.jpg 1024w, https:\/\/conadi.gob.gt\/web\/wp-content\/uploads\/2021\/05\/179397685_4075827225817738_2523685063571046464_n-90x60.jpg 90w, https:\/\/conadi.gob.gt\/web\/wp-content\/uploads\/2021\/05\/179397685_4075827225817738_2523685063571046464_n-180x120.jpg 180w, https:\/\/conadi.gob.gt\/web\/wp-content\/uploads\/2021\/05\/179397685_4075827225817738_2523685063571046464_n-95x64.jpg 95w, https:\/\/conadi.gob.gt\/web\/wp-content\/uploads\/2021\/05\/179397685_4075827225817738_2523685063571046464_n.jpg 1280w\" sizes=\"auto, (max-width: 279px) 100vw, 279px\" \/><\/a><\/p>\n<p>Esta OMD\u00a0 es la segunda oficina de esta modalidad instaurada a nivel departamental y 89 a nivel nacional.<\/p>\n<p>En el acto protocolario\u00a0 se cont\u00f3 con la presencia de autoridades de gobierno, entre ellos la diputada Vicenta Jer\u00f3nimo Jim\u00e9nez,\u00a0 presidente de la Comisi\u00f3n de Legislaci\u00f3n y Puntos Constitucionales del Congreso de la Rep\u00fablica; Pedro Chavaloc, alcalde municipal;\u00a0 Clarivel Castillo, presidenta del CONADI, la promotora del CONADI en Suchitep\u00e9quez y representantes de la Comisi\u00f3n Departamental de Discapacidad (CODEDIS).<\/p>\n<p>&nbsp;<\/p>\n<p><span style=\"color: #3366ff;\"><strong>OFICINA MUNICIPAL DE DISCAPACIDAD PACHALUM, QUICH\u00c9<\/strong><\/span><\/p>\n<p><a href=\"https:\/\/conadi.gob.gt\/web\/wp-content\/uploads\/2021\/05\/185975281_4113666102033850_3615840610376194520_n.jpg\"><img loading=\"lazy\" decoding=\"async\" class=\" wp-image-9036 alignleft\" src=\"https:\/\/conadi.gob.gt\/web\/wp-content\/uploads\/2021\/05\/185975281_4113666102033850_3615840610376194520_n-300x200.jpg\" alt=\"\" width=\"275\" height=\"183\" srcset=\"https:\/\/conadi.gob.gt\/web\/wp-content\/uploads\/2021\/05\/185975281_4113666102033850_3615840610376194520_n-300x200.jpg 300w, https:\/\/conadi.gob.gt\/web\/wp-content\/uploads\/2021\/05\/185975281_4113666102033850_3615840610376194520_n-768x512.jpg 768w, https:\/\/conadi.gob.gt\/web\/wp-content\/uploads\/2021\/05\/185975281_4113666102033850_3615840610376194520_n-1024x682.jpg 1024w, https:\/\/conadi.gob.gt\/web\/wp-content\/uploads\/2021\/05\/185975281_4113666102033850_3615840610376194520_n-90x60.jpg 90w, https:\/\/conadi.gob.gt\/web\/wp-content\/uploads\/2021\/05\/185975281_4113666102033850_3615840610376194520_n-180x120.jpg 180w, https:\/\/conadi.gob.gt\/web\/wp-content\/uploads\/2021\/05\/185975281_4113666102033850_3615840610376194520_n-95x64.jpg 95w, https:\/\/conadi.gob.gt\/web\/wp-content\/uploads\/2021\/05\/185975281_4113666102033850_3615840610376194520_n.jpg 1280w\" sizes=\"auto, (max-width: 275px) 100vw, 275px\" \/><\/a>El 12 de mayo, la municipalidad de Pachalum, Quich\u00e9, apertur\u00f3 su Oficina Municipal de Discapacidad (OMD), siendo la n\u00famero 90 a nivel nacional y la tercera OMD instaurada en El Quich\u00e9; le anteceden las aperturas en Ixc\u00e1n y Nebaj.<\/p>\n<p>El evento cont\u00f3 con la presencia de Clarivel Castillo, presidenta del CONADI; Boanerges Vel\u00e1squez, alcalde municipal; miembros del Concejo Municipal e Hip\u00f3lita Santos, coordinadora de la Comisi\u00f3n Departamental de Discapacidad (CODEDIS).<\/p>\n<p>Clarivel Castillo, presidenta de esta instituci\u00f3n, argument\u00f3 que con las aperturas de estas oficinas, el CONADI\u00a0 contin\u00faa avanzando en el cumplimiento al plan de Acci\u00f3n sobre Discapacidad, que dispone aplicar promover la inclusi\u00f3n de las personas con discapacidad.<\/p>\n","protected":false},"excerpt":{"rendered":"<p>En los \u00faltimos d\u00edas el Consejo Nacional para la Atenci\u00f3n de las Personas con Discapacidad (CONADI) ha logrado la apertura de 3 Oficinas Municipales de Discapacidad (OMD\u00b4s), alcanzando las 90 a nivel nacional, para dar seguimiento a las recomendaciones otorgadas al Estado guatemalteco por parte del Comit\u00e9 de Expertos en materia de Discapacidad de las &hellip; <\/p>\n<p class=\"link-more\"><a href=\"https:\/\/conadi.gob.gt\/web\/se-alcanzan-90-oficinas-municipales-de-discapacidad\/\" class=\"more-link\">Leer m\u00e1s<span class=\"screen-reader-text\"> \u00abSE ALCANZAN 90 OFICINAS MUNICIPALES DE DISCAPACIDAD\u00bb<\/span><\/a><\/p>\n","protected":false},"author":12,"featured_media":9033,"comment_status":"open","ping_status":"closed","sticky":false,"template":"","format":"standard","meta":{"footnotes":""},"categories":[3],"tags":[],"class_list":["post-9032","post","type-post","status-publish","format-standard","has-post-thumbnail","hentry","category-noticias"],"_links":{"self":[{"href":"https:\/\/conadi.gob.gt\/web\/wp-json\/wp\/v2\/posts\/9032","targetHints":{"allow":["GET"]}}],"collection":[{"href":"https:\/\/conadi.gob.gt\/web\/wp-json\/wp\/v2\/posts"}],"about":[{"href":"https:\/\/conadi.gob.gt\/web\/wp-json\/wp\/v2\/types\/post"}],"author":[{"embeddable":true,"href":"https:\/\/conadi.gob.gt\/web\/wp-json\/wp\/v2\/users\/12"}],"replies":[{"embeddable":true,"href":"https:\/\/conadi.gob.gt\/web\/wp-json\/wp\/v2\/comments?post=9032"}],"version-history":[{"count":1,"href":"https:\/\/conadi.gob.gt\/web\/wp-json\/wp\/v2\/posts\/9032\/revisions"}],"predecessor-version":[{"id":9037,"href":"https:\/\/conadi.gob.gt\/web\/wp-json\/wp\/v2\/posts\/9032\/revisions\/9037"}],"wp:featuredmedia":[{"embeddable":true,"href":"https:\/\/conadi.gob.gt\/web\/wp-json\/wp\/v2\/media\/9033"}],"wp:attachment":[{"href":"https:\/\/conadi.gob.gt\/web\/wp-json\/wp\/v2\/media?parent=9032"}],"wp:term":[{"taxonomy":"category","embeddable":true,"href":"https:\/\/conadi.gob.gt\/web\/wp-json\/wp\/v2\/categories?post=9032"},{"taxonomy":"post_tag","embeddable":true,"href":"https:\/\/conadi.gob.gt\/web\/wp-json\/wp\/v2\/tags?post=9032"}],"curies":[{"name":"wp","href":"https:\/\/api.w.org\/{rel}","templated":true}]}}