{"id":9122,"date":"2021-06-04T16:23:04","date_gmt":"2021-06-04T16:23:04","guid":{"rendered":"http:\/\/conadi.gob.gt\/web\/?p=9122"},"modified":"2021-06-07T18:05:06","modified_gmt":"2021-06-07T18:05:06","slug":"alianzas-estrategicas-para-la-inclusion-de-las-personas-con-discapacidad","status":"publish","type":"post","link":"https:\/\/conadi.gob.gt\/web\/alianzas-estrategicas-para-la-inclusion-de-las-personas-con-discapacidad\/","title":{"rendered":"ALIANZAS ESTRAT\u00c9GICAS PARA LA INCLUSI\u00d3N DE LAS PERSONAS CON DISCAPACIDAD"},"content":{"rendered":"<p><a href=\"https:\/\/conadi.gob.gt\/web\/wp-content\/uploads\/2021\/06\/193030559_4170808952986231_8214560798299463771_n-1.jpg\"><img loading=\"lazy\" decoding=\"async\" class=\"alignnone size-medium wp-image-9123\" src=\"https:\/\/conadi.gob.gt\/web\/wp-content\/uploads\/2021\/06\/193030559_4170808952986231_8214560798299463771_n-1-300x200.jpg\" alt=\"\" width=\"300\" height=\"200\" srcset=\"https:\/\/conadi.gob.gt\/web\/wp-content\/uploads\/2021\/06\/193030559_4170808952986231_8214560798299463771_n-1-300x200.jpg 300w, https:\/\/conadi.gob.gt\/web\/wp-content\/uploads\/2021\/06\/193030559_4170808952986231_8214560798299463771_n-1-768x512.jpg 768w, https:\/\/conadi.gob.gt\/web\/wp-content\/uploads\/2021\/06\/193030559_4170808952986231_8214560798299463771_n-1-1024x683.jpg 1024w, https:\/\/conadi.gob.gt\/web\/wp-content\/uploads\/2021\/06\/193030559_4170808952986231_8214560798299463771_n-1-90x60.jpg 90w, https:\/\/conadi.gob.gt\/web\/wp-content\/uploads\/2021\/06\/193030559_4170808952986231_8214560798299463771_n-1-180x120.jpg 180w, https:\/\/conadi.gob.gt\/web\/wp-content\/uploads\/2021\/06\/193030559_4170808952986231_8214560798299463771_n-1-95x64.jpg 95w, https:\/\/conadi.gob.gt\/web\/wp-content\/uploads\/2021\/06\/193030559_4170808952986231_8214560798299463771_n-1-2000x1333.jpg 2000w, https:\/\/conadi.gob.gt\/web\/wp-content\/uploads\/2021\/06\/193030559_4170808952986231_8214560798299463771_n-1.jpg 2048w\" sizes=\"auto, (max-width: 300px) 100vw, 300px\" \/><\/a><\/p>\n<p>En el marco de los 24 a\u00f1os de vida institucional del Consejo Nacional para la Atenci\u00f3n de las Personas con Discapacidad (CONADI), se han suscrito alianzas estrat\u00e9gicas con algunas entidades, que se han sumado en la promoci\u00f3n de los derechos de las personas con discapacidad.<\/p>\n<p>En ese contexto, el 27 de mayo, se llev\u00f3 a cabo la firma del convenio de cooperaci\u00f3n entre la Asociaci\u00f3n de Servicios Educativos y Culturales (ASEC)\/ Instituto Guatemalteco de Escuelas Radiof\u00f3nicas (IGER) y el CONADI, este acuerdo estar\u00e1 vigente hasta el 31 de diciembre del 2023.<\/p>\n<p>El convenio, contiene el compromiso de transmitir el programa Guatemala para Todos, radio revista informativa y educativa que aborda los asuntos de discapacidad con\u00a0<a href=\"https:\/\/conadi.gob.gt\/web\/wp-content\/uploads\/2021\/06\/191308653_4159358847464575_7810924682449223119_n.jpg\"><img loading=\"lazy\" decoding=\"async\" class=\"size-medium wp-image-9124 alignleft\" src=\"https:\/\/conadi.gob.gt\/web\/wp-content\/uploads\/2021\/06\/191308653_4159358847464575_7810924682449223119_n-300x200.jpg\" alt=\"\" width=\"300\" height=\"200\" srcset=\"https:\/\/conadi.gob.gt\/web\/wp-content\/uploads\/2021\/06\/191308653_4159358847464575_7810924682449223119_n-300x200.jpg 300w, https:\/\/conadi.gob.gt\/web\/wp-content\/uploads\/2021\/06\/191308653_4159358847464575_7810924682449223119_n-768x512.jpg 768w, https:\/\/conadi.gob.gt\/web\/wp-content\/uploads\/2021\/06\/191308653_4159358847464575_7810924682449223119_n-1024x683.jpg 1024w, https:\/\/conadi.gob.gt\/web\/wp-content\/uploads\/2021\/06\/191308653_4159358847464575_7810924682449223119_n-90x60.jpg 90w, https:\/\/conadi.gob.gt\/web\/wp-content\/uploads\/2021\/06\/191308653_4159358847464575_7810924682449223119_n-180x120.jpg 180w, https:\/\/conadi.gob.gt\/web\/wp-content\/uploads\/2021\/06\/191308653_4159358847464575_7810924682449223119_n-95x64.jpg 95w, https:\/\/conadi.gob.gt\/web\/wp-content\/uploads\/2021\/06\/191308653_4159358847464575_7810924682449223119_n.jpg 2048w\" sizes=\"auto, (max-width: 300px) 100vw, 300px\" \/><\/a>\u00a0enfoque de derechos humanos, con 15 a\u00f1os difusi\u00f3n por el CONADI, con los segmentos El Editorial y CONADINOTICIAS. El programa ser\u00e1 transmitido a trav\u00e9s de Radio S\u00f3nica, los lunes y martes a las 18:00 horas y en Radio Sayaxche, Pet\u00e9n, los lunes a las 15:00 horas y martes a las 18:00 horas.<\/p>\n<p>Asimismo, el CONADI, asume el compromiso de brindar las orientaciones sobre discapacidad con enfoque de derechos humanos\u00a0 a educadores, comunicadores sociales y productores que son parte de ASEC\/IGER y dar lineamientos para la producci\u00f3n de campa\u00f1as de divulgaci\u00f3n con enfoque de discapacidad.<\/p>\n<p>La firma del convenio estuvo a cargo de la licenciada Clarivel Castillo, presidenta del CONADI y licenciada Mar\u00eda Teresa Geraldina Camargo, mandataria general de ASEC.<\/p>\n<p><span style=\"color: #3366ff;\"><strong><em>Intercambio de cartas de cooperaci\u00f3n para promover los derechos de los j\u00f3venes con discapacidad<\/em><\/strong><\/span><\/p>\n<p>Para dar continuidad a la alianza estrat\u00e9gica que deriven acciones conjuntas en beneficio de las juventudes con y sin discapacidad, el Consejo Nacional para la Atenci\u00f3n de las Personas con Discapacidad (CONADI) y J\u00f3venes Artistas por la Justicia Social (JAxJS), llevaron a cabo un cruce de cartas con el prop\u00f3sito de asumir el compromiso de seguir trabajando en la promoci\u00f3n y divulgaci\u00f3n de los derechos de las personas con discapacidad.<\/p>\n<p>Este proceso de intercambio de compromisos estuvo a cargo de Clarivel Castillo, presidenta del CONADI y Kimberly Barrios, coordinadora metropolitana de<a href=\"https:\/\/conadi.gob.gt\/web\/wp-content\/uploads\/2021\/06\/186570645_4138221112911682_9022715785383306541_n.jpg\"><img loading=\"lazy\" decoding=\"async\" class=\"wp-image-9125 alignright\" src=\"https:\/\/conadi.gob.gt\/web\/wp-content\/uploads\/2021\/06\/186570645_4138221112911682_9022715785383306541_n-300x225.jpg\" alt=\"\" width=\"235\" height=\"176\" srcset=\"https:\/\/conadi.gob.gt\/web\/wp-content\/uploads\/2021\/06\/186570645_4138221112911682_9022715785383306541_n-300x225.jpg 300w, https:\/\/conadi.gob.gt\/web\/wp-content\/uploads\/2021\/06\/186570645_4138221112911682_9022715785383306541_n-768x576.jpg 768w, https:\/\/conadi.gob.gt\/web\/wp-content\/uploads\/2021\/06\/186570645_4138221112911682_9022715785383306541_n-1024x768.jpg 1024w, https:\/\/conadi.gob.gt\/web\/wp-content\/uploads\/2021\/06\/186570645_4138221112911682_9022715785383306541_n-45x35.jpg 45w, https:\/\/conadi.gob.gt\/web\/wp-content\/uploads\/2021\/06\/186570645_4138221112911682_9022715785383306541_n.jpg 1280w\" sizes=\"auto, (max-width: 235px) 100vw, 235px\" \/><\/a><\/p>\n<p>JAxJS.<\/p>\n<p>Clarivel Castillo,\u00a0 reconoci\u00f3 el esfuerzo y compromiso de la Red JAxJS en promover la inclusi\u00f3n de las personas con discapacidad a trav\u00e9s de las diferentes expresiones art\u00edsticas, espec\u00edficamente en el sector de juventudes del pa\u00eds.<\/p>\n<p>Mencionada red, es la realizadora del mural con enfoque de derechos humanos, que se encuentra en el lobby del CONADI, acci\u00f3n que se busca replicar en otras localidades.<\/p>\n<p><span style=\"color: #3366ff;\"><strong><em>En b\u00fasqueda de la inclusi\u00f3n de personas con discapacidad en la educaci\u00f3n superior<\/em><\/strong><\/span><\/p>\n<p><a href=\"https:\/\/conadi.gob.gt\/web\/wp-content\/uploads\/2021\/06\/193277295_4170812562985870_2489150297457275458_n-1.jpg\"><img loading=\"lazy\" decoding=\"async\" class=\"size-medium wp-image-9126 alignleft\" src=\"https:\/\/conadi.gob.gt\/web\/wp-content\/uploads\/2021\/06\/193277295_4170812562985870_2489150297457275458_n-1-300x200.jpg\" alt=\"\" width=\"300\" height=\"200\" srcset=\"https:\/\/conadi.gob.gt\/web\/wp-content\/uploads\/2021\/06\/193277295_4170812562985870_2489150297457275458_n-1-300x200.jpg 300w, https:\/\/conadi.gob.gt\/web\/wp-content\/uploads\/2021\/06\/193277295_4170812562985870_2489150297457275458_n-1-768x512.jpg 768w, https:\/\/conadi.gob.gt\/web\/wp-content\/uploads\/2021\/06\/193277295_4170812562985870_2489150297457275458_n-1-1024x683.jpg 1024w, https:\/\/conadi.gob.gt\/web\/wp-content\/uploads\/2021\/06\/193277295_4170812562985870_2489150297457275458_n-1-90x60.jpg 90w, https:\/\/conadi.gob.gt\/web\/wp-content\/uploads\/2021\/06\/193277295_4170812562985870_2489150297457275458_n-1-180x120.jpg 180w, https:\/\/conadi.gob.gt\/web\/wp-content\/uploads\/2021\/06\/193277295_4170812562985870_2489150297457275458_n-1-95x64.jpg 95w, https:\/\/conadi.gob.gt\/web\/wp-content\/uploads\/2021\/06\/193277295_4170812562985870_2489150297457275458_n-1.jpg 2048w\" sizes=\"auto, (max-width: 300px) 100vw, 300px\" \/><\/a>El 31 de mayo, se estableci\u00f3 una alianza estrat\u00e9gica para promover en la educaci\u00f3n superior, la inclusi\u00f3n de las personas con discapacidad; por lo que, \u00a0se concret\u00f3 con la suscripci\u00f3n de un convenio entre el Consejo Nacional para la Atenci\u00f3n de las Personas con Discapacidad (CONADI) y la Escuela de Ciencias de la Comunicaci\u00f3n (ECC) de la Universidad de San Carlos de Guatemala (USAC), acci\u00f3n promovida a trav\u00e9s de la Direcci\u00f3n de Comunicaci\u00f3n Social del CONADI.<\/p>\n<p>Los acuerdos alcanzados, tendr\u00e1n el prop\u00f3sito de fomentar en los estudiantes a nivel superior el abordaje de los asuntos de discapacidad desde el enfoque de los derechos humanos, basado en las orientaciones de instrumentos que ha adoptado Guatemala.<\/p>\n<p>El CONADI, tendr\u00e1 a bien, brindar capacitaciones peri\u00f3dicas a la poblaci\u00f3n estudiantil de locuci\u00f3n, periodismo, publicidad y licenciatura de la ECC, sobre el abordaje de la discapacidad, tomando en cuenta el marco normativo del pa\u00eds. En tanto la ECC, deber\u00e1 promover la inclusi\u00f3n de estudiantes con discapacidad, llevar el registro de los mismos e incentivar que los estudiantes epesistas realicen pr\u00e1cticas o proyectos sobre discapacidad.<\/p>\n<p>La firma del documento estuvo a cargo de la licenciada Clarivel Castillo, presidenta del CONADI y licenciado C\u00e9sar Paiz, director de la ECC. Asimismo, le acompa\u00f1an en el acto protocolario Gerardo Meza, miembro de Junta Directiva y Josu\u00e9 Andrade, representante de la ECC.\u00a0\u00a0<a href=\"https:\/\/twitter.com\/search?q=%20conadi%20y%20ecc&amp;src=typed_query\">https:\/\/twitter.com\/search?q=%20conadi%20y%20ecc&amp;src=typed_query<\/a><\/p>\n<p>&nbsp;<\/p>\n<p><span style=\"color: #3366ff;\"><strong><em>Se fortalecen espacios con j\u00f3venes con discapacidad <\/em><\/strong><\/span><\/p>\n<p>Par finalizar con las actividades conmemorativas en el marco de los 24 a\u00f1os del CONADI, se firm\u00f3 carta de entendimiento de cooperaci\u00f3n interinstitucional, que fue suscrita entre el Consejo Nacional de la Juventud (CONJUVE) y el Consejo Nacional para la Atenci\u00f3n de las Personas con Discapacidad (CONADI).\u00a0<a href=\"https:\/\/conadi.gob.gt\/web\/wp-content\/uploads\/2021\/06\/192716694_4173964409337352_9059596072395753832_n.jpg\"><img loading=\"lazy\" decoding=\"async\" class=\"size-medium wp-image-9127 alignright\" src=\"https:\/\/conadi.gob.gt\/web\/wp-content\/uploads\/2021\/06\/192716694_4173964409337352_9059596072395753832_n-300x225.jpg\" alt=\"\" width=\"300\" height=\"225\" srcset=\"https:\/\/conadi.gob.gt\/web\/wp-content\/uploads\/2021\/06\/192716694_4173964409337352_9059596072395753832_n-300x225.jpg 300w, https:\/\/conadi.gob.gt\/web\/wp-content\/uploads\/2021\/06\/192716694_4173964409337352_9059596072395753832_n-768x576.jpg 768w, https:\/\/conadi.gob.gt\/web\/wp-content\/uploads\/2021\/06\/192716694_4173964409337352_9059596072395753832_n-1024x768.jpg 1024w, https:\/\/conadi.gob.gt\/web\/wp-content\/uploads\/2021\/06\/192716694_4173964409337352_9059596072395753832_n-45x35.jpg 45w, https:\/\/conadi.gob.gt\/web\/wp-content\/uploads\/2021\/06\/192716694_4173964409337352_9059596072395753832_n.jpg 1280w\" sizes=\"auto, (max-width: 300px) 100vw, 300px\" \/><\/a><\/p>\n<p>La alianza tiene el prop\u00f3sito de\u00a0 fortalecer espacios con las juventudes con y sin discapacidad, fomentando la inclusi\u00f3n en todos los \u00e1mbitos que coadyuven al cumplimiento de los derechos de las personas con discapacidad.<\/p>\n<p>Entre los compromisos adquiridos por CONJUVE se encuentran: desarrollar acciones relacionadas con la discapacidad en el quehacer institucional, implementar pol\u00edticas en beneficio de los j\u00f3venes con discapacidad; fomentar espacios de capacitaci\u00f3n\u00a0 y formaci\u00f3n;\u00a0 por el CONADI, se facilitar\u00e1 espacios de coordinaci\u00f3n entre las oficinas municipales de discapacidad y las oficinas de juventud y establecer mecanismos de comunicaci\u00f3n que favorezcan el intercambio de informaci\u00f3n entre ambas instituciones.<\/p>\n<p>Esta alianza tendr\u00e1 una vigencia por cuatro a\u00f1os\u00a0 a partir de su suscripci\u00f3n. La firma de la carta de entendimiento estuvo a cargo de Clarivel Castillo,\u00a0 presidenta del CONADI y Carmen Reyes, directora ejecutiva del CONJUVE.\u00a0<a href=\"https:\/\/twitter.com\/DiariodeCA\/status\/1400167104704401414?s=20\">https:\/\/twitter.com\/DiariodeCA\/status\/1400167104704401414?s=20<\/a><\/p>\n","protected":false},"excerpt":{"rendered":"<p>En el marco de los 24 a\u00f1os de vida institucional del Consejo Nacional para la Atenci\u00f3n de las Personas con Discapacidad (CONADI), se han suscrito alianzas estrat\u00e9gicas con algunas entidades, que se han sumado en la promoci\u00f3n de los derechos de las personas con discapacidad. En ese contexto, el 27 de mayo, se llev\u00f3 a &hellip; <\/p>\n<p class=\"link-more\"><a href=\"https:\/\/conadi.gob.gt\/web\/alianzas-estrategicas-para-la-inclusion-de-las-personas-con-discapacidad\/\" class=\"more-link\">Leer m\u00e1s<span class=\"screen-reader-text\"> \u00abALIANZAS ESTRAT\u00c9GICAS PARA LA INCLUSI\u00d3N DE LAS PERSONAS CON DISCAPACIDAD\u00bb<\/span><\/a><\/p>\n","protected":false},"author":12,"featured_media":9123,"comment_status":"open","ping_status":"closed","sticky":false,"template":"","format":"standard","meta":{"footnotes":""},"categories":[3],"tags":[],"class_list":["post-9122","post","type-post","status-publish","format-standard","has-post-thumbnail","hentry","category-noticias"],"_links":{"self":[{"href":"https:\/\/conadi.gob.gt\/web\/wp-json\/wp\/v2\/posts\/9122","targetHints":{"allow":["GET"]}}],"collection":[{"href":"https:\/\/conadi.gob.gt\/web\/wp-json\/wp\/v2\/posts"}],"about":[{"href":"https:\/\/conadi.gob.gt\/web\/wp-json\/wp\/v2\/types\/post"}],"author":[{"embeddable":true,"href":"https:\/\/conadi.gob.gt\/web\/wp-json\/wp\/v2\/users\/12"}],"replies":[{"embeddable":true,"href":"https:\/\/conadi.gob.gt\/web\/wp-json\/wp\/v2\/comments?post=9122"}],"version-history":[{"count":2,"href":"https:\/\/conadi.gob.gt\/web\/wp-json\/wp\/v2\/posts\/9122\/revisions"}],"predecessor-version":[{"id":9139,"href":"https:\/\/conadi.gob.gt\/web\/wp-json\/wp\/v2\/posts\/9122\/revisions\/9139"}],"wp:featuredmedia":[{"embeddable":true,"href":"https:\/\/conadi.gob.gt\/web\/wp-json\/wp\/v2\/media\/9123"}],"wp:attachment":[{"href":"https:\/\/conadi.gob.gt\/web\/wp-json\/wp\/v2\/media?parent=9122"}],"wp:term":[{"taxonomy":"category","embeddable":true,"href":"https:\/\/conadi.gob.gt\/web\/wp-json\/wp\/v2\/categories?post=9122"},{"taxonomy":"post_tag","embeddable":true,"href":"https:\/\/conadi.gob.gt\/web\/wp-json\/wp\/v2\/tags?post=9122"}],"curies":[{"name":"wp","href":"https:\/\/api.w.org\/{rel}","templated":true}]}}