{"id":9196,"date":"2021-06-15T17:28:54","date_gmt":"2021-06-15T17:28:54","guid":{"rendered":"http:\/\/conadi.gob.gt\/web\/?p=9196"},"modified":"2021-06-16T12:53:44","modified_gmt":"2021-06-16T12:53:44","slug":"el-conadi-crea-mecanismo-de-registro-de-personas-con-discapacidad-para-tener-acceso-a-la-vacuna-contra-el-covid-119","status":"publish","type":"post","link":"https:\/\/conadi.gob.gt\/web\/el-conadi-crea-mecanismo-de-registro-de-personas-con-discapacidad-para-tener-acceso-a-la-vacuna-contra-el-covid-119\/","title":{"rendered":"EL CONADI CREA MECANISMO DE REGISTRO DE PERSONAS CON DISCAPACIDAD PARA TENER ACCESO A LA VACUNA CONTRA EL COVID-119"},"content":{"rendered":"<p><a href=\"https:\/\/conadi.gob.gt\/web\/wp-content\/uploads\/2021\/06\/199993601_4201455966588196_1115228000346828798_n.jpg\"><img loading=\"lazy\" decoding=\"async\" class=\"alignnone size-medium wp-image-9197\" src=\"https:\/\/conadi.gob.gt\/web\/wp-content\/uploads\/2021\/06\/199993601_4201455966588196_1115228000346828798_n-300x200.jpg\" alt=\"\" width=\"300\" height=\"200\" srcset=\"https:\/\/conadi.gob.gt\/web\/wp-content\/uploads\/2021\/06\/199993601_4201455966588196_1115228000346828798_n-300x200.jpg 300w, https:\/\/conadi.gob.gt\/web\/wp-content\/uploads\/2021\/06\/199993601_4201455966588196_1115228000346828798_n-768x512.jpg 768w, https:\/\/conadi.gob.gt\/web\/wp-content\/uploads\/2021\/06\/199993601_4201455966588196_1115228000346828798_n-1024x683.jpg 1024w, https:\/\/conadi.gob.gt\/web\/wp-content\/uploads\/2021\/06\/199993601_4201455966588196_1115228000346828798_n-90x60.jpg 90w, https:\/\/conadi.gob.gt\/web\/wp-content\/uploads\/2021\/06\/199993601_4201455966588196_1115228000346828798_n-180x120.jpg 180w, https:\/\/conadi.gob.gt\/web\/wp-content\/uploads\/2021\/06\/199993601_4201455966588196_1115228000346828798_n-95x64.jpg 95w, https:\/\/conadi.gob.gt\/web\/wp-content\/uploads\/2021\/06\/199993601_4201455966588196_1115228000346828798_n-2000x1333.jpg 2000w, https:\/\/conadi.gob.gt\/web\/wp-content\/uploads\/2021\/06\/199993601_4201455966588196_1115228000346828798_n.jpg 2048w\" sizes=\"auto, (max-width: 300px) 100vw, 300px\" \/><\/a><\/p>\n<p>&nbsp;<\/p>\n<p>Recientemente, autoridades del Consejo Nacional para la Atenci\u00f3n de las Personas con Discapacidad (CONADI), realizaron un pronunciamiento para dar a conocer la importancia de priorizar a las personas con discapacidad en el plan de vacunaci\u00f3n contra el COVID-19; as\u00ed como la creaci\u00f3n del mecanismo de registro, enlace que se encuentra publicado en las redes sociales de la instituci\u00f3n.<\/p>\n<p>Clarivel Castillo, presidenta del CONADI dio a conocer que ha sostenido diferentes acercamientos con autoridades del Ministerio de Salud P\u00fablica y Asistencia Social (MSPAS) para solicitar que se incluya en el Plan Nacional de Vacunaci\u00f3n a las personas con discapacidad en la fase de grupos vulnerables, tomando en cuenta que los resultados del Censo del 2018, indican que esta poblaci\u00f3n esta conformada por alrededor de 1 mill\u00f3n 500 mil personas.<a href=\"https:\/\/conadi.gob.gt\/web\/wp-content\/uploads\/2021\/06\/199541316_4201453293255130_4245165372943155965_n.jpg\"><img loading=\"lazy\" decoding=\"async\" class=\"size-medium wp-image-9198 alignright\" src=\"https:\/\/conadi.gob.gt\/web\/wp-content\/uploads\/2021\/06\/199541316_4201453293255130_4245165372943155965_n-300x200.jpg\" alt=\"\" width=\"300\" height=\"200\" srcset=\"https:\/\/conadi.gob.gt\/web\/wp-content\/uploads\/2021\/06\/199541316_4201453293255130_4245165372943155965_n-300x200.jpg 300w, https:\/\/conadi.gob.gt\/web\/wp-content\/uploads\/2021\/06\/199541316_4201453293255130_4245165372943155965_n-768x512.jpg 768w, https:\/\/conadi.gob.gt\/web\/wp-content\/uploads\/2021\/06\/199541316_4201453293255130_4245165372943155965_n-1024x683.jpg 1024w, https:\/\/conadi.gob.gt\/web\/wp-content\/uploads\/2021\/06\/199541316_4201453293255130_4245165372943155965_n-90x60.jpg 90w, https:\/\/conadi.gob.gt\/web\/wp-content\/uploads\/2021\/06\/199541316_4201453293255130_4245165372943155965_n-180x120.jpg 180w, https:\/\/conadi.gob.gt\/web\/wp-content\/uploads\/2021\/06\/199541316_4201453293255130_4245165372943155965_n-95x64.jpg 95w, https:\/\/conadi.gob.gt\/web\/wp-content\/uploads\/2021\/06\/199541316_4201453293255130_4245165372943155965_n.jpg 2048w\" sizes=\"auto, (max-width: 300px) 100vw, 300px\" \/><\/a><\/p>\n<p>Tambi\u00e9n, Castillo manifest\u00f3 que el CONADI elabor\u00f3 un <a href=\"https:\/\/docs.google.com\/forms\/d\/e\/1FAIpQLSdXgcSDW68ailPmFReB35DsMHP4d1TVBQZnIX0VA0If2xmFLg\/viewform\">formulario electr\u00f3nico<\/a> para que las personas con personas con discapacidad que deseen inmunizarse contra el COVID-19 puedan registrarse, luego que el Presidente de la Rep\u00fablica, Alejandro Giammattei, indicara que el Consejo deber\u00e1 presentar el listado de registro de personas con discapacidad, para ser entregado a las autoridades del MSPAS. Cabe resaltar que el registro debe ser \u00fanicamente para personas con referida condici\u00f3n.<\/p>\n<p>Es importante mencionar que la poblaci\u00f3n con discapacidad, es mayormente vulnerable por su situaci\u00f3n y tienen mayor dificultad de aplicar los protocolos de bioseguridad. El CONADI ante la emergencia sanitaria, elabor\u00f3 la <strong><em>\u201cGu\u00eda para la protecci\u00f3n de los derechos de las personas con discapacidad de Guatemala frente a la crisis del COVID-19\u201d,<\/em><\/strong><em> con el prop\u00f3sito <\/em>de orientar a las instituciones p\u00fablicas y del sector privado sobre las medidas de atenci\u00f3n integral para dar respuesta a la emergencia humanitaria provocada por el COVID-19, basada en los derechos humanos, como lo indica la Convenci\u00f3n Sobre los Derechos de las Personas con Discapacidad.<\/p>\n<p>Adem\u00e1s, se desarrolla una campa\u00f1a de informaci\u00f3n y Toma de Conciencia sobre el derecho a la salud, accesibilidad en la comunicaci\u00f3n e inclusi\u00f3n\u00a0 laboral de la poblaci\u00f3n con discapacidad ante los efectos de la pandemia.<\/p>\n","protected":false},"excerpt":{"rendered":"<p>&nbsp; Recientemente, autoridades del Consejo Nacional para la Atenci\u00f3n de las Personas con Discapacidad (CONADI), realizaron un pronunciamiento para dar a conocer la importancia de priorizar a las personas con discapacidad en el plan de vacunaci\u00f3n contra el COVID-19; as\u00ed como la creaci\u00f3n del mecanismo de registro, enlace que se encuentra publicado en las redes &hellip; <\/p>\n<p class=\"link-more\"><a href=\"https:\/\/conadi.gob.gt\/web\/el-conadi-crea-mecanismo-de-registro-de-personas-con-discapacidad-para-tener-acceso-a-la-vacuna-contra-el-covid-119\/\" class=\"more-link\">Leer m\u00e1s<span class=\"screen-reader-text\"> \u00abEL CONADI CREA MECANISMO DE REGISTRO DE PERSONAS CON DISCAPACIDAD PARA TENER ACCESO A LA VACUNA CONTRA EL COVID-119\u00bb<\/span><\/a><\/p>\n","protected":false},"author":12,"featured_media":9197,"comment_status":"open","ping_status":"closed","sticky":false,"template":"","format":"standard","meta":{"footnotes":""},"categories":[3],"tags":[],"class_list":["post-9196","post","type-post","status-publish","format-standard","has-post-thumbnail","hentry","category-noticias"],"_links":{"self":[{"href":"https:\/\/conadi.gob.gt\/web\/wp-json\/wp\/v2\/posts\/9196","targetHints":{"allow":["GET"]}}],"collection":[{"href":"https:\/\/conadi.gob.gt\/web\/wp-json\/wp\/v2\/posts"}],"about":[{"href":"https:\/\/conadi.gob.gt\/web\/wp-json\/wp\/v2\/types\/post"}],"author":[{"embeddable":true,"href":"https:\/\/conadi.gob.gt\/web\/wp-json\/wp\/v2\/users\/12"}],"replies":[{"embeddable":true,"href":"https:\/\/conadi.gob.gt\/web\/wp-json\/wp\/v2\/comments?post=9196"}],"version-history":[{"count":7,"href":"https:\/\/conadi.gob.gt\/web\/wp-json\/wp\/v2\/posts\/9196\/revisions"}],"predecessor-version":[{"id":9208,"href":"https:\/\/conadi.gob.gt\/web\/wp-json\/wp\/v2\/posts\/9196\/revisions\/9208"}],"wp:featuredmedia":[{"embeddable":true,"href":"https:\/\/conadi.gob.gt\/web\/wp-json\/wp\/v2\/media\/9197"}],"wp:attachment":[{"href":"https:\/\/conadi.gob.gt\/web\/wp-json\/wp\/v2\/media?parent=9196"}],"wp:term":[{"taxonomy":"category","embeddable":true,"href":"https:\/\/conadi.gob.gt\/web\/wp-json\/wp\/v2\/categories?post=9196"},{"taxonomy":"post_tag","embeddable":true,"href":"https:\/\/conadi.gob.gt\/web\/wp-json\/wp\/v2\/tags?post=9196"}],"curies":[{"name":"wp","href":"https:\/\/api.w.org\/{rel}","templated":true}]}}