{"id":9214,"date":"2021-06-18T14:55:33","date_gmt":"2021-06-18T14:55:33","guid":{"rendered":"http:\/\/conadi.gob.gt\/web\/?p=9214"},"modified":"2021-06-18T15:05:34","modified_gmt":"2021-06-18T15:05:34","slug":"el-conadi-y-el-inguat-buscan-mejorar-atencion-en-turismo-para-las-personas-con-discapacidad","status":"publish","type":"post","link":"https:\/\/conadi.gob.gt\/web\/el-conadi-y-el-inguat-buscan-mejorar-atencion-en-turismo-para-las-personas-con-discapacidad\/","title":{"rendered":"EL CONADI Y EL INGUAT BUSCAN MEJORAR ATENCI\u00d3N EN TURISMO  PARA LAS PERSONAS CON DISCAPACIDAD"},"content":{"rendered":"<p>Con el prop\u00f3sito de continuar en la promoci\u00f3n, acompa\u00f1amiento y atenci\u00f3n a turismo accesible para personas con discapacidad, el Consejo Nacional para la Atenci\u00f3n de Personas con Discapacidad (CONADI) y el Instituto Guatemalteco de Turismo (INGUAT) suscribieron un convenio con vigencia de 4 a\u00f1os. La firma estuvo a cargo de Clarivel Castillo, presidenta del CONADI y Mynor Cord\u00f3n, director general del INGUAT.<\/p>\n<p>La alianza establece mecanismos de coordinaci\u00f3n interinstitucional para la identificaci\u00f3n de mejoras en la atenci\u00f3n del colectivo en proyectos; as\u00ed como, asesorar al gremio tur\u00edstico para mejorar la atenci\u00f3n de acuerdo a los instrumentos nacionales e internacionales de derechos humanos.<\/p>\n<p><a href=\"https:\/\/conadi.gob.gt\/web\/wp-content\/uploads\/2021\/06\/IMG_6465.jpg\"><img loading=\"lazy\" decoding=\"async\" class=\" wp-image-9216 alignleft\" src=\"https:\/\/conadi.gob.gt\/web\/wp-content\/uploads\/2021\/06\/IMG_6465-300x200.jpg\" alt=\"\" width=\"210\" height=\"140\" srcset=\"https:\/\/conadi.gob.gt\/web\/wp-content\/uploads\/2021\/06\/IMG_6465-300x200.jpg 300w, https:\/\/conadi.gob.gt\/web\/wp-content\/uploads\/2021\/06\/IMG_6465-768x512.jpg 768w, https:\/\/conadi.gob.gt\/web\/wp-content\/uploads\/2021\/06\/IMG_6465-1024x683.jpg 1024w, https:\/\/conadi.gob.gt\/web\/wp-content\/uploads\/2021\/06\/IMG_6465-90x60.jpg 90w, https:\/\/conadi.gob.gt\/web\/wp-content\/uploads\/2021\/06\/IMG_6465-180x120.jpg 180w, https:\/\/conadi.gob.gt\/web\/wp-content\/uploads\/2021\/06\/IMG_6465-95x64.jpg 95w\" sizes=\"auto, (max-width: 210px) 100vw, 210px\" \/><\/a><\/p>\n<p>&nbsp;<\/p>\n<p>En su discurso, la presidenta del CONADI, Clarivel Castillo, indic\u00f3 que este acuerdo tiene el prop\u00f3sito de promover proyectos inclusivos; la creaci\u00f3n de distintos accesibles desde las orientaciones de dise\u00f1o universal en beneficio de las personas con discapacidad y dar cumplimiento al derecho de igualdad, cultura, recreaci\u00f3n y ocio.<\/p>\n<p>&nbsp;<\/p>\n<p>&nbsp;<\/p>\n<p>En tanto, el director general del INGUAT, manifest\u00f3 que es importante aunar esfuerzos para buscar espacios con la finalidad que todas las personas puedan disfrutar de sus vacaciones en condiciones de calidad en el servicio, seguridad y confort.<\/p>\n<p>Entre los compromisos del CONADI: brindar asesor\u00eda y acompa\u00f1amiento t\u00e9cnico al INGUAT en la organizaci\u00f3n y promoci\u00f3n de procesos de sensibilizaci\u00f3n, concientizaci\u00f3n y capacitaci\u00f3n sobre discapacidad, recreaci\u00f3n y educaci\u00f3n de personas con discapacidad, dirigido al personal del INGUAT; Apoyar, coordinar y asesorar al INGUAT con personal que pueda facilitar cursos o talleres de sensibilizaci\u00f3n sobre la accesibilidad universal y atenci\u00f3n a las personas con discapacidad, orientados al sector tur\u00edstico; Asesorar al INGUAT en el dise\u00f1o y producci\u00f3n de materiales formativos e informativos sobre la inclusi\u00f3n de las personas con discapacidad al acceso al turismo, recreaci\u00f3n y educaci\u00f3n, en formatos y medios accesibles a las distintas condiciones de discapacidad.<\/p>\n<p>Por el INGUAT: incluir dentro los requerimientos del INGUAT, el dise\u00f1o de proyectos arquitect\u00f3nicos o de facilidades tur\u00edsticas con el componente de turismo accesible universal; Divulgar manuales y directrices sobre accesibilidad universal, especialmente la orientada a facilidades y servicios tur\u00edsticos con instituciones y empresas que tienen relaci\u00f3n directa e indirecta con el INGUAT gestionar para que las instituciones implementen programas de educaci\u00f3n t\u00e9cnica y profesional, continua o formal en turismo, que integren dentro de los cursos, directrices sobre accesibilidad universal, entre otros.<\/p>\n<p>Es importante mencionar, los Estados que han adoptado la Convenci\u00f3n Sobre los Derechos de las Personas con Discapacidad, deben de reconocer el derecho de personas con esta condici\u00f3n a participar, en igualdad de condiciones con los dem\u00e1s, en la vida cultural, actividades recreativas, el esparcimiento y el deporte, adoptando todas la medidas pertinentes para asegurar que las personas con discapacidad. Sin embargo a\u00fan persisten barreras, no solo de tipo arquitect\u00f3nico, comunicaciones, culturales, que dificultan el acceso a los servicios tur\u00edsticos, seg\u00fan la Organizaci\u00f3n Mundial de Turismo, OMT.<\/p>\n<p>Entre los esfuerzos realizados por Guatemala, destaca la realizaci\u00f3n de la 5ta. Conferencia Sobre Turismo Accesible, \u201cUn Mundo de Oportunidades\u201d, donde el pa\u00eds fue la sede de este evento de proyecci\u00f3n a nivel latinoamericano. Ese evento fue realizado en Panajachel, Solol\u00e1.\u00a0Las coordinaciones estuvieron a cargo del CONADI y el INGUAT y cont\u00f3 con el apoyo del Viceministerio de la Recreaci\u00f3n del Ministerio de Cultura y Deportes (MICUDE) y el Comit\u00e9 Internacional para el Desarrollo de los Pueblos (CISP). El objetivo de esta conferencia fue, brindar formaci\u00f3n t\u00e9cnica, acad\u00e9mica, intercambio de experiencia y buenas pr\u00e1cticas de otros pa\u00edses.<a href=\"https:\/\/conadi.gob.gt\/web\/wp-content\/uploads\/2021\/06\/68755491_2528620407205102_5570317358775402496_n.jpg\"><img loading=\"lazy\" decoding=\"async\" class=\"size-medium wp-image-9222 alignright\" src=\"https:\/\/conadi.gob.gt\/web\/wp-content\/uploads\/2021\/06\/68755491_2528620407205102_5570317358775402496_n-300x225.jpg\" alt=\"\" width=\"300\" height=\"225\" srcset=\"https:\/\/conadi.gob.gt\/web\/wp-content\/uploads\/2021\/06\/68755491_2528620407205102_5570317358775402496_n-300x225.jpg 300w, https:\/\/conadi.gob.gt\/web\/wp-content\/uploads\/2021\/06\/68755491_2528620407205102_5570317358775402496_n-768x576.jpg 768w, https:\/\/conadi.gob.gt\/web\/wp-content\/uploads\/2021\/06\/68755491_2528620407205102_5570317358775402496_n-45x35.jpg 45w, https:\/\/conadi.gob.gt\/web\/wp-content\/uploads\/2021\/06\/68755491_2528620407205102_5570317358775402496_n.jpg 960w\" sizes=\"auto, (max-width: 300px) 100vw, 300px\" \/><\/a><\/p>\n<p>Destacando el tour simult\u00e1neo a cuatro poblados: Panajachel, Santa Catarina Palop\u00f3, San Antonio Palop\u00f3 y San Juan La Laguna, municipios que han implementado mecanismos de accesibilidad f\u00edsica como encaminamientos podot\u00e1ctiles, rampas, rotulaci\u00f3n, atenci\u00f3n a personas con discapacidad y han desarrollado emprendimientos a cargo de personas con discapacidad.<\/p>\n<p><a href=\"https:\/\/conadi.gob.gt\/web\/wp-content\/uploads\/2021\/06\/IMG_6443.jpg\"><img loading=\"lazy\" decoding=\"async\" class=\"alignnone size-medium wp-image-9215\" src=\"https:\/\/conadi.gob.gt\/web\/wp-content\/uploads\/2021\/06\/IMG_6443-300x200.jpg\" alt=\"\" width=\"300\" height=\"200\" srcset=\"https:\/\/conadi.gob.gt\/web\/wp-content\/uploads\/2021\/06\/IMG_6443-300x200.jpg 300w, https:\/\/conadi.gob.gt\/web\/wp-content\/uploads\/2021\/06\/IMG_6443-768x512.jpg 768w, https:\/\/conadi.gob.gt\/web\/wp-content\/uploads\/2021\/06\/IMG_6443-1024x683.jpg 1024w, https:\/\/conadi.gob.gt\/web\/wp-content\/uploads\/2021\/06\/IMG_6443-90x60.jpg 90w, https:\/\/conadi.gob.gt\/web\/wp-content\/uploads\/2021\/06\/IMG_6443-180x120.jpg 180w, https:\/\/conadi.gob.gt\/web\/wp-content\/uploads\/2021\/06\/IMG_6443-95x64.jpg 95w, https:\/\/conadi.gob.gt\/web\/wp-content\/uploads\/2021\/06\/IMG_6443-2000x1333.jpg 2000w\" sizes=\"auto, (max-width: 300px) 100vw, 300px\" \/><\/a><\/p>\n","protected":false},"excerpt":{"rendered":"<p>Con el prop\u00f3sito de continuar en la promoci\u00f3n, acompa\u00f1amiento y atenci\u00f3n a turismo accesible para personas con discapacidad, el Consejo Nacional para la Atenci\u00f3n de Personas con Discapacidad (CONADI) y el Instituto Guatemalteco de Turismo (INGUAT) suscribieron un convenio con vigencia de 4 a\u00f1os. La firma estuvo a cargo de Clarivel Castillo, presidenta del CONADI &hellip; <\/p>\n<p class=\"link-more\"><a href=\"https:\/\/conadi.gob.gt\/web\/el-conadi-y-el-inguat-buscan-mejorar-atencion-en-turismo-para-las-personas-con-discapacidad\/\" class=\"more-link\">Leer m\u00e1s<span class=\"screen-reader-text\"> \u00abEL CONADI Y EL INGUAT BUSCAN MEJORAR ATENCI\u00d3N EN TURISMO  PARA LAS PERSONAS CON DISCAPACIDAD\u00bb<\/span><\/a><\/p>\n","protected":false},"author":12,"featured_media":9215,"comment_status":"open","ping_status":"closed","sticky":false,"template":"","format":"standard","meta":{"footnotes":""},"categories":[3],"tags":[],"class_list":["post-9214","post","type-post","status-publish","format-standard","has-post-thumbnail","hentry","category-noticias"],"_links":{"self":[{"href":"https:\/\/conadi.gob.gt\/web\/wp-json\/wp\/v2\/posts\/9214","targetHints":{"allow":["GET"]}}],"collection":[{"href":"https:\/\/conadi.gob.gt\/web\/wp-json\/wp\/v2\/posts"}],"about":[{"href":"https:\/\/conadi.gob.gt\/web\/wp-json\/wp\/v2\/types\/post"}],"author":[{"embeddable":true,"href":"https:\/\/conadi.gob.gt\/web\/wp-json\/wp\/v2\/users\/12"}],"replies":[{"embeddable":true,"href":"https:\/\/conadi.gob.gt\/web\/wp-json\/wp\/v2\/comments?post=9214"}],"version-history":[{"count":5,"href":"https:\/\/conadi.gob.gt\/web\/wp-json\/wp\/v2\/posts\/9214\/revisions"}],"predecessor-version":[{"id":9223,"href":"https:\/\/conadi.gob.gt\/web\/wp-json\/wp\/v2\/posts\/9214\/revisions\/9223"}],"wp:featuredmedia":[{"embeddable":true,"href":"https:\/\/conadi.gob.gt\/web\/wp-json\/wp\/v2\/media\/9215"}],"wp:attachment":[{"href":"https:\/\/conadi.gob.gt\/web\/wp-json\/wp\/v2\/media?parent=9214"}],"wp:term":[{"taxonomy":"category","embeddable":true,"href":"https:\/\/conadi.gob.gt\/web\/wp-json\/wp\/v2\/categories?post=9214"},{"taxonomy":"post_tag","embeddable":true,"href":"https:\/\/conadi.gob.gt\/web\/wp-json\/wp\/v2\/tags?post=9214"}],"curies":[{"name":"wp","href":"https:\/\/api.w.org\/{rel}","templated":true}]}}