{"id":9231,"date":"2021-06-22T17:36:17","date_gmt":"2021-06-22T17:36:17","guid":{"rendered":"http:\/\/conadi.gob.gt\/web\/?p=9231"},"modified":"2021-06-22T17:40:03","modified_gmt":"2021-06-22T17:40:03","slug":"realizan-murales-inclusivos-en-izabal","status":"publish","type":"post","link":"https:\/\/conadi.gob.gt\/web\/realizan-murales-inclusivos-en-izabal\/","title":{"rendered":"REALIZAN MURALES INCLUSIVOS EN IZABAL"},"content":{"rendered":"<p>&nbsp;<\/p>\n<p>Izabal, fue el departamento elegido para llevar a cabo el proyecto Murales Inclusivos, proyecto que resulta del convenio interinstitucional entre el Consejo Nacional para la Atenci\u00f3n de las Personas con Discapacidad (CONADI) y el Instituto Guatemalteco de Turismo (INGUAT) y el apoyo cinco comunas. En la inauguraci\u00f3n de los murales, particip\u00f3 Clarivel Castillo, presidenta del CONADI.<\/p>\n<p>El prop\u00f3sito del proyecto \u201cMurales Inclusivos\u201d, es \u00a0promover lugares emblem\u00e1ticos de Izabal y visibilizar a la poblaci\u00f3n con discapacidad. Una de las consignas de este proyecto es fomentar la inclusi\u00f3n de las personas con discapacidad, segmento poblacional con derecho al ocio, a la vida recreativa, la cultura. Poblaci\u00f3n que busca destinos tur\u00edsticos accesibles y servicios inclusivos.<\/p>\n<p>Es importante destacar que los murales,\u00a0 son una herramienta de transformaci\u00f3n social y cultural, ya que se considera que a trav\u00e9s del trabajo creativo, es posible desarrollar aptitudes que contribuyan a modificar las relaciones personales y sociales.<a href=\"https:\/\/conadi.gob.gt\/web\/wp-content\/uploads\/2021\/06\/200758743_4219496314784161_4031465498531679374_n.jpg\"><img loading=\"lazy\" decoding=\"async\" class=\" wp-image-9234 alignright\" src=\"https:\/\/conadi.gob.gt\/web\/wp-content\/uploads\/2021\/06\/200758743_4219496314784161_4031465498531679374_n-300x200.jpg\" alt=\"\" width=\"224\" height=\"149\" srcset=\"https:\/\/conadi.gob.gt\/web\/wp-content\/uploads\/2021\/06\/200758743_4219496314784161_4031465498531679374_n-300x200.jpg 300w, https:\/\/conadi.gob.gt\/web\/wp-content\/uploads\/2021\/06\/200758743_4219496314784161_4031465498531679374_n-768x512.jpg 768w, https:\/\/conadi.gob.gt\/web\/wp-content\/uploads\/2021\/06\/200758743_4219496314784161_4031465498531679374_n-1024x682.jpg 1024w, https:\/\/conadi.gob.gt\/web\/wp-content\/uploads\/2021\/06\/200758743_4219496314784161_4031465498531679374_n-90x60.jpg 90w, https:\/\/conadi.gob.gt\/web\/wp-content\/uploads\/2021\/06\/200758743_4219496314784161_4031465498531679374_n-180x120.jpg 180w, https:\/\/conadi.gob.gt\/web\/wp-content\/uploads\/2021\/06\/200758743_4219496314784161_4031465498531679374_n-95x64.jpg 95w, https:\/\/conadi.gob.gt\/web\/wp-content\/uploads\/2021\/06\/200758743_4219496314784161_4031465498531679374_n.jpg 1280w\" sizes=\"auto, (max-width: 224px) 100vw, 224px\" \/><\/a><\/p>\n<p>En la realizaci\u00f3n de este proyecto, se cont\u00f3 con la participaci\u00f3n de artistas nacionales. Entre los lugares que se realizaron los murales se encuentran: R\u00edo Dulce,\u00a0Livingston donde se aprecia el Castillo de San Felipe y en lengua de se\u00f1as de Guatemala se plasm\u00f3 el mensaje \u201cR\u00edo Dulce.<\/p>\n<p>&nbsp;<\/p>\n<p><a href=\"https:\/\/conadi.gob.gt\/web\/wp-content\/uploads\/2021\/06\/WhatsApp-Image-2021-06-22-at-11.23.08-AM.jpeg\"><img loading=\"lazy\" decoding=\"async\" class=\"wp-image-9233 alignleft\" src=\"https:\/\/conadi.gob.gt\/web\/wp-content\/uploads\/2021\/06\/WhatsApp-Image-2021-06-22-at-11.23.08-AM-300x200.jpeg\" alt=\"\" width=\"209\" height=\"139\" srcset=\"https:\/\/conadi.gob.gt\/web\/wp-content\/uploads\/2021\/06\/WhatsApp-Image-2021-06-22-at-11.23.08-AM-300x200.jpeg 300w, https:\/\/conadi.gob.gt\/web\/wp-content\/uploads\/2021\/06\/WhatsApp-Image-2021-06-22-at-11.23.08-AM-768x512.jpeg 768w, https:\/\/conadi.gob.gt\/web\/wp-content\/uploads\/2021\/06\/WhatsApp-Image-2021-06-22-at-11.23.08-AM-1024x682.jpeg 1024w, https:\/\/conadi.gob.gt\/web\/wp-content\/uploads\/2021\/06\/WhatsApp-Image-2021-06-22-at-11.23.08-AM-90x60.jpeg 90w, https:\/\/conadi.gob.gt\/web\/wp-content\/uploads\/2021\/06\/WhatsApp-Image-2021-06-22-at-11.23.08-AM-180x120.jpeg 180w, https:\/\/conadi.gob.gt\/web\/wp-content\/uploads\/2021\/06\/WhatsApp-Image-2021-06-22-at-11.23.08-AM-95x64.jpeg 95w, https:\/\/conadi.gob.gt\/web\/wp-content\/uploads\/2021\/06\/WhatsApp-Image-2021-06-22-at-11.23.08-AM.jpeg 1280w\" sizes=\"auto, (max-width: 209px) 100vw, 209px\" \/><\/a>En los Amates, destaca un paisaje de Quirigu\u00e1, que ahora cuenta con encaminamientos y rampas en apoyo a las personas con discapacidad; la imagen muestra a una persona usuario de perro gu\u00eda transitando por un encaminamiento, debe tomarse en cuenta que tambi\u00e9n se modific\u00f3 el Acuerdo del Ministerio de Cultura y Deportes que permite el ingreso de perros gu\u00edas y de asistencia a centros recreativos.<\/p>\n<p>&nbsp;<\/p>\n<p>&nbsp;<\/p>\n<p>En tanto, en el Estor los pintores se inspiraron en el Boquer\u00f3n, un r\u00edo que se encuentra entre impresionantes laderas, destaca la figura de una persona con discapacidad f\u00edsica usuaria de silla de ruedas viajando en una lancha en el trayecto acu\u00e1tico. Este sitio es llamado el Boquer\u00f3n porque<a href=\"https:\/\/conadi.gob.gt\/web\/wp-content\/uploads\/2021\/06\/WhatsApp-Image-2021-06-22-at-11.25.22-AM.jpeg\"><img loading=\"lazy\" decoding=\"async\" class=\" wp-image-9235 alignright\" src=\"https:\/\/conadi.gob.gt\/web\/wp-content\/uploads\/2021\/06\/WhatsApp-Image-2021-06-22-at-11.25.22-AM-300x225.jpeg\" alt=\"\" width=\"203\" height=\"152\" srcset=\"https:\/\/conadi.gob.gt\/web\/wp-content\/uploads\/2021\/06\/WhatsApp-Image-2021-06-22-at-11.25.22-AM-300x225.jpeg 300w, https:\/\/conadi.gob.gt\/web\/wp-content\/uploads\/2021\/06\/WhatsApp-Image-2021-06-22-at-11.25.22-AM-768x576.jpeg 768w, https:\/\/conadi.gob.gt\/web\/wp-content\/uploads\/2021\/06\/WhatsApp-Image-2021-06-22-at-11.25.22-AM-1024x768.jpeg 1024w, https:\/\/conadi.gob.gt\/web\/wp-content\/uploads\/2021\/06\/WhatsApp-Image-2021-06-22-at-11.25.22-AM-45x35.jpeg 45w, https:\/\/conadi.gob.gt\/web\/wp-content\/uploads\/2021\/06\/WhatsApp-Image-2021-06-22-at-11.25.22-AM.jpeg 1280w\" sizes=\"auto, (max-width: 203px) 100vw, 203px\" \/><\/a> tiene forma de una gran boca que simula tragarse los cayucos.<\/p>\n<p>&nbsp;<\/p>\n<p>&nbsp;<\/p>\n<p>&nbsp;<\/p>\n<p><a href=\"https:\/\/conadi.gob.gt\/web\/wp-content\/uploads\/2021\/06\/WhatsApp-Image-2021-06-22-at-7.58.06-AM.jpeg\"><img loading=\"lazy\" decoding=\"async\" class=\" wp-image-9236 alignleft\" src=\"https:\/\/conadi.gob.gt\/web\/wp-content\/uploads\/2021\/06\/WhatsApp-Image-2021-06-22-at-7.58.06-AM-300x225.jpeg\" alt=\"\" width=\"196\" height=\"147\" srcset=\"https:\/\/conadi.gob.gt\/web\/wp-content\/uploads\/2021\/06\/WhatsApp-Image-2021-06-22-at-7.58.06-AM-300x225.jpeg 300w, https:\/\/conadi.gob.gt\/web\/wp-content\/uploads\/2021\/06\/WhatsApp-Image-2021-06-22-at-7.58.06-AM-768x576.jpeg 768w, https:\/\/conadi.gob.gt\/web\/wp-content\/uploads\/2021\/06\/WhatsApp-Image-2021-06-22-at-7.58.06-AM-1024x768.jpeg 1024w, https:\/\/conadi.gob.gt\/web\/wp-content\/uploads\/2021\/06\/WhatsApp-Image-2021-06-22-at-7.58.06-AM-45x35.jpeg 45w, https:\/\/conadi.gob.gt\/web\/wp-content\/uploads\/2021\/06\/WhatsApp-Image-2021-06-22-at-7.58.06-AM.jpeg 1156w\" sizes=\"auto, (max-width: 196px) 100vw, 196px\" \/><\/a><\/p>\n<p>&nbsp;<\/p>\n<p>En Puerto Barrios, en el mural realizado destaca un malec\u00f3n accesible, donde se plasman encaminamientos y se\u00f1alizaci\u00f3n inclusiva y se aprecia a dos personas con discapacidad visual y f\u00edsica quienes disfrutan de paisaje de Izabal, se observa la bah\u00eda al fondo y sus caracter\u00edsticas palmeras.<\/p>\n<p>&nbsp;<\/p>\n<p>&nbsp;<\/p>\n<p><a href=\"https:\/\/conadi.gob.gt\/web\/wp-content\/uploads\/2021\/06\/WhatsApp-Image-2021-06-22-at-7.58.07-AM.jpeg\"><img loading=\"lazy\" decoding=\"async\" class=\" wp-image-9237 alignright\" src=\"https:\/\/conadi.gob.gt\/web\/wp-content\/uploads\/2021\/06\/WhatsApp-Image-2021-06-22-at-7.58.07-AM-165x300.jpeg\" alt=\"\" width=\"96\" height=\"175\" srcset=\"https:\/\/conadi.gob.gt\/web\/wp-content\/uploads\/2021\/06\/WhatsApp-Image-2021-06-22-at-7.58.07-AM-165x300.jpeg 165w, https:\/\/conadi.gob.gt\/web\/wp-content\/uploads\/2021\/06\/WhatsApp-Image-2021-06-22-at-7.58.07-AM.jpeg 528w\" sizes=\"auto, (max-width: 96px) 100vw, 96px\" \/><\/a><\/p>\n<p>Morales no fue la excepci\u00f3n, la pintura realizada resalta la reserva h\u00eddrica, forestal y parque monta\u00f1a chiclera, donde se incluy\u00f3 a una persona usuaria de sillas de ruedas sobre una rampa apreciando el majestuoso paisaje.<\/p>\n<p>&nbsp;<\/p>\n<p>&nbsp;<\/p>\n<p>&nbsp;<\/p>\n<p><a href=\"https:\/\/conadi.gob.gt\/web\/wp-content\/uploads\/2021\/06\/199779536_4220594164674376_3599937988544165169_n.jpg\"><img loading=\"lazy\" decoding=\"async\" class=\"wp-image-9238 alignleft\" src=\"https:\/\/conadi.gob.gt\/web\/wp-content\/uploads\/2021\/06\/199779536_4220594164674376_3599937988544165169_n-300x228.jpg\" alt=\"\" width=\"197\" height=\"150\" srcset=\"https:\/\/conadi.gob.gt\/web\/wp-content\/uploads\/2021\/06\/199779536_4220594164674376_3599937988544165169_n-300x228.jpg 300w, https:\/\/conadi.gob.gt\/web\/wp-content\/uploads\/2021\/06\/199779536_4220594164674376_3599937988544165169_n-768x583.jpg 768w, https:\/\/conadi.gob.gt\/web\/wp-content\/uploads\/2021\/06\/199779536_4220594164674376_3599937988544165169_n-45x35.jpg 45w, https:\/\/conadi.gob.gt\/web\/wp-content\/uploads\/2021\/06\/199779536_4220594164674376_3599937988544165169_n.jpg 948w\" sizes=\"auto, (max-width: 197px) 100vw, 197px\" \/><\/a>La inauguraci\u00f3n de los murales coincidi\u00f3 con la reapertura del Parque Arqueol\u00f3gico de Quirigu\u00e1, ubicado en los Amates, Izabal. El acto de reapertura cont\u00f3 con la presencia del Presidente de la Rep\u00fablica, Alejandro Giammattei y autoridades locales. Este destino tur\u00edstico es catalogado como una de las joyas arquitect\u00f3nicas de Guatemala del periodo Cl\u00e1sico Temprano y fue visitado por la presidenta del CONADI, Clarivel Castillo.<\/p>\n<p>Ahora tenemos otro motivo para visitar el departamento de Izabal y conocer sus murales inclusivos, que muestran lugares tur\u00edsticos accesibles para personas con discapacidad.<\/p>\n<p>&nbsp;<\/p>\n<p><a href=\"https:\/\/conadi.gob.gt\/web\/wp-content\/uploads\/2021\/06\/Imagen1.png\"><img loading=\"lazy\" decoding=\"async\" class=\"alignnone size-medium wp-image-9239\" src=\"https:\/\/conadi.gob.gt\/web\/wp-content\/uploads\/2021\/06\/Imagen1-300x223.png\" alt=\"\" width=\"300\" height=\"223\" srcset=\"https:\/\/conadi.gob.gt\/web\/wp-content\/uploads\/2021\/06\/Imagen1-300x223.png 300w, https:\/\/conadi.gob.gt\/web\/wp-content\/uploads\/2021\/06\/Imagen1-768x571.png 768w, https:\/\/conadi.gob.gt\/web\/wp-content\/uploads\/2021\/06\/Imagen1-1024x762.png 1024w, https:\/\/conadi.gob.gt\/web\/wp-content\/uploads\/2021\/06\/Imagen1.png 1518w\" sizes=\"auto, (max-width: 300px) 100vw, 300px\" \/><\/a><\/p>\n","protected":false},"excerpt":{"rendered":"<p>&nbsp; Izabal, fue el departamento elegido para llevar a cabo el proyecto Murales Inclusivos, proyecto que resulta del convenio interinstitucional entre el Consejo Nacional para la Atenci\u00f3n de las Personas con Discapacidad (CONADI) y el Instituto Guatemalteco de Turismo (INGUAT) y el apoyo cinco comunas. En la inauguraci\u00f3n de los murales, particip\u00f3 Clarivel Castillo, presidenta &hellip; <\/p>\n<p class=\"link-more\"><a href=\"https:\/\/conadi.gob.gt\/web\/realizan-murales-inclusivos-en-izabal\/\" class=\"more-link\">Leer m\u00e1s<span class=\"screen-reader-text\"> \u00abREALIZAN MURALES INCLUSIVOS EN IZABAL\u00bb<\/span><\/a><\/p>\n","protected":false},"author":12,"featured_media":9239,"comment_status":"open","ping_status":"closed","sticky":false,"template":"","format":"standard","meta":{"footnotes":""},"categories":[3],"tags":[],"class_list":["post-9231","post","type-post","status-publish","format-standard","has-post-thumbnail","hentry","category-noticias"],"_links":{"self":[{"href":"https:\/\/conadi.gob.gt\/web\/wp-json\/wp\/v2\/posts\/9231","targetHints":{"allow":["GET"]}}],"collection":[{"href":"https:\/\/conadi.gob.gt\/web\/wp-json\/wp\/v2\/posts"}],"about":[{"href":"https:\/\/conadi.gob.gt\/web\/wp-json\/wp\/v2\/types\/post"}],"author":[{"embeddable":true,"href":"https:\/\/conadi.gob.gt\/web\/wp-json\/wp\/v2\/users\/12"}],"replies":[{"embeddable":true,"href":"https:\/\/conadi.gob.gt\/web\/wp-json\/wp\/v2\/comments?post=9231"}],"version-history":[{"count":3,"href":"https:\/\/conadi.gob.gt\/web\/wp-json\/wp\/v2\/posts\/9231\/revisions"}],"predecessor-version":[{"id":9242,"href":"https:\/\/conadi.gob.gt\/web\/wp-json\/wp\/v2\/posts\/9231\/revisions\/9242"}],"wp:featuredmedia":[{"embeddable":true,"href":"https:\/\/conadi.gob.gt\/web\/wp-json\/wp\/v2\/media\/9239"}],"wp:attachment":[{"href":"https:\/\/conadi.gob.gt\/web\/wp-json\/wp\/v2\/media?parent=9231"}],"wp:term":[{"taxonomy":"category","embeddable":true,"href":"https:\/\/conadi.gob.gt\/web\/wp-json\/wp\/v2\/categories?post=9231"},{"taxonomy":"post_tag","embeddable":true,"href":"https:\/\/conadi.gob.gt\/web\/wp-json\/wp\/v2\/tags?post=9231"}],"curies":[{"name":"wp","href":"https:\/\/api.w.org\/{rel}","templated":true}]}}