{"id":9404,"date":"2021-08-21T15:47:57","date_gmt":"2021-08-21T15:47:57","guid":{"rendered":"http:\/\/conadi.gob.gt\/web\/?p=9404"},"modified":"2021-08-21T15:49:16","modified_gmt":"2021-08-21T15:49:16","slug":"el-conadi-trabajara-en-formulacion-de-politica-publica-de-transporte-publico-accesible","status":"publish","type":"post","link":"https:\/\/conadi.gob.gt\/web\/el-conadi-trabajara-en-formulacion-de-politica-publica-de-transporte-publico-accesible\/","title":{"rendered":"El CONADI trabajar\u00e1 en formulaci\u00f3n de Pol\u00edtica P\u00fablica de Transporte P\u00fablico Accesible"},"content":{"rendered":"<p>Autoridades del CONADI han manifestado que trabajaran en la formulaci\u00f3n de una Pol\u00edtica P\u00fablica de Acceso al transporte urbano y extraurbano, a\u00e9reo y mar\u00edtimo en Guatemala de manera conjunta con el Ministerio de Comunicaciones, Infraestructura y Vivienda (MICIVI) y la Direcci\u00f3n General de Transporte (DGT).<\/p>\n<p>El CONADI, como ente asesor, coordinador e impulsor en la aplicaci\u00f3n de pol\u00edticas generales y de Estado, para asegurar el cumplimiento de los derechos humanos y libertades fundamentales de las personas con discapacidad en Guatemala, deber\u00e1 asesorar a las entidades correspondientes de la institucionalidad p\u00fablica para la implementaci\u00f3n de la pol\u00edtica que tiene el prop\u00f3sito de garantizar el servicio de transporte p\u00fablico a referida poblaci\u00f3n. Adem\u00e1s, se contempla identificar cooperantes nacionales e internacionales, para establecer un plan piloto en respuesta a la pol\u00edtica y mediante una colaboraci\u00f3n t\u00e9cnica y financiera para crear infraestructura accesible o aplicar ajustes razonables en los centros de abordaje.<\/p>\n<p>Esta acci\u00f3n obedece a la reciente resoluci\u00f3n de la Corte de Constitucionalidad (CC), al declarar con lugar el recurso de apelaci\u00f3n interpuesto por el Procurador de los Derechos Humanos, otorgando amparo provisional. La acci\u00f3n interpuesta, manifiesta que la poblaci\u00f3n con discapacidad sufre vej\u00e1menes, por no garantizarles la accesibilidad al servicio de transporte p\u00fablico y la prestaci\u00f3n del uso del servicio gratuitamente.<\/p>\n<p>Agrega, que el Estado de Guatemala debe velar porque el servicio de transporte p\u00fablico sea prove\u00eddo a las personas con discapacidad, sin discriminaci\u00f3n alguna, facilitando su acceso a trav\u00e9s de la implementaci\u00f3n de tecnolog\u00edas que faciliten la movilidad de los agraviados y su disponibilidad a trav\u00e9s de la prestaci\u00f3n del servicio de forma gratuita o a un costo asequible, de acuerdo a los est\u00e1ndares internacionales de derechos humanos<\/p>\n<p>El amparo provisional hace referencia que el Consejo Nacional para la Atenci\u00f3n de las Personas con Discapacidad (CONADI), el Viceministerio de Transportes del Ministerio de Comunicaciones, Infraestructura y Vivienda (MICIVI), y la Direcci\u00f3n General de Transportes (DGT), deben \u00a0implementar las acciones que sean necesarias para dar cumplimiento a las normas constitucionales, internacionales y ordinarias, relacionadas a los derechos humanos de las personas con discapacidad.<\/p>\n<p>&nbsp;<\/p>\n<figure id=\"attachment_9405\" aria-describedby=\"caption-attachment-9405\" style=\"width: 200px\" class=\"wp-caption aligncenter\"><a href=\"https:\/\/conadi.gob.gt\/web\/wp-content\/uploads\/2021\/08\/CC-1.jpg\"><img loading=\"lazy\" decoding=\"async\" id=\"longdesc-return-9405\" class=\"size-medium wp-image-9405\" tabindex=\"-1\" src=\"https:\/\/conadi.gob.gt\/web\/wp-content\/uploads\/2021\/08\/CC-1-200x300.jpg\" alt=\"Amparo Provisional\" width=\"200\" height=\"300\" longdesc=\"https:\/\/conadi.gob.gt\/web?longdesc=9405&amp;referrer=9404\" srcset=\"https:\/\/conadi.gob.gt\/web\/wp-content\/uploads\/2021\/08\/CC-1-200x300.jpg 200w, https:\/\/conadi.gob.gt\/web\/wp-content\/uploads\/2021\/08\/CC-1.jpg 449w\" sizes=\"auto, (max-width: 200px) 100vw, 200px\" \/><\/a><figcaption id=\"caption-attachment-9405\" class=\"wp-caption-text\">Amparo Provisional otorgado por la Corte de Constitucionalidad<\/figcaption><\/figure>\n<p><a href=\"https:\/\/conadi.gob.gt\/web\/wp-content\/uploads\/2021\/08\/CC2.jpg\"><img loading=\"lazy\" decoding=\"async\" class=\"aligncenter size-medium wp-image-9406\" src=\"https:\/\/conadi.gob.gt\/web\/wp-content\/uploads\/2021\/08\/CC2-196x300.jpg\" alt=\"\" width=\"196\" height=\"300\" srcset=\"https:\/\/conadi.gob.gt\/web\/wp-content\/uploads\/2021\/08\/CC2-196x300.jpg 196w, https:\/\/conadi.gob.gt\/web\/wp-content\/uploads\/2021\/08\/CC2.jpg 447w\" sizes=\"auto, (max-width: 196px) 100vw, 196px\" \/><\/a><\/p>\n<p>&nbsp;<\/p>\n<p>&nbsp;<\/p>\n","protected":false},"excerpt":{"rendered":"<p>Autoridades del CONADI han manifestado que trabajaran en la formulaci\u00f3n de una Pol\u00edtica P\u00fablica de Acceso al transporte urbano y extraurbano, a\u00e9reo y mar\u00edtimo en Guatemala de manera conjunta con el Ministerio de Comunicaciones, Infraestructura y Vivienda (MICIVI) y la Direcci\u00f3n General de Transporte (DGT). El CONADI, como ente asesor, coordinador e impulsor en la &hellip; <\/p>\n<p class=\"link-more\"><a href=\"https:\/\/conadi.gob.gt\/web\/el-conadi-trabajara-en-formulacion-de-politica-publica-de-transporte-publico-accesible\/\" class=\"more-link\">Leer m\u00e1s<span class=\"screen-reader-text\"> \u00abEl CONADI trabajar\u00e1 en formulaci\u00f3n de Pol\u00edtica P\u00fablica de Transporte P\u00fablico Accesible\u00bb<\/span><\/a><\/p>\n","protected":false},"author":12,"featured_media":9405,"comment_status":"open","ping_status":"closed","sticky":false,"template":"","format":"standard","meta":{"footnotes":""},"categories":[3],"tags":[],"class_list":["post-9404","post","type-post","status-publish","format-standard","has-post-thumbnail","hentry","category-noticias"],"_links":{"self":[{"href":"https:\/\/conadi.gob.gt\/web\/wp-json\/wp\/v2\/posts\/9404","targetHints":{"allow":["GET"]}}],"collection":[{"href":"https:\/\/conadi.gob.gt\/web\/wp-json\/wp\/v2\/posts"}],"about":[{"href":"https:\/\/conadi.gob.gt\/web\/wp-json\/wp\/v2\/types\/post"}],"author":[{"embeddable":true,"href":"https:\/\/conadi.gob.gt\/web\/wp-json\/wp\/v2\/users\/12"}],"replies":[{"embeddable":true,"href":"https:\/\/conadi.gob.gt\/web\/wp-json\/wp\/v2\/comments?post=9404"}],"version-history":[{"count":2,"href":"https:\/\/conadi.gob.gt\/web\/wp-json\/wp\/v2\/posts\/9404\/revisions"}],"predecessor-version":[{"id":9408,"href":"https:\/\/conadi.gob.gt\/web\/wp-json\/wp\/v2\/posts\/9404\/revisions\/9408"}],"wp:featuredmedia":[{"embeddable":true,"href":"https:\/\/conadi.gob.gt\/web\/wp-json\/wp\/v2\/media\/9405"}],"wp:attachment":[{"href":"https:\/\/conadi.gob.gt\/web\/wp-json\/wp\/v2\/media?parent=9404"}],"wp:term":[{"taxonomy":"category","embeddable":true,"href":"https:\/\/conadi.gob.gt\/web\/wp-json\/wp\/v2\/categories?post=9404"},{"taxonomy":"post_tag","embeddable":true,"href":"https:\/\/conadi.gob.gt\/web\/wp-json\/wp\/v2\/tags?post=9404"}],"curies":[{"name":"wp","href":"https:\/\/api.w.org\/{rel}","templated":true}]}}