{"id":9424,"date":"2021-08-31T20:23:56","date_gmt":"2021-08-31T20:23:56","guid":{"rendered":"http:\/\/conadi.gob.gt\/web\/?p=9424"},"modified":"2021-08-31T20:53:54","modified_gmt":"2021-08-31T20:53:54","slug":"el-conadi-realiza-el-encuentro-nacional-de-la-juventud","status":"publish","type":"post","link":"https:\/\/conadi.gob.gt\/web\/el-conadi-realiza-el-encuentro-nacional-de-la-juventud\/","title":{"rendered":"EL CONADI REALIZA EL ENCUENTRO NACIONAL DE LA JUVENTUD"},"content":{"rendered":"<p><a href=\"https:\/\/conadi.gob.gt\/web\/wp-content\/uploads\/2021\/08\/collaje.jpg\"><img loading=\"lazy\" decoding=\"async\" class=\"alignnone size-medium wp-image-9425\" src=\"https:\/\/conadi.gob.gt\/web\/wp-content\/uploads\/2021\/08\/collaje-300x225.jpg\" alt=\"\" width=\"300\" height=\"225\" srcset=\"https:\/\/conadi.gob.gt\/web\/wp-content\/uploads\/2021\/08\/collaje-300x225.jpg 300w, https:\/\/conadi.gob.gt\/web\/wp-content\/uploads\/2021\/08\/collaje-768x576.jpg 768w, https:\/\/conadi.gob.gt\/web\/wp-content\/uploads\/2021\/08\/collaje-45x35.jpg 45w, https:\/\/conadi.gob.gt\/web\/wp-content\/uploads\/2021\/08\/collaje.jpg 960w\" sizes=\"auto, (max-width: 300px) 100vw, 300px\" \/><\/a><\/p>\n<p>Con el objetivo de promover la inclusi\u00f3n de j\u00f3venes con discapacidad a nivel nacional e impulsar nuevos liderazgos en este importante sector, el Consejo Nacional para la Atenci\u00f3n de las Personas con Discapacidad (CONADI) llev\u00f3 a cabo el Encuentro Nacional de la Juventud: \u00abdiscapacidad, participaci\u00f3n e inclusi\u00f3n\u00bb en el marco de D\u00eda Internacional de la Juventud, el cual se llev\u00f3 a cabo en Panajachel, Solol\u00e1.<\/p>\n<p>La actividad fue dirigida a j\u00f3venes con y sin discapacidad entre 18 a 29 a\u00f1os de edad,\u00a0 representantes de los 22 departamentos de Guatemala, que son parte de diferentes programas, proyectos o iniciativas promovidas por CONADI, instituciones de gobierno y sociedad civil.<\/p>\n<p>El encuentro dio inicio con un acto protocolario que cont\u00f3 \u00a0con la participaci\u00f3n del Gobernador del Departamento de Solol\u00e1, Rodolfo\u00a0 Salazar; Alcalde Municipal de Panajachel, C\u00e9sar Piedrasanta; Coordinadora de la Comisi\u00f3n Departamental de Discapacidad de Solol\u00e1, Holy Mendoza. Por el CONADI, Gerardo Meza, miembro de Junta Directiva y Alejandro Mar\u00edn, director general.<\/p>\n<p>&nbsp;<\/p>\n<p>&nbsp;<\/p>\n<p><em>\u201cEl encuentro <a href=\"https:\/\/conadi.gob.gt\/web\/wp-content\/uploads\/2021\/08\/240692187_4423259314407859_1531339796351689021_n.jpg\"><img loading=\"lazy\" decoding=\"async\" class=\"wp-image-9426 alignleft\" src=\"https:\/\/conadi.gob.gt\/web\/wp-content\/uploads\/2021\/08\/240692187_4423259314407859_1531339796351689021_n-300x200.jpg\" alt=\"\" width=\"153\" height=\"102\" srcset=\"https:\/\/conadi.gob.gt\/web\/wp-content\/uploads\/2021\/08\/240692187_4423259314407859_1531339796351689021_n-300x200.jpg 300w, https:\/\/conadi.gob.gt\/web\/wp-content\/uploads\/2021\/08\/240692187_4423259314407859_1531339796351689021_n-768x512.jpg 768w, https:\/\/conadi.gob.gt\/web\/wp-content\/uploads\/2021\/08\/240692187_4423259314407859_1531339796351689021_n-1024x682.jpg 1024w, https:\/\/conadi.gob.gt\/web\/wp-content\/uploads\/2021\/08\/240692187_4423259314407859_1531339796351689021_n-90x60.jpg 90w, https:\/\/conadi.gob.gt\/web\/wp-content\/uploads\/2021\/08\/240692187_4423259314407859_1531339796351689021_n-180x120.jpg 180w, https:\/\/conadi.gob.gt\/web\/wp-content\/uploads\/2021\/08\/240692187_4423259314407859_1531339796351689021_n-95x64.jpg 95w, https:\/\/conadi.gob.gt\/web\/wp-content\/uploads\/2021\/08\/240692187_4423259314407859_1531339796351689021_n.jpg 1280w\" sizes=\"auto, (max-width: 153px) 100vw, 153px\" \/><\/a>es un espacio de consenso, an\u00e1lisis, discusi\u00f3n y debate, donde saldr\u00e1n propuestas que impulsen la apertura de espacios de participaci\u00f3n que beneficien a los j\u00f3venes con y sin discapacidad, un llamado a los j\u00f3venes para impulsar el liderazgo y que sean agentes de cambio\u201d<\/em>,\u00a0 manifest\u00f3\u00a0 Alejandro Mar\u00edn.<\/p>\n<p>&nbsp;<\/p>\n<p>&nbsp;<\/p>\n<p><a href=\"https:\/\/conadi.gob.gt\/web\/wp-content\/uploads\/2021\/08\/240754917_4423258804407910_5400445167494791158_n.jpg\"><img loading=\"lazy\" decoding=\"async\" class=\"wp-image-9427 alignright\" src=\"https:\/\/conadi.gob.gt\/web\/wp-content\/uploads\/2021\/08\/240754917_4423258804407910_5400445167494791158_n-300x200.jpg\" alt=\"\" width=\"156\" height=\"104\" srcset=\"https:\/\/conadi.gob.gt\/web\/wp-content\/uploads\/2021\/08\/240754917_4423258804407910_5400445167494791158_n-300x200.jpg 300w, https:\/\/conadi.gob.gt\/web\/wp-content\/uploads\/2021\/08\/240754917_4423258804407910_5400445167494791158_n-768x512.jpg 768w, https:\/\/conadi.gob.gt\/web\/wp-content\/uploads\/2021\/08\/240754917_4423258804407910_5400445167494791158_n-1024x682.jpg 1024w, https:\/\/conadi.gob.gt\/web\/wp-content\/uploads\/2021\/08\/240754917_4423258804407910_5400445167494791158_n-90x60.jpg 90w, https:\/\/conadi.gob.gt\/web\/wp-content\/uploads\/2021\/08\/240754917_4423258804407910_5400445167494791158_n-180x120.jpg 180w, https:\/\/conadi.gob.gt\/web\/wp-content\/uploads\/2021\/08\/240754917_4423258804407910_5400445167494791158_n-95x64.jpg 95w, https:\/\/conadi.gob.gt\/web\/wp-content\/uploads\/2021\/08\/240754917_4423258804407910_5400445167494791158_n.jpg 1280w\" sizes=\"auto, (max-width: 156px) 100vw, 156px\" \/><\/a><\/p>\n<p>&nbsp;<\/p>\n<p>&nbsp;<\/p>\n<p style=\"text-align: left;\">En tanto, Gerardo Meza, <em>inst\u00f3 a los j\u00f3venes a trabajar con \u00e1nimo en el desarrollo de la actividad, aprovechar estas experiencias y trabajar en conjunto para lograr una Guatemala m\u00e1s inclusiva.<\/em><\/p>\n<p>Asimismo, los j\u00f3venes\u00a0 de las organizaciones: Asociaci\u00f3n Nacional de Ciegos de Guatemala (ANCG); Colectivo Vida Plena; Asociaci\u00f3n de Perdonas con Discapacidad \u201cJareb Francisco\u201d (ASOJEF); Asociaci\u00f3n Asperger Guatemala (ASPERGUA); Asociaci\u00f3n de Personas con Discapacidad y Vida Independiente (PADIVI); Asociaci\u00f3n de Sordos de Guatemala (ASPEGUA); Universidad de San Carlos de Guatemala (USAC); Consejo Nacional de la Juventud (CONJUVE) y Comisi\u00f3n Departamental de Discapacidad (CODEDIS), presentar\u00e1n sus propuestas de proyectos al departamento de Participaci\u00f3n Ciudadana del CONADI para apoyo de implementaci\u00f3n.<\/p>\n<p>En la actividad los j\u00f3venes se expresaron a trav\u00e9s del arte y manifestaron como les gustar\u00eda que fuera nuestra Guatemala. Esta actividad busc\u00f3 la forma de expresi\u00f3n a trav\u00e9s del arte; al finalizar sus proyectos los participantes mostraron sus obras de arte y su significado.<\/p>\n<p>Posteriormente, el representante del Consejo Nacional de la Juventud (CONJUVE) dio a conocer como se llev\u00f3 a cabo el proceso de actualizaci\u00f3n de la Pol\u00edtica Nacional de la Juventud como \u201cUna herramienta para proyectos de juventudes\u201d.<\/p>\n<p>Para este trabajo han realizado di\u00e1logos departamentales, regionales y con j\u00f3venes universitarios con el fin de construir una pol\u00edtica m\u00e1s inclusiva. Asimismo, han trabajado el tema de juventud con actores claves del Estado como Ministerio de Salud P\u00fablica y Asistencia Social, Ministerio de Educaci\u00f3n, Ministerio de Cultura y Deportes y organizaciones de sociedad civil.<\/p>\n<p>Adem\u00e1s, se les dio un espacio a los participantes para que pudieran expresar\u00a0 sus\u00a0 aportes y dudas para la mejora de la Pol\u00edtica Nacional de la Juventud.<\/p>\n<p>Por la tarde, se trabaj\u00f3 con los j\u00f3venes actividades recreativas y de toma de conciencia. En ese contexto, se desarroll\u00f3 una charla de concienciaci\u00f3n enfocada a la inclusi\u00f3n y participaci\u00f3n social, bajo tres principios: el saber guiar, el valorar y el ponerme en el lugar de los dem\u00e1s. Esta charla es parte del programa de discapacidad que est\u00e1 poniendo en pr\u00e1ctica el Viceministerio del Deporte y Recreaci\u00f3n. Posteriormente se realiz\u00f3 un circuito al aire libre de motrices para poner en pr\u00e1ctica la charla de concienciaci\u00f3n.<\/p>\n<p>Ambas actividades estuvieron a cargo de Jos\u00e9 Fernando Mor\u00e1n del programa actividad f\u00edsica, deporte y recreaci\u00f3n para personas con discapacidad del Viceministerio del Deporte y Recreaci\u00f3n.<\/p>\n<p>Tambi\u00e9n se realiz\u00f3 la conferencia\u00a0 \u201cJuventud y Discapacidad, participaci\u00f3n e inclusi\u00f3n; la responsabilidad social y ciudadana\u201d. El objetivo de esta conferencia,\u00a0 estaba centrado en despertar en los j\u00f3venes la pasi\u00f3n de liderar las acciones que promuevan para el desarrollo de sus comunidades, indic\u00f3 el conferencista Julio Ernesto Arz\u00fa Leiva, representante de la organizaci\u00f3n de Livingston, Izabal,\u00a0 Hermandad Gar\u00edfuna de la Verdad (IGLI) por sus siglas en gar\u00edfuna.<a href=\"https:\/\/conadi.gob.gt\/web\/wp-content\/uploads\/2021\/08\/240699097_4426590220741435_1855784286439395380_n.jpg\"><img loading=\"lazy\" decoding=\"async\" class=\"size-medium wp-image-9428 alignright\" src=\"https:\/\/conadi.gob.gt\/web\/wp-content\/uploads\/2021\/08\/240699097_4426590220741435_1855784286439395380_n-300x200.jpg\" alt=\"\" width=\"300\" height=\"200\" srcset=\"https:\/\/conadi.gob.gt\/web\/wp-content\/uploads\/2021\/08\/240699097_4426590220741435_1855784286439395380_n-300x200.jpg 300w, https:\/\/conadi.gob.gt\/web\/wp-content\/uploads\/2021\/08\/240699097_4426590220741435_1855784286439395380_n-768x512.jpg 768w, https:\/\/conadi.gob.gt\/web\/wp-content\/uploads\/2021\/08\/240699097_4426590220741435_1855784286439395380_n-1024x683.jpg 1024w, https:\/\/conadi.gob.gt\/web\/wp-content\/uploads\/2021\/08\/240699097_4426590220741435_1855784286439395380_n-90x60.jpg 90w, https:\/\/conadi.gob.gt\/web\/wp-content\/uploads\/2021\/08\/240699097_4426590220741435_1855784286439395380_n-180x120.jpg 180w, https:\/\/conadi.gob.gt\/web\/wp-content\/uploads\/2021\/08\/240699097_4426590220741435_1855784286439395380_n-95x64.jpg 95w, https:\/\/conadi.gob.gt\/web\/wp-content\/uploads\/2021\/08\/240699097_4426590220741435_1855784286439395380_n.jpg 2048w\" sizes=\"auto, (max-width: 300px) 100vw, 300px\" \/><\/a><\/p>\n<p>Se cont\u00f3 con la asistencia de Erick Barrondo, quien imparti\u00f3 una charla motivacional sobre c\u00f3mo superar los retos que se presentan en el diario vivir y que se debe trabajar en el cumplimiento de sue\u00f1os.<\/p>\n<p>Asimismo, la organizaci\u00f3n de J\u00f3venes Artistas por la Justicia Social (JAxJS) tuvieron a su cargo la actividad l\u00fadica \u201cB\u00fasqueda del Tesoro\u201d para motivar el trabajo en equipo.<\/p>\n<p>El Encuentro Nacional de la Juventud, realizado en Panajachel, Solol\u00e1, cont\u00f3 con la participaci\u00f3n de 40 j\u00f3venes con y sin discapacidad. De esta manera el Consejo Nacional\u00a0 para la Atenci\u00f3n de las Personas con Discapacidad (CONADI), promovi\u00f3 en los j\u00f3venes con y sin discapacidad el liderazgo social, con el prop\u00f3sito de desarrollar proyectos de desarrollo para \u00a0su comunidad.<\/p>\n<p>&nbsp;<\/p>\n","protected":false},"excerpt":{"rendered":"<p>Con el objetivo de promover la inclusi\u00f3n de j\u00f3venes con discapacidad a nivel nacional e impulsar nuevos liderazgos en este importante sector, el Consejo Nacional para la Atenci\u00f3n de las Personas con Discapacidad (CONADI) llev\u00f3 a cabo el Encuentro Nacional de la Juventud: \u00abdiscapacidad, participaci\u00f3n e inclusi\u00f3n\u00bb en el marco de D\u00eda Internacional de la &hellip; <\/p>\n<p class=\"link-more\"><a href=\"https:\/\/conadi.gob.gt\/web\/el-conadi-realiza-el-encuentro-nacional-de-la-juventud\/\" class=\"more-link\">Leer m\u00e1s<span class=\"screen-reader-text\"> \u00abEL CONADI REALIZA EL ENCUENTRO NACIONAL DE LA JUVENTUD\u00bb<\/span><\/a><\/p>\n","protected":false},"author":12,"featured_media":9425,"comment_status":"open","ping_status":"closed","sticky":false,"template":"","format":"standard","meta":{"footnotes":""},"categories":[3],"tags":[],"class_list":["post-9424","post","type-post","status-publish","format-standard","has-post-thumbnail","hentry","category-noticias"],"_links":{"self":[{"href":"https:\/\/conadi.gob.gt\/web\/wp-json\/wp\/v2\/posts\/9424","targetHints":{"allow":["GET"]}}],"collection":[{"href":"https:\/\/conadi.gob.gt\/web\/wp-json\/wp\/v2\/posts"}],"about":[{"href":"https:\/\/conadi.gob.gt\/web\/wp-json\/wp\/v2\/types\/post"}],"author":[{"embeddable":true,"href":"https:\/\/conadi.gob.gt\/web\/wp-json\/wp\/v2\/users\/12"}],"replies":[{"embeddable":true,"href":"https:\/\/conadi.gob.gt\/web\/wp-json\/wp\/v2\/comments?post=9424"}],"version-history":[{"count":4,"href":"https:\/\/conadi.gob.gt\/web\/wp-json\/wp\/v2\/posts\/9424\/revisions"}],"predecessor-version":[{"id":9432,"href":"https:\/\/conadi.gob.gt\/web\/wp-json\/wp\/v2\/posts\/9424\/revisions\/9432"}],"wp:featuredmedia":[{"embeddable":true,"href":"https:\/\/conadi.gob.gt\/web\/wp-json\/wp\/v2\/media\/9425"}],"wp:attachment":[{"href":"https:\/\/conadi.gob.gt\/web\/wp-json\/wp\/v2\/media?parent=9424"}],"wp:term":[{"taxonomy":"category","embeddable":true,"href":"https:\/\/conadi.gob.gt\/web\/wp-json\/wp\/v2\/categories?post=9424"},{"taxonomy":"post_tag","embeddable":true,"href":"https:\/\/conadi.gob.gt\/web\/wp-json\/wp\/v2\/tags?post=9424"}],"curies":[{"name":"wp","href":"https:\/\/api.w.org\/{rel}","templated":true}]}}