{"id":9543,"date":"2021-10-01T17:03:52","date_gmt":"2021-10-01T17:03:52","guid":{"rendered":"http:\/\/conadi.gob.gt\/web\/?p=9543"},"modified":"2021-10-01T17:03:52","modified_gmt":"2021-10-01T17:03:52","slug":"tratado-de-marrakech-a-5-anos-de-su-ratificacion","status":"publish","type":"post","link":"https:\/\/conadi.gob.gt\/web\/tratado-de-marrakech-a-5-anos-de-su-ratificacion\/","title":{"rendered":"TRATADO DE MARRAKECH A 5 A\u00d1OS DE SU RATIFICACI\u00d3N"},"content":{"rendered":"<p>La agilizaci\u00f3n de la aprobaci\u00f3n del Reglamento a la Ley de Derechos de Autor por parte del Ministerio de Econom\u00eda, fue la demanda realizada por la Comisi\u00f3n de Seguimiento del Tratado de Marrakech del CONADI, para que pueda implementarse el Tratado de Marrakech. Este pronunciamiento fue realizado en conferencia de prensa, en el marco de 5 a\u00f1os de vigencia del Tratado.<\/p>\n<p>M\u00e1s del\u00a0<strong>90% de los libros que se publican a nivel mundial, no son accesibles\u00a0<\/strong>para los 300 millones de personas ciegas o con dificultades para acceder al texto impreso. El acceso a estos formatos, es bajo en los pa\u00edses en desarrollo, donde menos del 1% de los mismos se encuentran disponibles en formatos accesibles.<\/p>\n<p>En el caso de Guatemala, de acuerdo a la Comisi\u00f3n de Seguimiento de Implementaci\u00f3n del Tratado de Marrakech del Consejo Nacional para la Atenci\u00f3n de las Personas con Discapacidad (CONADI), se cuentan con 5 mil t\u00edtulos con estas caracter\u00edsticas, derivado al proceso de accesibilizaci\u00f3n de textos y al intercambio transfronterizo.<\/p>\n<p>Esta acci\u00f3n deriva de la aprobaci\u00f3n, ratificaci\u00f3n e implementaci\u00f3n del Tratado de Marrakech, que tiene el objetivo de facilitar el acceso de las obras publicadas en texto impreso en formas, formatos y medios accesibles para las personas ciegas, discapacidad visual o con otras dificultades.<\/p>\n<p>El 30 de septiembre del 2021, se cumplen cinco a\u00f1os de su entrada en vigencia, la fecha referida ha quedado enmarcada en la historia, debido a que era necesaria la ratificaci\u00f3n de 20 naciones para que entrara en vigor. Concret\u00e1ndose el 30 de septiembre de 2016. Guatemala tuvo un importante papel en el proceso, porque fue una de las naciones que ratific\u00f3 el instrumento, acontecimiento alcanzado el 28 de enero de 2016 mediante el decreto 7-2016.<\/p>\n<p>Posteriormente, se logr\u00f3 la aprobaci\u00f3n del Decreto 21-2018, Reforma a la Ley de Derechos de Autor y Derechos Conexos, y se redact\u00f3 la propuesta de reglamento\u00a0 por la Comisi\u00f3n de Seguimiento del Tratado, misma que fue presentada al Ministerio de Econom\u00eda para su aprobaci\u00f3n. Ente que solicit\u00f3 el dictamen de otras instituciones para dar el aval al reglamento.<\/p>\n<p>Al alcanzarse la aprobaci\u00f3n del reglamento, Guatemala continuar\u00e1 avanzando en el cumplimiento de la Convenci\u00f3n Sobre los Derechos de las Personas con Discapacidad. Instrumento que hace \u00e9nfasis en recono<a href=\"https:\/\/conadi.gob.gt\/web\/wp-content\/uploads\/2021\/10\/IMG_8621.jpg\"><img loading=\"lazy\" decoding=\"async\" class=\"size-medium wp-image-9544 alignleft\" src=\"https:\/\/conadi.gob.gt\/web\/wp-content\/uploads\/2021\/10\/IMG_8621-300x200.jpg\" alt=\"\" width=\"300\" height=\"200\" srcset=\"https:\/\/conadi.gob.gt\/web\/wp-content\/uploads\/2021\/10\/IMG_8621-300x200.jpg 300w, https:\/\/conadi.gob.gt\/web\/wp-content\/uploads\/2021\/10\/IMG_8621-768x512.jpg 768w, https:\/\/conadi.gob.gt\/web\/wp-content\/uploads\/2021\/10\/IMG_8621-1024x683.jpg 1024w, https:\/\/conadi.gob.gt\/web\/wp-content\/uploads\/2021\/10\/IMG_8621-90x60.jpg 90w, https:\/\/conadi.gob.gt\/web\/wp-content\/uploads\/2021\/10\/IMG_8621-180x120.jpg 180w, https:\/\/conadi.gob.gt\/web\/wp-content\/uploads\/2021\/10\/IMG_8621-95x64.jpg 95w\" sizes=\"auto, (max-width: 300px) 100vw, 300px\" \/><\/a>cer el derecho de las personas con discapacidad a la educaci\u00f3n, igualdad de oportunidades. Adem\u00e1s, el Estado debe asegurarse que las leyes de protecci\u00f3n de los derechos de propiedad intelectual no constituyan una barrera para el acceso de las personas con discapacidad a materiales culturales y garantizar el derecho a la informaci\u00f3n.<\/p>\n<p><a href=\"https:\/\/conadi.gob.gt\/web\/wp-content\/uploads\/2021\/10\/IMG_8643.jpg\"><img loading=\"lazy\" decoding=\"async\" class=\"size-medium wp-image-9545 alignright\" src=\"https:\/\/conadi.gob.gt\/web\/wp-content\/uploads\/2021\/10\/IMG_8643-300x200.jpg\" alt=\"\" width=\"300\" height=\"200\" srcset=\"https:\/\/conadi.gob.gt\/web\/wp-content\/uploads\/2021\/10\/IMG_8643-300x200.jpg 300w, https:\/\/conadi.gob.gt\/web\/wp-content\/uploads\/2021\/10\/IMG_8643-768x512.jpg 768w, https:\/\/conadi.gob.gt\/web\/wp-content\/uploads\/2021\/10\/IMG_8643-1024x683.jpg 1024w, https:\/\/conadi.gob.gt\/web\/wp-content\/uploads\/2021\/10\/IMG_8643-90x60.jpg 90w, https:\/\/conadi.gob.gt\/web\/wp-content\/uploads\/2021\/10\/IMG_8643-180x120.jpg 180w, https:\/\/conadi.gob.gt\/web\/wp-content\/uploads\/2021\/10\/IMG_8643-95x64.jpg 95w, https:\/\/conadi.gob.gt\/web\/wp-content\/uploads\/2021\/10\/IMG_8643-2000x1333.jpg 2000w\" sizes=\"auto, (max-width: 300px) 100vw, 300px\" \/><\/a><\/p>\n","protected":false},"excerpt":{"rendered":"<p>La agilizaci\u00f3n de la aprobaci\u00f3n del Reglamento a la Ley de Derechos de Autor por parte del Ministerio de Econom\u00eda, fue la demanda realizada por la Comisi\u00f3n de Seguimiento del Tratado de Marrakech del CONADI, para que pueda implementarse el Tratado de Marrakech. Este pronunciamiento fue realizado en conferencia de prensa, en el marco de &hellip; <\/p>\n<p class=\"link-more\"><a href=\"https:\/\/conadi.gob.gt\/web\/tratado-de-marrakech-a-5-anos-de-su-ratificacion\/\" class=\"more-link\">Leer m\u00e1s<span class=\"screen-reader-text\"> \u00abTRATADO DE MARRAKECH A 5 A\u00d1OS DE SU RATIFICACI\u00d3N\u00bb<\/span><\/a><\/p>\n","protected":false},"author":12,"featured_media":9545,"comment_status":"open","ping_status":"closed","sticky":false,"template":"","format":"standard","meta":{"footnotes":""},"categories":[3],"tags":[],"class_list":["post-9543","post","type-post","status-publish","format-standard","has-post-thumbnail","hentry","category-noticias"],"_links":{"self":[{"href":"https:\/\/conadi.gob.gt\/web\/wp-json\/wp\/v2\/posts\/9543","targetHints":{"allow":["GET"]}}],"collection":[{"href":"https:\/\/conadi.gob.gt\/web\/wp-json\/wp\/v2\/posts"}],"about":[{"href":"https:\/\/conadi.gob.gt\/web\/wp-json\/wp\/v2\/types\/post"}],"author":[{"embeddable":true,"href":"https:\/\/conadi.gob.gt\/web\/wp-json\/wp\/v2\/users\/12"}],"replies":[{"embeddable":true,"href":"https:\/\/conadi.gob.gt\/web\/wp-json\/wp\/v2\/comments?post=9543"}],"version-history":[{"count":1,"href":"https:\/\/conadi.gob.gt\/web\/wp-json\/wp\/v2\/posts\/9543\/revisions"}],"predecessor-version":[{"id":9546,"href":"https:\/\/conadi.gob.gt\/web\/wp-json\/wp\/v2\/posts\/9543\/revisions\/9546"}],"wp:featuredmedia":[{"embeddable":true,"href":"https:\/\/conadi.gob.gt\/web\/wp-json\/wp\/v2\/media\/9545"}],"wp:attachment":[{"href":"https:\/\/conadi.gob.gt\/web\/wp-json\/wp\/v2\/media?parent=9543"}],"wp:term":[{"taxonomy":"category","embeddable":true,"href":"https:\/\/conadi.gob.gt\/web\/wp-json\/wp\/v2\/categories?post=9543"},{"taxonomy":"post_tag","embeddable":true,"href":"https:\/\/conadi.gob.gt\/web\/wp-json\/wp\/v2\/tags?post=9543"}],"curies":[{"name":"wp","href":"https:\/\/api.w.org\/{rel}","templated":true}]}}