{"id":9567,"date":"2021-10-08T13:25:59","date_gmt":"2021-10-08T13:25:59","guid":{"rendered":"http:\/\/conadi.gob.gt\/web\/?p=9567"},"modified":"2021-10-09T14:58:34","modified_gmt":"2021-10-09T14:58:34","slug":"culmina-diploma-virtual-seguridad-alimentaria-y-discapacidad","status":"publish","type":"post","link":"https:\/\/conadi.gob.gt\/web\/culmina-diploma-virtual-seguridad-alimentaria-y-discapacidad\/","title":{"rendered":"Culmina diplomado virtual de Seguridad Alimentaria y Discapacidad"},"content":{"rendered":"<div class=\"kvgmc6g5 cxmmr5t8 oygrvhab hcukyx3x c1et5uql ii04i59q\">\n<div dir=\"auto\">La clausura del diplomado virtual sobre \u00abSeguridad Alimentaria y Discapacidad\u00bb, proceso formativo donde participaron 34 personas, representantes de la Secretar\u00eda de Seguridad Alimentaria y Nutricional@SecretariaSESAN, Oficinas Municipales de la SESAN; as\u00ed como personal de las Oficinas Municipales de Discapacidad y Organizaciones de y para personas con discapacidad se llev\u00f3 a cabo en Zacapa.<\/div>\n<div dir=\"auto\"><\/div>\n<\/div>\n<div class=\"o9v6fnle cxmmr5t8 oygrvhab hcukyx3x c1et5uql ii04i59q\">\n<div dir=\"auto\">El diplomado se efectu\u00f3 en cumplimiento a los compromisos del convenio de cooperaci\u00f3n interinstitucional entre el CONADI y SESAN, con el objetivo de fortalecer las capacidades t\u00e9cnicas en el marco legal de la seguridad alimentaria y nutricional y en seguimiento a instrumentos sobre discapacidad con enfoque de derechos humanos, conceptualizaci\u00f3n y tipos de discapacidad, barreras y accesibilidad. El diplomado fue impartido en 12 sesiones.<\/div>\n<\/div>\n<div class=\"o9v6fnle cxmmr5t8 oygrvhab hcukyx3x c1et5uql ii04i59q\">\n<div dir=\"auto\">El acto protocolario cont\u00f3 con la participaci\u00f3n de Clarivel Castillo, presidenta del CONADI y Gerardo Meza, miembro de Junta Directiva del Consejo; por parte de la SESAN particip\u00f3 Juan Ceballos, delegado departamental; Mar\u00eda Eugenia de Le\u00f3n, Secretaria y Lizett Guzm\u00e1n, subsecretaria qui\u00e9nes brindaron su mensaje por la v\u00eda Zoom.<\/div>\n<\/div>\n<div dir=\"auto\"><\/div>\n<div dir=\"auto\">\n<div class=\"kvgmc6g5 cxmmr5t8 oygrvhab hcukyx3x c1et5uql ii04i59q\">\n<div dir=\"auto\">\u201cLas personas con discapacidad deben ser visibilizadas y beneficiadas con proyectos coordinados por las instituciones p\u00fablicas como la Secretar\u00eda de Seguridad Alimentaria y Nutricional\u201d, fue parte del mensaje de la presidenta del CONADI, Clarivel Castillo, durante su alocuci\u00f3n en la clausura del diplomado \u201cSeguridad Alimentaria y Discapacidad\u201d, que se desarroll\u00f3 de manera virtual por instituciones de Zacapa. Asimismo, Castillo exhort\u00f3 a los participantes del diplomado a continuar fortaleciendo sus conocimientos relacionados con las personas en condici\u00f3n de discapacidad.<\/div>\n<\/div>\n<div class=\"o9v6fnle cxmmr5t8 oygrvhab hcukyx3x c1et5uql ii04i59q\">\n<div dir=\"auto\">En tanto, Gerardo Meza, miembro de Junta Directiva, indic\u00f3 que es importante que las personas aprendan la lengua de se\u00f1as, porque es el medio de comunicaci\u00f3n reconocido oficialmente, para interactuar con las personas con discapacidad auditiva.<\/div>\n<\/div>\n<\/div>\n<div dir=\"auto\"><\/div>\n<div dir=\"auto\">\n<figure id=\"attachment_9568\" aria-describedby=\"caption-attachment-9568\" style=\"width: 300px\" class=\"wp-caption aligncenter\"><a href=\"https:\/\/conadi.gob.gt\/web\/wp-content\/uploads\/2021\/10\/Diplomado-colage.jpg\"><img loading=\"lazy\" decoding=\"async\" class=\"size-medium wp-image-9568\" src=\"https:\/\/conadi.gob.gt\/web\/wp-content\/uploads\/2021\/10\/Diplomado-colage-300x300.jpg\" alt=\"Culmina diplomado de Nutrici\u00f3n y Discapacidad\" width=\"300\" height=\"300\" srcset=\"https:\/\/conadi.gob.gt\/web\/wp-content\/uploads\/2021\/10\/Diplomado-colage-300x300.jpg 300w, https:\/\/conadi.gob.gt\/web\/wp-content\/uploads\/2021\/10\/Diplomado-colage-150x150.jpg 150w, https:\/\/conadi.gob.gt\/web\/wp-content\/uploads\/2021\/10\/Diplomado-colage.jpg 407w\" sizes=\"auto, (max-width: 300px) 100vw, 300px\" \/><\/a><figcaption id=\"caption-attachment-9568\" class=\"wp-caption-text\">Autoridades del CONADI participaron en clausura del diplomado Seguridad Alimentaria y Discapacidad<\/figcaption><\/figure>\n<\/div>\n<div dir=\"auto\">\n<div class=\"o9v6fnle cxmmr5t8 oygrvhab hcukyx3x c1et5uql ii04i59q\">\n<div dir=\"auto\"><\/div>\n<\/div>\n<\/div>\n","protected":false},"excerpt":{"rendered":"<p>La clausura del diplomado virtual sobre \u00abSeguridad Alimentaria y Discapacidad\u00bb, proceso formativo donde participaron 34 personas, representantes de la Secretar\u00eda de Seguridad Alimentaria y Nutricional@SecretariaSESAN, Oficinas Municipales de la SESAN; as\u00ed como personal de las Oficinas Municipales de Discapacidad y Organizaciones de y para personas con discapacidad se llev\u00f3 a cabo en Zacapa. El diplomado &hellip; <\/p>\n<p class=\"link-more\"><a href=\"https:\/\/conadi.gob.gt\/web\/culmina-diploma-virtual-seguridad-alimentaria-y-discapacidad\/\" class=\"more-link\">Leer m\u00e1s<span class=\"screen-reader-text\"> \u00abCulmina diplomado virtual de Seguridad Alimentaria y Discapacidad\u00bb<\/span><\/a><\/p>\n","protected":false},"author":12,"featured_media":9569,"comment_status":"open","ping_status":"closed","sticky":false,"template":"","format":"standard","meta":{"footnotes":""},"categories":[3],"tags":[],"class_list":["post-9567","post","type-post","status-publish","format-standard","has-post-thumbnail","hentry","category-noticias"],"_links":{"self":[{"href":"https:\/\/conadi.gob.gt\/web\/wp-json\/wp\/v2\/posts\/9567","targetHints":{"allow":["GET"]}}],"collection":[{"href":"https:\/\/conadi.gob.gt\/web\/wp-json\/wp\/v2\/posts"}],"about":[{"href":"https:\/\/conadi.gob.gt\/web\/wp-json\/wp\/v2\/types\/post"}],"author":[{"embeddable":true,"href":"https:\/\/conadi.gob.gt\/web\/wp-json\/wp\/v2\/users\/12"}],"replies":[{"embeddable":true,"href":"https:\/\/conadi.gob.gt\/web\/wp-json\/wp\/v2\/comments?post=9567"}],"version-history":[{"count":3,"href":"https:\/\/conadi.gob.gt\/web\/wp-json\/wp\/v2\/posts\/9567\/revisions"}],"predecessor-version":[{"id":9576,"href":"https:\/\/conadi.gob.gt\/web\/wp-json\/wp\/v2\/posts\/9567\/revisions\/9576"}],"wp:featuredmedia":[{"embeddable":true,"href":"https:\/\/conadi.gob.gt\/web\/wp-json\/wp\/v2\/media\/9569"}],"wp:attachment":[{"href":"https:\/\/conadi.gob.gt\/web\/wp-json\/wp\/v2\/media?parent=9567"}],"wp:term":[{"taxonomy":"category","embeddable":true,"href":"https:\/\/conadi.gob.gt\/web\/wp-json\/wp\/v2\/categories?post=9567"},{"taxonomy":"post_tag","embeddable":true,"href":"https:\/\/conadi.gob.gt\/web\/wp-json\/wp\/v2\/tags?post=9567"}],"curies":[{"name":"wp","href":"https:\/\/api.w.org\/{rel}","templated":true}]}}