{"id":9648,"date":"2021-10-19T21:31:26","date_gmt":"2021-10-19T21:31:26","guid":{"rendered":"http:\/\/conadi.gob.gt\/web\/?p=9648"},"modified":"2021-10-19T21:31:26","modified_gmt":"2021-10-19T21:31:26","slug":"iii-encuentro-nacional-de-lideres-indigenas-con-discapacidad","status":"publish","type":"post","link":"https:\/\/conadi.gob.gt\/web\/iii-encuentro-nacional-de-lideres-indigenas-con-discapacidad\/","title":{"rendered":"III ENCUENTRO NACIONAL DE L\u00cdDERES IND\u00cdGENAS CON DISCAPACIDAD"},"content":{"rendered":"<p><strong>III ENCUENTRO NACIONAL DE L\u00cdDERES IND\u00cdGENAS CON DISCAPACIDAD<\/strong><\/p>\n<p>An\u00e1lisis para la formaci\u00f3n de lideresas ind\u00edgenas con discapacidad<\/p>\n<p>El Consejo Nacional para la Atenci\u00f3n de las Personas con Discapacidad (CONADI), llev\u00f3 a cabo \u201cIII Encuentro de L\u00edderes Ind\u00edgenas con Discapacidad\u201d, realizado en Panajachel Solol\u00e1, con un enfoque espec\u00edfico hacia las mujeres, con el objetivo de promover actividades de formaci\u00f3n, capacitaci\u00f3n y reflexi\u00f3n, sustentados en principios de interculturalidad, de g\u00e9nero y de derechos humanos, as\u00ed mismo, fomentar la organizaci\u00f3n y liderazgo de mujeres ind\u00edgenas con discapacidad a nivel local y nacional.<\/p>\n<p>En este encuentro participan mujeres mayas, gar\u00edfunas y xincas con discapacidad, de los 22 departamentos de Guatemala.<\/p>\n<p><span style=\"color: #0000ff;\"><strong>PRIMER D\u00cdA <\/strong><\/span><\/p>\n<p>Inician las actividades con la invocaci\u00f3n desde la cosmovisi\u00f3n maya, para este acto se encendieron velas por los cuatro puntos cardinales pidiendo las energ\u00edas c\u00f3smicas, como parte de la cultura propia de los pueblos originarios pidiendo permiso al universo y a la vida para que el evento tenga \u00e9xito, actividad que estuvo a cargo de Mary P\u00e9rez, promotora de Suchitep\u00e9quez, quien representa al pueblo maya K\u00b4iche.<\/p>\n<p>Luego se llev\u00f3 a cabo, el acto protocolario donde participaron Clarivel Castillo, presidenta del CONADI; Alejandro Mar\u00edn, director general del Consejo; C\u00e9sar Piedrasanta, alcalde municipal de Panajachel, Claudia Pac, de la Comisi\u00f3n Presidencial Contra la Discriminaci\u00f3n y el Racismo Contra los Pueblos Ind\u00edgenas en Guatemala (CODISRA)\u00a0 y Lilian Karina Xinico Xiquit\u00e1, Defensora de la Defensor\u00eda de la Mujer Ind\u00edgena de Guatemala (DEMI).<\/p>\n<p>Castillo, destac\u00f3 que este encuentro ser\u00e1 un espacio generador de an\u00e1lisis sobre las condiciones y niveles de participaci\u00f3n de las mujeres ind\u00edgenas con discapacidad, donde se intercambiar\u00e1n buenas pr\u00e1cticas y experiencias para promover procesos de formaci\u00f3n de las mujeres l\u00edderes, de manera que generen\u00a0 acciones de incidencia para alcanzar su participaci\u00f3n en organizaciones y espacios de toma de decisi\u00f3n\u00a0 donde se den a conocer las demandas y necesidades de las mujeres con discapacidad.<\/p>\n<p>Se trabajaron diferentes actividades grupales, donde se desarrollaron las ponencias:<\/p>\n<ul>\n<li>Derechos y participaci\u00f3n de las mujeres en las comunidades a cargo de Rosa Garc\u00eda de la Defensor\u00eda de la Mujer Ind\u00edgena de Guatemala (DEMI).<\/li>\n<li>Ejercicio de liderazgo desde sus comunidades por Claudia Pac de la Comisi\u00f3n Presidencial Contra la Discriminaci\u00f3n y el Racismo Contra los Pueblos Ind\u00edgenas en Guatemala (CODISRA).<\/li>\n<li>Organizaciones comunitarias que integran e involucran a las mujeres a cargo Antonia Guant\u00e1 de la Defensor\u00eda de la Mujer Ind\u00edgena,<\/li>\n<\/ul>\n<p>Adem\u00e1s, las participantes tuvieron la oportunidad del intercambio de experiencias que han tenido dentro de sus comunidades, lo cual enriqueci\u00f3 las pr\u00e1cticas para ser tomadas en cuenta para el desarrollo en pro de las mujeres ind\u00edgenas con discapacidad.<\/p>\n<p>Al cierre de la tarde, las participantes realizaron actividades art\u00edsticas y motivacionales donde participaron las lideresas, con el fin de analizar las vivencias y propuestas para fomentar el liderazgo en la organizaci\u00f3n desde sus comunidades.<\/p>\n<p>Por medio de la t\u00e9cnica de collage pudieron expresar sus experiencias a trav\u00e9s de la pintura y el dibujo, donde plasmaron las situaciones dif\u00edciles que han enfrentado a lo largo de su vida, como discriminaci\u00f3n, violencia, segregaci\u00f3n social entre otros, ya que el arte, es importante para el desarrollo motriz y emocional para las personas con discapacidad. La actividad estuvo a cargo del Ministerio de Cultura y Deportes a trav\u00e9s de la alianza con Fundaci\u00f3n Artes Muy Especiales, asociaci\u00f3n adscrita al CONADI.<\/p>\n<p>Posteriormente, se llev\u00f3 a cabo una charla motivacional titulada \u201cAutoestima y Discapacidad\u201d, que con ejercicios psicol\u00f3gicos la conferencista Holy Mendoza, representante de ADISA, les brind\u00f3 las herramientas que les permitir\u00e1 aumentar el autoestima y afrontar su situaci\u00f3n de vida.<\/p>\n<p><span style=\"color: #0000ff;\"><strong>SEGUNDO D\u00cdA<\/strong><\/span><\/p>\n<p>Clarivel Castillo, presidenta del CONADI y las lideresas representantes de los departamentos de Izabal, Solol\u00e1, Chimaltenango, Alta Verapaz y Baja Verapaz\u00a0 realizaron la invocaci\u00f3n al nahual 13 Ajpu (D\u00eda de los m\u00fasicos, artesanos y danzantes) pidiendo a las energ\u00edas c\u00f3smicas\u00a0 que las actividades programadas el d\u00eda de hoy, sean enriquecedoras para el fortalecimiento de nuevos aprendizajes para el beneficio de sus comunidades.<\/p>\n<p>Alba Car, lideresa de Chimaltenango interpret\u00f3 la canci\u00f3n \u201cEscuintla\u201d como parte de las actividades art\u00edsticas en dicho encuentro.<\/p>\n<p>Adem\u00e1s, organizadores del encuentro realizaron una rese\u00f1a de los temas desarrollados el d\u00eda de ayer, sobre la importancia de la participaci\u00f3n de las mujeres ind\u00edgenas con discapacidad en sus comunidades; la identificaci\u00f3n de los principales retos, dificultades y barreras que enfrentas las mujeres ind\u00edgenas con discapacidad.<\/p>\n<p>Para finalizar el encuentro se llev\u00f3 a cabo el conversatorio \u201cSituaci\u00f3n de las mujeres ind\u00edgenas con discapacidad desde una visi\u00f3n internacional; buenas pr\u00e1cticas de otros pa\u00edses, finaliza las actividades del \u201cIII ENCUENTRO NACIONAL DE L\u00cdDERES IND\u00cdGENAS CON DISCAPACIDAD\u201d,\u00a0 an\u00e1lisis para la formaci\u00f3n de lideresas ind\u00edgenas con discapacidad.<\/p>\n<p>Este conversatorio cont\u00f3 con la participaci\u00f3n de Jos\u00e9 Francisco Cal\u00ed Tzay, Relator Especial de las Naciones Unidas sobre los Derechos de los Pueblos Ind\u00edgenas, Teresa Zapeta, Foro Internacional de Mujeres Ind\u00edgenas (FIMI) y Claudia Puac, Coordinadora departamental de la Comisi\u00f3n Presidencial contra el Racismo y la Discriminaci\u00f3n \u2013CODISRA- de Quetzaltenango.<\/p>\n<p>Derivado del Encuentro Nacional, se espera generar un diagn\u00f3stico socio-organizativo situacional de las mujeres ind\u00edgenas con discapacidad en Guatemala, para promover procesos de formaci\u00f3n y liderazgo.<\/p>\n<p>&nbsp;<\/p>\n<p><a href=\"https:\/\/conadi.gob.gt\/web\/wp-content\/uploads\/2021\/10\/collage-encuentro.jpg\"><img loading=\"lazy\" decoding=\"async\" class=\"alignnone size-medium wp-image-9649\" src=\"https:\/\/conadi.gob.gt\/web\/wp-content\/uploads\/2021\/10\/collage-encuentro-300x300.jpg\" alt=\"\" width=\"300\" height=\"300\" srcset=\"https:\/\/conadi.gob.gt\/web\/wp-content\/uploads\/2021\/10\/collage-encuentro-300x300.jpg 300w, https:\/\/conadi.gob.gt\/web\/wp-content\/uploads\/2021\/10\/collage-encuentro-150x150.jpg 150w, https:\/\/conadi.gob.gt\/web\/wp-content\/uploads\/2021\/10\/collage-encuentro.jpg 400w\" sizes=\"auto, (max-width: 300px) 100vw, 300px\" \/><\/a><\/p>\n","protected":false},"excerpt":{"rendered":"<p>III ENCUENTRO NACIONAL DE L\u00cdDERES IND\u00cdGENAS CON DISCAPACIDAD An\u00e1lisis para la formaci\u00f3n de lideresas ind\u00edgenas con discapacidad El Consejo Nacional para la Atenci\u00f3n de las Personas con Discapacidad (CONADI), llev\u00f3 a cabo \u201cIII Encuentro de L\u00edderes Ind\u00edgenas con Discapacidad\u201d, realizado en Panajachel Solol\u00e1, con un enfoque espec\u00edfico hacia las mujeres, con el objetivo de promover &hellip; <\/p>\n<p class=\"link-more\"><a href=\"https:\/\/conadi.gob.gt\/web\/iii-encuentro-nacional-de-lideres-indigenas-con-discapacidad\/\" class=\"more-link\">Leer m\u00e1s<span class=\"screen-reader-text\"> \u00abIII ENCUENTRO NACIONAL DE L\u00cdDERES IND\u00cdGENAS CON DISCAPACIDAD\u00bb<\/span><\/a><\/p>\n","protected":false},"author":12,"featured_media":9649,"comment_status":"open","ping_status":"closed","sticky":false,"template":"","format":"standard","meta":{"footnotes":""},"categories":[3],"tags":[],"class_list":["post-9648","post","type-post","status-publish","format-standard","has-post-thumbnail","hentry","category-noticias"],"_links":{"self":[{"href":"https:\/\/conadi.gob.gt\/web\/wp-json\/wp\/v2\/posts\/9648","targetHints":{"allow":["GET"]}}],"collection":[{"href":"https:\/\/conadi.gob.gt\/web\/wp-json\/wp\/v2\/posts"}],"about":[{"href":"https:\/\/conadi.gob.gt\/web\/wp-json\/wp\/v2\/types\/post"}],"author":[{"embeddable":true,"href":"https:\/\/conadi.gob.gt\/web\/wp-json\/wp\/v2\/users\/12"}],"replies":[{"embeddable":true,"href":"https:\/\/conadi.gob.gt\/web\/wp-json\/wp\/v2\/comments?post=9648"}],"version-history":[{"count":1,"href":"https:\/\/conadi.gob.gt\/web\/wp-json\/wp\/v2\/posts\/9648\/revisions"}],"predecessor-version":[{"id":9650,"href":"https:\/\/conadi.gob.gt\/web\/wp-json\/wp\/v2\/posts\/9648\/revisions\/9650"}],"wp:featuredmedia":[{"embeddable":true,"href":"https:\/\/conadi.gob.gt\/web\/wp-json\/wp\/v2\/media\/9649"}],"wp:attachment":[{"href":"https:\/\/conadi.gob.gt\/web\/wp-json\/wp\/v2\/media?parent=9648"}],"wp:term":[{"taxonomy":"category","embeddable":true,"href":"https:\/\/conadi.gob.gt\/web\/wp-json\/wp\/v2\/categories?post=9648"},{"taxonomy":"post_tag","embeddable":true,"href":"https:\/\/conadi.gob.gt\/web\/wp-json\/wp\/v2\/tags?post=9648"}],"curies":[{"name":"wp","href":"https:\/\/api.w.org\/{rel}","templated":true}]}}