{"id":9694,"date":"2021-10-26T20:15:04","date_gmt":"2021-10-26T20:15:04","guid":{"rendered":"http:\/\/conadi.gob.gt\/web\/?p=9694"},"modified":"2021-10-26T20:15:04","modified_gmt":"2021-10-26T20:15:04","slug":"realizan-primera-entrega-de-equipo-y-mobiliario-al-centro-de-atencion-para-personas-con-discapacidad-en-san-jeronimo","status":"publish","type":"post","link":"https:\/\/conadi.gob.gt\/web\/realizan-primera-entrega-de-equipo-y-mobiliario-al-centro-de-atencion-para-personas-con-discapacidad-en-san-jeronimo\/","title":{"rendered":"REALIZAN PRIMERA ENTREGA DE EQUIPO Y MOBILIARIO AL CENTRO DE ATENCI\u00d3N PARA PERSONAS CON DISCAPACIDAD EN SAN JER\u00d3NIMO"},"content":{"rendered":"<p>Durante la cuarta gira presidencial de <strong>Alejandro Giammattei<\/strong>, se realiz\u00f3 la primera entrega del equipo para el funcionamiento del Centro de Atenci\u00f3n Integral para las Personas con Discapacidad (CAIPD) de San Jer\u00f3nimo, Baja Verapaz, el equipo fue entregado al jefe edil, Gilberto L\u00f3pez y presidenta del CONADI, Clarivel Castillo.<\/p>\n<p>Lo entregado consisti\u00f3 en equipo de c\u00f3mputo, impresoras, ca\u00f1oneras, sillas secretariales, bocinas para capacitaciones, caminadoras, material para desarrollar motricidad fina y gruesa, piscinas de pelotas, alfombras de foamy, material did\u00e1ctico, entre otros.<\/p>\n<p>El CONADI tuvo a bien brindar el asesoramiento sobre el proceso y an\u00e1lisis de selecci\u00f3n del equipamiento para el centro, el cual beneficiar\u00e1 alrededor de 30 mil 975 personas que viven en condici\u00f3n de discapacidad en Baja Verapaz y personas que viven en los departamentos aleda\u00f1os.<\/p>\n<p>El Centro de Atenci\u00f3n Integral para las Personas con Discapacidad tiene como objetivo brindar una atenci\u00f3n en: fisioterapia, hidroterapia, psicolog\u00eda, terapia del lenguaje, educaci\u00f3n especial entre otras.<\/p>\n<p>En su discurso, el se\u00f1or presidente Alejandro Giammattei, resalt\u00f3 que este centro es el primero en su g\u00e9nero en toda Guatemala y se convertir\u00e1 en modelo para implementar en otros departamentos.<\/p>\n<p>En tanto, Clarivel Castillo, presidente CONADI hizo el llamado a todas las instituciones a que se sumen a este proyecto en beneficio de las personas con discapacidad para que el pr\u00f3ximo a\u00f1o se pueda iniciar con la atenci\u00f3n a las personas que requieran de los servicios.<\/p>\n<p>Con la apertura de este centro se fortalecer\u00e1 independencia, capacidad f\u00edsica, mental, social y vocacional y la inclusi\u00f3n y participaci\u00f3n plena en todos los aspectos de la vida de las personas con discapacidad, como lo demanda el art\u00edculo 26 de la Convenci\u00f3n Sobre los Derechos Humanos.<\/p>\n<p>Cabe resaltar que el CAIPD fue inaugurado el 21 de enero del presente a\u00f1o, por el presidente de la Rep\u00fablica de Guatemala,\u00a0Alejandro Giammattei; presidenta del CONADI, Clarivel Castillo y otros funcionarios de gobierno.<\/p>\n<p><a href=\"https:\/\/conadi.gob.gt\/web\/wp-content\/uploads\/2021\/10\/collage-equipo.jpg\"><img loading=\"lazy\" decoding=\"async\" class=\"alignnone size-medium wp-image-9695\" src=\"https:\/\/conadi.gob.gt\/web\/wp-content\/uploads\/2021\/10\/collage-equipo-300x300.jpg\" alt=\"\" width=\"300\" height=\"300\" srcset=\"https:\/\/conadi.gob.gt\/web\/wp-content\/uploads\/2021\/10\/collage-equipo-300x300.jpg 300w, https:\/\/conadi.gob.gt\/web\/wp-content\/uploads\/2021\/10\/collage-equipo-150x150.jpg 150w, https:\/\/conadi.gob.gt\/web\/wp-content\/uploads\/2021\/10\/collage-equipo.jpg 400w\" sizes=\"auto, (max-width: 300px) 100vw, 300px\" \/><\/a><\/p>\n","protected":false},"excerpt":{"rendered":"<p>Durante la cuarta gira presidencial de Alejandro Giammattei, se realiz\u00f3 la primera entrega del equipo para el funcionamiento del Centro de Atenci\u00f3n Integral para las Personas con Discapacidad (CAIPD) de San Jer\u00f3nimo, Baja Verapaz, el equipo fue entregado al jefe edil, Gilberto L\u00f3pez y presidenta del CONADI, Clarivel Castillo. Lo entregado consisti\u00f3 en equipo de &hellip; <\/p>\n<p class=\"link-more\"><a href=\"https:\/\/conadi.gob.gt\/web\/realizan-primera-entrega-de-equipo-y-mobiliario-al-centro-de-atencion-para-personas-con-discapacidad-en-san-jeronimo\/\" class=\"more-link\">Leer m\u00e1s<span class=\"screen-reader-text\"> \u00abREALIZAN PRIMERA ENTREGA DE EQUIPO Y MOBILIARIO AL CENTRO DE ATENCI\u00d3N PARA PERSONAS CON DISCAPACIDAD EN SAN JER\u00d3NIMO\u00bb<\/span><\/a><\/p>\n","protected":false},"author":12,"featured_media":9695,"comment_status":"open","ping_status":"closed","sticky":false,"template":"","format":"standard","meta":{"footnotes":""},"categories":[3],"tags":[],"class_list":["post-9694","post","type-post","status-publish","format-standard","has-post-thumbnail","hentry","category-noticias"],"_links":{"self":[{"href":"https:\/\/conadi.gob.gt\/web\/wp-json\/wp\/v2\/posts\/9694","targetHints":{"allow":["GET"]}}],"collection":[{"href":"https:\/\/conadi.gob.gt\/web\/wp-json\/wp\/v2\/posts"}],"about":[{"href":"https:\/\/conadi.gob.gt\/web\/wp-json\/wp\/v2\/types\/post"}],"author":[{"embeddable":true,"href":"https:\/\/conadi.gob.gt\/web\/wp-json\/wp\/v2\/users\/12"}],"replies":[{"embeddable":true,"href":"https:\/\/conadi.gob.gt\/web\/wp-json\/wp\/v2\/comments?post=9694"}],"version-history":[{"count":1,"href":"https:\/\/conadi.gob.gt\/web\/wp-json\/wp\/v2\/posts\/9694\/revisions"}],"predecessor-version":[{"id":9696,"href":"https:\/\/conadi.gob.gt\/web\/wp-json\/wp\/v2\/posts\/9694\/revisions\/9696"}],"wp:featuredmedia":[{"embeddable":true,"href":"https:\/\/conadi.gob.gt\/web\/wp-json\/wp\/v2\/media\/9695"}],"wp:attachment":[{"href":"https:\/\/conadi.gob.gt\/web\/wp-json\/wp\/v2\/media?parent=9694"}],"wp:term":[{"taxonomy":"category","embeddable":true,"href":"https:\/\/conadi.gob.gt\/web\/wp-json\/wp\/v2\/categories?post=9694"},{"taxonomy":"post_tag","embeddable":true,"href":"https:\/\/conadi.gob.gt\/web\/wp-json\/wp\/v2\/tags?post=9694"}],"curies":[{"name":"wp","href":"https:\/\/api.w.org\/{rel}","templated":true}]}}