{"id":9739,"date":"2021-11-04T16:25:16","date_gmt":"2021-11-04T16:25:16","guid":{"rendered":"https:\/\/conadi.gob.gt\/web\/?p=9739"},"modified":"2021-11-05T19:05:54","modified_gmt":"2021-11-05T19:05:54","slug":"conadi-realiza-cumbre-de-la-ninez-con-discapacidad","status":"publish","type":"post","link":"https:\/\/conadi.gob.gt\/web\/conadi-realiza-cumbre-de-la-ninez-con-discapacidad\/","title":{"rendered":"CONADI realiza Cumbre de la Ni\u00f1ez con Discapacidad"},"content":{"rendered":"\n<p><\/p>\n\n\n\n<p>La Cumbre de la Ni\u00f1ez con Discapacidad, fue realizada por el Consejo Nacional para la Atenci\u00f3n de las Personas con Discapacidad (CONADI) en coordinaci\u00f3n con el Ministerio de Cultura y Deportes y el Ministerio de la Defensa. En la actividad participaron ni\u00f1os y ni\u00f1as con discapacidad, padres y madres de familia con discapacidad, donde se conocieron las pr\u00e1cticas de equinoterapia, se desarroll\u00f3 una charla sobre derechos humanos, actividades musicales y recreativas.<\/p>\n\n\n\n<p>En las demostraciones de equinoterapia a cargo de la Escuela Militar de Equitaci\u00f3n, participaron los ni\u00f1os y ni\u00f1as con discapacidad que asistieron a la Cumbre de la Ni\u00f1ez del CONADI. Adem\u00e1s, representantes de la Comisi\u00f3n Presidencial por la Paz y Derechos Humano (COPADEH), impartieron una charla de derechos humanos. La actividad fue amenizada por el Combo Musical de la Polic\u00eda Nacional Civil.<\/p>\n\n\n\n<div class=\"wp-block-image\"><figure class=\"aligncenter size-full\"><a href=\"https:\/\/conadi.gob.gt\/web\/wp-content\/uploads\/2021\/11\/Equinoterapia.jpg\"><img loading=\"lazy\" decoding=\"async\" width=\"402\" height=\"402\" src=\"https:\/\/conadi.gob.gt\/web\/wp-content\/uploads\/2021\/11\/Equinoterapia.jpg\" alt=\"\" class=\"wp-image-9743\" srcset=\"https:\/\/conadi.gob.gt\/web\/wp-content\/uploads\/2021\/11\/Equinoterapia.jpg 402w, https:\/\/conadi.gob.gt\/web\/wp-content\/uploads\/2021\/11\/Equinoterapia-300x300.jpg 300w, https:\/\/conadi.gob.gt\/web\/wp-content\/uploads\/2021\/11\/Equinoterapia-150x150.jpg 150w\" sizes=\"auto, (max-width: 402px) 100vw, 402px\" \/><\/a><figcaption>Cumbre de la Ni\u00f1ez con Discapacidad<\/figcaption><\/figure><\/div>\n","protected":false},"excerpt":{"rendered":"<p>La Cumbre de la Ni\u00f1ez con Discapacidad, fue realizada por el Consejo Nacional para la Atenci\u00f3n de las Personas con Discapacidad (CONADI) en coordinaci\u00f3n con el Ministerio de Cultura y Deportes y el Ministerio de la Defensa. En la actividad participaron ni\u00f1os y ni\u00f1as con discapacidad, padres y madres de familia con discapacidad, donde se &hellip; <\/p>\n<p class=\"link-more\"><a href=\"https:\/\/conadi.gob.gt\/web\/conadi-realiza-cumbre-de-la-ninez-con-discapacidad\/\" class=\"more-link\">Leer m\u00e1s<span class=\"screen-reader-text\"> \u00abCONADI realiza Cumbre de la Ni\u00f1ez con Discapacidad\u00bb<\/span><\/a><\/p>\n","protected":false},"author":12,"featured_media":9747,"comment_status":"open","ping_status":"closed","sticky":false,"template":"","format":"standard","meta":{"footnotes":""},"categories":[3],"tags":[],"class_list":["post-9739","post","type-post","status-publish","format-standard","has-post-thumbnail","hentry","category-noticias"],"_links":{"self":[{"href":"https:\/\/conadi.gob.gt\/web\/wp-json\/wp\/v2\/posts\/9739","targetHints":{"allow":["GET"]}}],"collection":[{"href":"https:\/\/conadi.gob.gt\/web\/wp-json\/wp\/v2\/posts"}],"about":[{"href":"https:\/\/conadi.gob.gt\/web\/wp-json\/wp\/v2\/types\/post"}],"author":[{"embeddable":true,"href":"https:\/\/conadi.gob.gt\/web\/wp-json\/wp\/v2\/users\/12"}],"replies":[{"embeddable":true,"href":"https:\/\/conadi.gob.gt\/web\/wp-json\/wp\/v2\/comments?post=9739"}],"version-history":[{"count":6,"href":"https:\/\/conadi.gob.gt\/web\/wp-json\/wp\/v2\/posts\/9739\/revisions"}],"predecessor-version":[{"id":9774,"href":"https:\/\/conadi.gob.gt\/web\/wp-json\/wp\/v2\/posts\/9739\/revisions\/9774"}],"wp:featuredmedia":[{"embeddable":true,"href":"https:\/\/conadi.gob.gt\/web\/wp-json\/wp\/v2\/media\/9747"}],"wp:attachment":[{"href":"https:\/\/conadi.gob.gt\/web\/wp-json\/wp\/v2\/media?parent=9739"}],"wp:term":[{"taxonomy":"category","embeddable":true,"href":"https:\/\/conadi.gob.gt\/web\/wp-json\/wp\/v2\/categories?post=9739"},{"taxonomy":"post_tag","embeddable":true,"href":"https:\/\/conadi.gob.gt\/web\/wp-json\/wp\/v2\/tags?post=9739"}],"curies":[{"name":"wp","href":"https:\/\/api.w.org\/{rel}","templated":true}]}}