{"id":9878,"date":"2021-12-08T21:45:09","date_gmt":"2021-12-08T21:45:09","guid":{"rendered":"https:\/\/conadi.gob.gt\/web\/?p=9878"},"modified":"2021-12-15T19:56:59","modified_gmt":"2021-12-15T19:56:59","slug":"el-conadi-realiza-actividades-alusivas-al-dia-internacional-de-las-personas-con-discapacidad","status":"publish","type":"post","link":"https:\/\/conadi.gob.gt\/web\/el-conadi-realiza-actividades-alusivas-al-dia-internacional-de-las-personas-con-discapacidad\/","title":{"rendered":"EL CONADI REALIZA ACTIVIDADES ALUSIVAS AL D\u00cdA INTERNACIONAL DE LAS PERSONAS CON DISCAPACIDAD"},"content":{"rendered":"\n<figure class=\"wp-block-image size-large\"><a href=\"https:\/\/conadi.gob.gt\/web\/wp-content\/uploads\/2021\/12\/222.jpg\"><img loading=\"lazy\" decoding=\"async\" width=\"1024\" height=\"1024\" src=\"https:\/\/conadi.gob.gt\/web\/wp-content\/uploads\/2021\/12\/222-1024x1024.jpg\" alt=\"\" class=\"wp-image-9879\" srcset=\"https:\/\/conadi.gob.gt\/web\/wp-content\/uploads\/2021\/12\/222-1024x1024.jpg 1024w, https:\/\/conadi.gob.gt\/web\/wp-content\/uploads\/2021\/12\/222-300x300.jpg 300w, https:\/\/conadi.gob.gt\/web\/wp-content\/uploads\/2021\/12\/222-150x150.jpg 150w, https:\/\/conadi.gob.gt\/web\/wp-content\/uploads\/2021\/12\/222-768x768.jpg 768w, https:\/\/conadi.gob.gt\/web\/wp-content\/uploads\/2021\/12\/222.jpg 1200w\" sizes=\"auto, (max-width: 1024px) 100vw, 1024px\" \/><\/a><\/figure>\n\n\n\n<p>Para continuar promoviendo el cumplimiento de los derechos de las personas con discapacidad el Consejo Nacional para la Atenci\u00f3n de las Personas con Discapacidad (CONADI), realiz\u00f3 una semana con varias actividades en el marco del 3 de diciembre \u201cD\u00eda Internacional de las Personas con Discapacidad\u201d,&nbsp;&nbsp;En este contexto, se promovi\u00f3 la consigna fue:&nbsp;<strong>\u201c<\/strong><strong>La Nueva Normalidad, es una oportunidad, para reactivar nuestros Derechos\u201d.&nbsp;<\/strong>Las actividades se realizaron del 29 de noviembre al 9 de diciembre.<\/p>\n\n\n\n<p><strong>Conferencia de prensa conferencia de prensa presentaci\u00f3n del programa en el marco del D\u00eda Nacional de las Personas con Discapacidad<\/strong><\/p>\n\n\n\n<p>El CONADI, da inici\u00f3 con una conferencia de prensa donde dio a conocer las actividades programadas en el d\u00eda marco, destacando entre estas el nombramiento del ciudadano distinguido, el reconocimiento Mensajero de la Paz 2021, aperturas de Oficinas Municipales de Discapacidad, conversatorios, foros y&nbsp;&nbsp;la carrera \u00abA Paso de Campeones\u00bb.&nbsp;&nbsp;Asimismo, se lanz\u00f3 la campa\u00f1a \u00abLa Nueva Normalidad, es una Oportunidad de Reactivar nuestros derechos\u00bb, consigna que tiene el prop\u00f3sito de promover e incidir en el cumplimiento de derechos de este importante sector, que en Guatemala asciende a 1 mill\u00f3n 600 mil habitantes.&nbsp;<\/p>\n\n\n\n<p>En la actividad participaron Clarivel Castillo, presidenta del CONADI; Arleni Soto, coordinadora de la Comisi\u00f3n de Conmemoraciones; Noe Hinestroza, coordinador de la Comisi\u00f3n de Comunicaci\u00f3n y Alejandro Mar\u00edn, director general de la instituci\u00f3n.<\/p>\n\n\n\n<p><strong>Socializaci\u00f3n del Protocolo de Atenci\u00f3n Integral para la investigaci\u00f3n en casos de Personas con Discapacidad v\u00edctimas del delito<\/strong><\/p>\n\n\n\n<p>La Socializaci\u00f3n del Protocolo de Atenci\u00f3n Integral y lineamientos generales para la investigaci\u00f3n en casos de Personas con Discapacidad v\u00edctimas del delito, fue presentado por el Ministerio P\u00fablico en coordinaci\u00f3n con el CONADI.&nbsp;&nbsp;<\/p>\n\n\n\n<p>\u201c229 personas con discapacidad privadas de libertad se han identificado en los diferentes centros carcelarios del sistema penitenciario\u201d. Este dato fue dado a conocer en la presentaci\u00f3n de la evaluaci\u00f3n de los principios de accesibilidad para personas privadas de libertad con discapacidad en Centros de Detenci\u00f3n Preventiva del departamento de Guatemala, socializados por Rudy L\u00f3pez de coordinaci\u00f3n de Grupos Vulnerables de la Subdirecci\u00f3n de Rehabilitaci\u00f3n Social del Sistema Penitenciario.<\/p>\n\n\n\n<p>El protocolo fue socializado por Julissa Baldetti del departamento de Coordinaci\u00f3n de Atenci\u00f3n a la V\u00edctima de la Secretar\u00eda de Pol\u00edtica Criminal del Ministerio P\u00fablico.<\/p>\n\n\n\n<p>Por el CONADI particip\u00f3 el director general Alejandro Mar\u00edn y el jefe de Justicia y Seguridad Ciudadana, Pedro Toledo.<\/p>\n\n\n\n<p><strong>Reconocimiento como \u00abCiudadana Distinguida\u00bb<\/strong><\/p>\n\n\n\n<p>La profesora Mar\u00eda Elena Molina Flores&nbsp;&nbsp;como \u00abCiudadana Distinguida\u00bb,&nbsp;&nbsp;acto c\u00edvico de gran importancia que se realiza a\u00f1o con a\u00f1o, Molina Flores fue reconocida p\u00fablicamente, izando el pabell\u00f3n nacional y recibi\u00f3 un diploma por su ardua labor a favor del colectivo.<\/p>\n\n\n\n<p>Molina Flores ha sido miembro de Junta Directiva de la Fraternidad Cristiana de Personas Enfermas y Discapacidad, particip\u00f3 en la elaboraci\u00f3n de la boleta y Manual de Procedimientos para la ENDIS 2004; ha sido miembro de la Comisi\u00f3n de la Mujer con Discapacidad COMUJERDIS y fue delegada del Subsector de Personas con Discapacidad F\u00edsica del CONADI 2003-2005. Tambi\u00e9n, se ha destacado por promover los derechos de las personas con discapacidad.<\/p>\n\n\n\n<p>La actividad fue organizada por el programa C\u00edvico Permanente del Banco Industrial y el Consejo Nacional para la Atenci\u00f3n de las Personas con Discapacidad (CONADI).<\/p>\n\n\n\n<p><strong>Conversatorio \u201cResiliencia y discapacidad, rumbo al crecimiento personal\u201d<\/strong><\/p>\n\n\n\n<p>Promover los derechos y el bienestar de las personas con discapacidad en todos los \u00e1mbitos de la sociedad y el desarrollo, as\u00ed como concientizar sobre su situaci\u00f3n en todos los aspectos de la vida pol\u00edtica, educativa, social, econ\u00f3mica y cultural; es el objetivo del conversatorio \u201cResiliencia y Discapacidad, Rumbo al Crecimiento Personal\u201d, el cual se desarrolla en el marco del d\u00eda Internacional de las Personas con Discapacidad.<\/p>\n\n\n\n<p>En la actividad se cont\u00f3 con las ponencias de Fernando Porras de la Escuela de Ciencias Psicol\u00f3gicas de la Universidad de San Carlos de Guatemala con el tema Resiliencia y discapacidad rumbo al crecimiento personal&nbsp;&nbsp;y de Luis Suarez Decano de la Facultad de Ciencias Econ\u00f3micas tambi\u00e9n de la Universidad de San Carlos de Guatemala, quien expuso sobre promover la inclusi\u00f3n en la educaci\u00f3n superior y que debemos ser emp\u00e1ticos ya que siendo la&nbsp;&nbsp;\u00fanica universidad p\u00fablica del pa\u00eds todos debemos sentirnos parte de ella, por eso debe ser inclusiva y destaco que se est\u00e1 trabajando en temas de inclusi\u00f3n dentro de la universidad. Adem\u00e1s, se cont\u00f3 con testimonios de padres de familia de ni\u00f1os con sordoceguera.<\/p>\n\n\n\n<p>La actividad fue coordinada por la Unidad de Lengua de Se\u00f1as del CONADI.<\/p>\n\n\n\n<p><strong>Cierre del diplomado \u201cAbordaje integral de la discapacidad desde la perspectiva de la salud con enfoque de Derechos Humanos\u201d<\/strong><\/p>\n\n\n\n<p>Fortalecer a las personas con discapacidad, sus organizaciones y al personal de salud de primer nivel, para la atenci\u00f3n de personas con discapacidad; fue el objetivo del diplomado \u201cAbordaje integral de la discapacidad desde la perspectiva de la salud con enfoque de Derechos Humanos\u201d, que fue impartido en cinco m\u00f3dulos desarrollando los temas: Marco Normativo de Discapacidad, Discapacidad sensorial, Discapacidad f\u00edsica, Discapacidad cognitiva y&nbsp;&nbsp;finaliz\u00f3 con disertaciones relacionadas con la Salud sexual y reproductiva para mujeres con discapacidad.<\/p>\n\n\n\n<p>En el diplomado participaron 250 personas a nivel nacional y personas de otros pa\u00edses a trav\u00e9s de Facebook Live del CONADI.<\/p>\n\n\n\n<p><strong>Cambio de la Rosa<\/strong><\/p>\n\n\n\n<p>El acto de cambio de la Rosa de la Paz se realiz\u00f3 en el marco del D\u00eda Internacional de las Personas con Discapacidad, en el&nbsp; Patio de la Paz, Palacio Nacional de la Cultura. Para este a\u00f1o fue&nbsp;el&nbsp;Ing. Pedro Luis Avenda\u00f1o, destacado guatemalteco con discapacidad f\u00edsica, quien ha sido nombrado como Mensajero de la Paz 2021 2022.<\/p>\n\n\n\n<p>Avenda\u00f1o ha sido reconocido por su labor en el departamento de Chimaltenango, principalmente en el municipio de San Andr\u00e9s Itzapa, es defensor de los derechos de las personas con discapacidad; promotor del deporte inclusivo con derecho a la participaci\u00f3n de las personas con discapacidad en igualdad de condiciones.<\/p>\n\n\n\n<p><strong>Carrera \u201cA pasos de Campeones<\/strong><\/p>\n\n\n\n<p>Con el objetivo de promover el derecho del deporte y la recreaci\u00f3n de acuerdo a la Convenci\u00f3n Sobre los Derechos de las Personas con Discapacidad,&nbsp;&nbsp;se realiz\u00f3 la \u201cCarrera A Paso de Campeones\u201d en el Centro Deportivo Parque Erick Barrondo, pista de Atletismo. Alrededor de 200 personas con y sin discapacidad, el evento deportivo fue organizado por el Eje de Participaci\u00f3n Ciudadana del CONADI.<\/p>\n\n\n\n<p>La actividad inici\u00f3 un acto&nbsp;&nbsp;protocolario donde participaron por el CONADI Karina Rodr\u00edguez, vocal de Junta Directiva; Alejandro Mar\u00edn, director institucional. Asimismo,&nbsp;&nbsp;Natanael Rodr\u00edguez, jefe de Programas de Sustantivas del Ministerio de Cultura y Deportes (MICUDE), Jos\u00e9 P\u00e9rez de la Comisi\u00f3n Presidencial por la Paz y los Derechos Humanos (COPADEH) y Mariam Herrera, representante de la Direcci\u00f3n de Prevenci\u00f3n del Delito del Ministerio de Gobernaci\u00f3n (MINGOB).<\/p>\n\n\n\n<p>Previo a la carrera, todas y todos los participantes realizaron calentamiento con baile latino a cargo del instructor Victor Alvares, instructor usuario de silla de ruedas del MICUDE.<\/p>\n\n\n\n<p>Aproximadamente, 200 personas con discapacidad visual, f\u00edsica,&nbsp;&nbsp;auditiva e intelectual participaron con emoci\u00f3n y alegr\u00eda en la carrera, al finalizar cada participante recibi\u00f3 su medalla conmemorativa.<\/p>\n\n\n\n<p><strong>Foro \u201cMujeres con Discapacidad Exponiendo Desaf\u00edos\u201d<\/strong><\/p>\n\n\n\n<p>La visibilizaci\u00f3n&nbsp;&nbsp;de las ni\u00f1as y mujeres con discapacidad es importante para mermar la brecha de desigualdades en el cumplimiento de derechos.&nbsp;&nbsp;Las mujeres ind\u00edgenas con discapacidad, es uno de los sectores mayormente vulnerable en las comunidades.&nbsp;&nbsp;La sociedad debe reconocer que las mujeres con discapacidad son capaces de romper las barreras sociales. Estas fueron las conclusiones del foro \u201cMujeres con Discapacidad Exponiendo Desaf\u00edos\u201d.<\/p>\n\n\n\n<p>Como panelistas se cont\u00f3 con la participaci\u00f3n de Clarivel Castillo, fundadora de Rett Guatemala y presidenta del CONADI; Dolmary Nicol\u00e1s, invitada de ONU Mujeres y t\u00e9cnico del CONADI y Flor de Mar\u00eda Castillo, coordinadora de la Comisi\u00f3n Departamental de Discapacidad (CODEDIS) de Huehuetenango y como moderadora Karen Ponciano Castellanos, vicedecana de la Facultad de Humanidad de la Universidad Rafael Land\u00edvar.<\/p>\n\n\n\n<p>Este foro fue realizado en el marco del D\u00eda Internacional de la Eliminaci\u00f3n de la Violencia contra la Mujer y del D\u00eda Internacional de las Personas con Discapacidad, fue organizado el CONADI con el apoyo de Embajada de Costa Rica, ONU Mujeres y Universidad Rafael Land\u00edvar.<\/p>\n\n\n\n<p><strong>\u201cPresentaci\u00f3n y socializaci\u00f3n de instrumento t\u00e9cnico para el monitoreo y evaluaci\u00f3n de la Pol\u00edtica Nacional en Discapacidad\u201d<\/strong><\/p>\n\n\n\n<p>Socializar una herramienta que permita monitorear y evaluar las acciones implementadas por las instituciones del sector p\u00fablico, es el objetivo de la \u201cPresentaci\u00f3n y socializaci\u00f3n de instrumento t\u00e9cnico para el monitoreo y evaluaci\u00f3n de la Pol\u00edtica Nacional en Discapacidad\u201d, que constituye una aspecto medular para establecer el nivel de alcance y cumplimiento del marco normativo nacional e internacional en discapacidad adoptado por el Estado de Guatemala.<\/p>\n\n\n\n<p>Se dieron a conocer las estad\u00edsticas sobre condiciones de personas con discapacidad a nivel nacional, contexto de la Pol\u00edtica Nacional en Discapacidad, importancia de la evaluaci\u00f3n de las pol\u00edticas p\u00fablicas e instrumento para monitoreo y evaluaci\u00f3n de la Pol\u00edtica Nacional en Discapacidad.<\/p>\n","protected":false},"excerpt":{"rendered":"<p>Para continuar promoviendo el cumplimiento de los derechos de las personas con discapacidad el Consejo Nacional para la Atenci\u00f3n de las Personas con Discapacidad (CONADI), realiz\u00f3 una semana con varias actividades en el marco del 3 de diciembre \u201cD\u00eda Internacional de las Personas con Discapacidad\u201d,&nbsp;&nbsp;En este contexto, se promovi\u00f3 la consigna fue:&nbsp;\u201cLa Nueva Normalidad, es &hellip; <\/p>\n<p class=\"link-more\"><a href=\"https:\/\/conadi.gob.gt\/web\/el-conadi-realiza-actividades-alusivas-al-dia-internacional-de-las-personas-con-discapacidad\/\" class=\"more-link\">Leer m\u00e1s<span class=\"screen-reader-text\"> \u00abEL CONADI REALIZA ACTIVIDADES ALUSIVAS AL D\u00cdA INTERNACIONAL DE LAS PERSONAS CON DISCAPACIDAD\u00bb<\/span><\/a><\/p>\n","protected":false},"author":12,"featured_media":9883,"comment_status":"open","ping_status":"closed","sticky":false,"template":"","format":"standard","meta":{"footnotes":""},"categories":[3],"tags":[],"class_list":["post-9878","post","type-post","status-publish","format-standard","has-post-thumbnail","hentry","category-noticias"],"_links":{"self":[{"href":"https:\/\/conadi.gob.gt\/web\/wp-json\/wp\/v2\/posts\/9878","targetHints":{"allow":["GET"]}}],"collection":[{"href":"https:\/\/conadi.gob.gt\/web\/wp-json\/wp\/v2\/posts"}],"about":[{"href":"https:\/\/conadi.gob.gt\/web\/wp-json\/wp\/v2\/types\/post"}],"author":[{"embeddable":true,"href":"https:\/\/conadi.gob.gt\/web\/wp-json\/wp\/v2\/users\/12"}],"replies":[{"embeddable":true,"href":"https:\/\/conadi.gob.gt\/web\/wp-json\/wp\/v2\/comments?post=9878"}],"version-history":[{"count":3,"href":"https:\/\/conadi.gob.gt\/web\/wp-json\/wp\/v2\/posts\/9878\/revisions"}],"predecessor-version":[{"id":9884,"href":"https:\/\/conadi.gob.gt\/web\/wp-json\/wp\/v2\/posts\/9878\/revisions\/9884"}],"wp:featuredmedia":[{"embeddable":true,"href":"https:\/\/conadi.gob.gt\/web\/wp-json\/wp\/v2\/media\/9883"}],"wp:attachment":[{"href":"https:\/\/conadi.gob.gt\/web\/wp-json\/wp\/v2\/media?parent=9878"}],"wp:term":[{"taxonomy":"category","embeddable":true,"href":"https:\/\/conadi.gob.gt\/web\/wp-json\/wp\/v2\/categories?post=9878"},{"taxonomy":"post_tag","embeddable":true,"href":"https:\/\/conadi.gob.gt\/web\/wp-json\/wp\/v2\/tags?post=9878"}],"curies":[{"name":"wp","href":"https:\/\/api.w.org\/{rel}","templated":true}]}}